{"id":24675,"date":"2024-06-13T14:11:43","date_gmt":"2024-06-13T11:11:43","guid":{"rendered":"https:\/\/akdenizhaber.com.tr\/?p=24675"},"modified":"2024-06-13T14:11:44","modified_gmt":"2024-06-13T11:11:44","slug":"kocagoz-turkiyede-ornek-bir-belediyecilik-yapacagiz","status":"publish","type":"post","link":"https:\/\/akdenizhaber.com.tr\/index.php\/2024\/06\/13\/kocagoz-turkiyede-ornek-bir-belediyecilik-yapacagiz\/","title":{"rendered":"Kocag\u00f6z, \u201cT\u00fcrkiye\u2019de \u00f6rnek bir belediyecilik yapaca\u011f\u0131z\u201d"},"content":{"rendered":"\n<p>Antalya B\u00fcy\u00fck\u015fehir Belediyesi\u2019nin Haziran ay\u0131 Ola\u011fan Meclis Toplant\u0131s\u0131 \u00e7\u0131k\u0131\u015f\u0131nda bas\u0131n mensuplar\u0131n\u0131n sorular\u0131n\u0131 yan\u0131tlayan Kepez Belediye Ba\u015fkan\u0131 Mesut Kocag\u00f6z, \u201cKepez\u2019de 650 bin ki\u015fiye verdi\u011fimiz s\u00f6z\u00fc tutaca\u011f\u0131z. T\u00fcrkiye\u2019de \u00f6rnek bir belediyecilik yapaca\u011f\u0131z.\u201d dedi.<\/p>\n\n\n\n<p>Kepez Belediye Ba\u015fkan\u0131 Mesut Kocag\u00f6z, tahliye edildi\u011fi g\u00fcn\u00fc takiben Antalya B\u00fcy\u00fck\u015fehir Belediyesi Haziran ay\u0131 Ola\u011fan Meclis Toplant\u0131s\u0131\u2019na kat\u0131ld\u0131. Meclis salonuna alk\u0131\u015flar aras\u0131nda giren Ba\u015fkan Kocag\u00f6z, toplant\u0131 \u00e7\u0131k\u0131\u015f\u0131nda bas\u0131n mensuplar\u0131n\u0131n sorular\u0131n\u0131 yan\u0131tlad\u0131. Duygu ve d\u00fc\u015f\u00fcncelerini dile getiren Kepez Belediye Ba\u015fkan\u0131 Mesut Kocag\u00f6z, Kepez\u2019de hayata ge\u00e7irilecek projelere de\u011findi. Bir bas\u0131n mensubunun \u201cNeler hissediyorsunuz? \u201dsorusu \u00fczerine Ba\u015fkan Kocag\u00f6z, \u201c\u00c7ok mutluyum. Ben her zaman T\u00fcrk adaletine g\u00fcvendim. Sonucun b\u00f6yle olaca\u011f\u0131n\u0131 biliyordum.\u201d dedi.<\/p>\n\n\n\n<p>\u00d6ZG\u00dcRL\u00dcK \u00c7OK DE\u011eERL\u0130<\/p>\n\n\n\n<p>31 Mart Yerel se\u00e7imleri nedeniyle ANE TA.\u015e.\u2019deki g\u00f6revinden istifa etti\u011fini hat\u0131rlatan Ba\u015fkan Kocag\u00f6z, \u201cBenim istifamdan 4,5 ay sonra teleferik kazas\u0131 oldu. Olay gecesi sabahlara kadar say\u0131n Valimizle ve B\u00fcy\u00fck\u015fehir Belediye Ba\u015fkan\u0131m\u0131zla beraber krizi y\u00f6nettik. Ama hayatta her \u015feyi ya\u015famak var. Bu s\u00fcre\u00e7te \u015funu g\u00f6rd\u00fcm. \u00d6zg\u00fcrl\u00fck ger\u00e7ekten \u00e7ok de\u011ferli, hava gibi, su gibi \u00e7ok k\u0131ymetli\u2026 Sesinizi duyuram\u0131yorsunuz, kendinizi \u00e7aresiz hissediyorsunuz. T\u00fcrk adaletine her zaman g\u00fcveniyoruz.\u201d diye konu\u015ftu.<\/p>\n\n\n\n<p>KEPEZ\u2019DE 650 B\u0130N K\u0130\u015e\u0130YE S\u00d6Z\u00dcM\u00dcZ\u00dc TUTACA\u011eIZ<\/p>\n\n\n\n<p>Kepez\u2019de uygulamaya ge\u00e7irecekleri projelere de de\u011finen Ba\u015fkan Kocag\u00f6z, \u201cKepez i\u00e7in 105 proje haz\u0131rlad\u0131k. Bu projelerimize 2 ay gecikmeli ba\u015fl\u0131yoruz. Araya iki bayram girdi. Meclis \u00fcyesi arkada\u015flar\u0131m\u0131zla beraber Kepez\u2019de 650 bin ki\u015fiye verdi\u011fimiz s\u00f6z\u00fc tutaca\u011f\u0131z. T\u00fcrkiye\u2019de \u00f6rnek bir belediyecilik yapaca\u011f\u0131z. \u0130lk de\u011fil ama, e\u015f zamanl\u0131 bir \u00e7ok projeyi hayata ge\u00e7irece\u011fiz. \u201c dedi.<\/p>\n\n\n\n<p>Kepez Belediyesi \/ B\u00fclten<\/p>\n","protected":false},"excerpt":{"rendered":"<p>Antalya B\u00fcy\u00fck\u015fehir Belediyesi\u2019nin Haziran ay\u0131 Ola\u011fan Meclis Toplant\u0131s\u0131 \u00e7\u0131k\u0131\u015f\u0131nda bas\u0131n mensuplar\u0131n\u0131n sorular\u0131n\u0131 yan\u0131tlayan Kepez Belediye Ba\u015fkan\u0131 Mesut Kocag\u00f6z, \u201cKepez\u2019de 650 bin ki\u015fiye verdi\u011fimiz s\u00f6z\u00fc tutaca\u011f\u0131z. <a href=\"https:\/\/akdenizhaber.com.tr\/index.php\/2024\/06\/13\/kocagoz-turkiyede-ornek-bir-belediyecilik-yapacagiz\/\" class=\"read-more-link\">[more&#8230;]<\/a><\/p>\n","protected":false},"author":2,"featured_media":24676,"comment_status":"open","ping_status":"open","sticky":false,"template":"","format":"standard","meta":{"footnotes":""},"categories":[2],"tags":[],"class_list":["post-24675","post","type-post","status-publish","format-standard","has-post-thumbnail","hentry","category-gundem"],"_links":{"self":[{"href":"https:\/\/akdenizhaber.com.tr\/index.php\/wp-json\/wp\/v2\/posts\/24675","targetHints":{"allow":["GET"]}}],"collection":[{"href":"https:\/\/akdenizhaber.com.tr\/index.php\/wp-json\/wp\/v2\/posts"}],"about":[{"href":"https:\/\/akdenizhaber.com.tr\/index.php\/wp-json\/wp\/v2\/types\/post"}],"author":[{"embeddable":true,"href":"https:\/\/akdenizhaber.com.tr\/index.php\/wp-json\/wp\/v2\/users\/2"}],"replies":[{"embeddable":true,"href":"https:\/\/akdenizhaber.com.tr\/index.php\/wp-json\/wp\/v2\/comments?post=24675"}],"version-history":[{"count":1,"href":"https:\/\/akdenizhaber.com.tr\/index.php\/wp-json\/wp\/v2\/posts\/24675\/revisions"}],"predecessor-version":[{"id":24677,"href":"https:\/\/akdenizhaber.com.tr\/index.php\/wp-json\/wp\/v2\/posts\/24675\/revisions\/24677"}],"wp:featuredmedia":[{"embeddable":true,"href":"https:\/\/akdenizhaber.com.tr\/index.php\/wp-json\/wp\/v2\/media\/24676"}],"wp:attachment":[{"href":"https:\/\/akdenizhaber.com.tr\/index.php\/wp-json\/wp\/v2\/media?parent=24675"}],"wp:term":[{"taxonomy":"category","embeddable":true,"href":"https:\/\/akdenizhaber.com.tr\/index.php\/wp-json\/wp\/v2\/categories?post=24675"},{"taxonomy":"post_tag","embeddable":true,"href":"https:\/\/akdenizhaber.com.tr\/index.php\/wp-json\/wp\/v2\/tags?post=24675"}],"curies":[{"name":"wp","href":"https:\/\/api.w.org\/{rel}","templated":true}]}}