{"id":24672,"date":"2024-06-13T14:11:12","date_gmt":"2024-06-13T11:11:12","guid":{"rendered":"https:\/\/akdenizhaber.com.tr\/?p=24672"},"modified":"2024-06-13T14:11:13","modified_gmt":"2024-06-13T11:11:13","slug":"kepez-zabitasindan-bayram-denetimi","status":"publish","type":"post","link":"https:\/\/akdenizhaber.com.tr\/index.php\/2024\/06\/13\/kepez-zabitasindan-bayram-denetimi\/","title":{"rendered":"Kepez Zab\u0131tas\u0131\u2019ndan bayram denetimi"},"content":{"rendered":"\n<p>Kepez Belediyesi Zab\u0131ta M\u00fcd\u00fcrl\u00fc\u011f\u00fc ekipleri, Kurban Bayram\u0131 \u00f6ncesinde f\u0131r\u0131n, pastane, &nbsp;tatl\u0131 imalat\u0131 ve sat\u0131\u015f\u0131 yapan i\u015f yerlerine y\u00f6nelik denetimlerini art\u0131rd\u0131.<\/p>\n\n\n\n<p>Kurban Bayram\u0131na say\u0131l\u0131 g\u00fcnler kala Kepez Belediyesi, g\u0131da \u00fcr\u00fcnlerinin hijyenik ve sa\u011fl\u0131kl\u0131 ko\u015fullarda t\u00fcketiciye ula\u015f\u0131m\u0131n\u0131 sa\u011flamak amac\u0131yla denetimlerini s\u0131k\u0131la\u015ft\u0131rd\u0131. Zab\u0131ta M\u00fcd\u00fcrl\u00fc\u011f\u00fc ekipleri, il\u00e7enin d\u00f6rt bir yan\u0131nda f\u0131r\u0131n, pastane,&nbsp; tatl\u0131 imalat\u0131 ve sat\u0131\u015f\u0131 yapan i\u015f yerlerinde denetimler ger\u00e7ekle\u015ftirdi. \u00d6zellikle bayramlar\u0131n vazge\u00e7ilmez lezzeti olan tatl\u0131 ve \u015fekerleme \u00fcr\u00fcnlerinin \u00fczerinde yo\u011funla\u015fan denetimlerde, bir\u00e7ok kriter titizlikle incelendi. \u0130\u015fyerlerinin ruhsatl\u0131 olup olmad\u0131\u011f\u0131 kontrol edildi. Hijyen ko\u015fullar\u0131, \u00fcr\u00fcnlerin fiyat etiketleri, gramajlar\u0131n standartlara uygunlu\u011fu, son kullanma tarihleri de denetimin \u00f6nemli bir par\u00e7as\u0131n\u0131 olu\u015fturdu. Zab\u0131ta ekipleri, kurallara uymayan esnaf\u0131 uyararak, eksikliklerin giderilmesi i\u00e7in gerekli tedbirlerin al\u0131nmas\u0131n\u0131 istedi. Kepez Belediyesi yetkilileri, vatanda\u015flar\u0131n sa\u011fl\u0131kl\u0131 ve g\u00fcvenli g\u0131dalara daha rahat ula\u015fabilmesi i\u00e7in bu t\u00fcr denetimlerin her zaman oldu\u011fu gibi bayram sonras\u0131nda da devam edece\u011fini bildirdi.<\/p>\n\n\n\n<p>Kepez Belediyesi \/ B\u00fclten<\/p>\n","protected":false},"excerpt":{"rendered":"<p>Kepez Belediyesi Zab\u0131ta M\u00fcd\u00fcrl\u00fc\u011f\u00fc ekipleri, Kurban Bayram\u0131 \u00f6ncesinde f\u0131r\u0131n, pastane, &nbsp;tatl\u0131 imalat\u0131 ve sat\u0131\u015f\u0131 yapan i\u015f yerlerine y\u00f6nelik denetimlerini art\u0131rd\u0131. Kurban Bayram\u0131na say\u0131l\u0131 g\u00fcnler kala <a href=\"https:\/\/akdenizhaber.com.tr\/index.php\/2024\/06\/13\/kepez-zabitasindan-bayram-denetimi\/\" class=\"read-more-link\">[more&#8230;]<\/a><\/p>\n","protected":false},"author":2,"featured_media":24673,"comment_status":"open","ping_status":"open","sticky":false,"template":"","format":"standard","meta":{"footnotes":""},"categories":[2],"tags":[],"class_list":["post-24672","post","type-post","status-publish","format-standard","has-post-thumbnail","hentry","category-gundem"],"_links":{"self":[{"href":"https:\/\/akdenizhaber.com.tr\/index.php\/wp-json\/wp\/v2\/posts\/24672","targetHints":{"allow":["GET"]}}],"collection":[{"href":"https:\/\/akdenizhaber.com.tr\/index.php\/wp-json\/wp\/v2\/posts"}],"about":[{"href":"https:\/\/akdenizhaber.com.tr\/index.php\/wp-json\/wp\/v2\/types\/post"}],"author":[{"embeddable":true,"href":"https:\/\/akdenizhaber.com.tr\/index.php\/wp-json\/wp\/v2\/users\/2"}],"replies":[{"embeddable":true,"href":"https:\/\/akdenizhaber.com.tr\/index.php\/wp-json\/wp\/v2\/comments?post=24672"}],"version-history":[{"count":1,"href":"https:\/\/akdenizhaber.com.tr\/index.php\/wp-json\/wp\/v2\/posts\/24672\/revisions"}],"predecessor-version":[{"id":24674,"href":"https:\/\/akdenizhaber.com.tr\/index.php\/wp-json\/wp\/v2\/posts\/24672\/revisions\/24674"}],"wp:featuredmedia":[{"embeddable":true,"href":"https:\/\/akdenizhaber.com.tr\/index.php\/wp-json\/wp\/v2\/media\/24673"}],"wp:attachment":[{"href":"https:\/\/akdenizhaber.com.tr\/index.php\/wp-json\/wp\/v2\/media?parent=24672"}],"wp:term":[{"taxonomy":"category","embeddable":true,"href":"https:\/\/akdenizhaber.com.tr\/index.php\/wp-json\/wp\/v2\/categories?post=24672"},{"taxonomy":"post_tag","embeddable":true,"href":"https:\/\/akdenizhaber.com.tr\/index.php\/wp-json\/wp\/v2\/tags?post=24672"}],"curies":[{"name":"wp","href":"https:\/\/api.w.org\/{rel}","templated":true}]}}