{"id":24668,"date":"2024-06-13T14:09:01","date_gmt":"2024-06-13T11:09:01","guid":{"rendered":"https:\/\/akdenizhaber.com.tr\/?p=24668"},"modified":"2024-06-13T14:10:42","modified_gmt":"2024-06-13T11:10:42","slug":"buyuksehirden-uc-noktada-ucretsiz-kurban-kesimi","status":"publish","type":"post","link":"https:\/\/akdenizhaber.com.tr\/index.php\/2024\/06\/13\/buyuksehirden-uc-noktada-ucretsiz-kurban-kesimi\/","title":{"rendered":"B\u00fcy\u00fck\u015fehir\u2019den \u00fc\u00e7 noktada \u00fccretsiz kurban kesimi"},"content":{"rendered":"\n<p>Antalya B\u00fcy\u00fck\u015fehir Belediyesi, bu y\u0131l da Kurban Bayram\u0131 nedeniyle \u00fccretsiz kurban kesim hizmeti verecek. So\u011fuksu Mahallesi Per\u015fembe Pazar\u0131, Ye\u015filbah\u00e7e Mahallesi Kapal\u0131 \u00c7ar\u015famba Pazar\u0131 ve D\u00f6\u015femealt\u0131 K\u00f6m\u00fcrc\u00fcler Hayvan Pazar\u0131\u2019nda Bayram\u0131n 1\u2019nci ve 2\u2019inci g\u00fcnlerinde veteriner hekim kontrol\u00fcnde \u00fccretsiz kurban kesimi yap\u0131lacak.<\/p>\n\n\n\n<p>B\u00fcy\u00fck\u015fehir Belediyesi Tar\u0131msal Hizmetler Dairesi Ba\u015fkanl\u0131\u011f\u0131na K\u0131rsal Kalk\u0131nma ve Kooperatif\u00e7ilik \u015eube M\u00fcd\u00fcrl\u00fc\u011f\u00fc, Kurban Bayram\u0131&#8217;nda vatanda\u015flar\u0131n hijyenik ve sa\u011fl\u0131kl\u0131 ko\u015fullarda kurban kesim hizmeti almas\u0131 i\u00e7in 3 ayr\u0131 noktada kesim yeri belirledi. Vatanda\u015flar D\u00f6\u015femealt\u0131 K\u00f6m\u00fcrc\u00fcler Mahallesi\u2019nde bulunan Hayvan Pazar\u0131 ile Muratpa\u015fa \u0130l\u00e7esi So\u011fuksu Mahallesi Per\u015fembe Pazar\u0131 ve Ye\u015filbah\u00e7e Mahallesi Kapal\u0131 \u00c7ar\u015famba Pazar\u0131&#8217;nda, Bayram\u0131n 1&#8217;inci ve 2&#8217;nci g\u00fcnlerinde \u00fccretsiz kurban kesim hizmetinden yararlanabilecek. B\u00fcy\u00fck\u015fehir Belediyesi&#8217;nin Serik ve Ka\u015f-Demre kesimhaneleri de bayram\u0131n birinci ve ikinci g\u00fcn\u00fcnde b\u00fcy\u00fckba\u015f hayvanlar\u0131n kesimi i\u00e7in vatanda\u015flar\u0131n kullan\u0131m\u0131na a\u00e7\u0131k olacak.<\/p>\n\n\n\n<p>USTA KASAPLAR H\u0130ZMET VERECEK<\/p>\n\n\n\n<p>Tar\u0131msal Hizmetler Dairesi Ba\u015fkanl\u0131\u011f\u0131nda g\u00f6revli veteriner hekim Fatih Alkan, vatanda\u015flar\u0131n kurbanl\u0131klar\u0131n\u0131 veterinerler kontrol\u00fcnde usta kasaplarla, kurbanl\u0131\u011f\u0131 kesip po\u015fetlenmi\u015f \u015fekilde sahibine teslim edeceklerini belirtti. Alkan, ayr\u0131ca kesim yerlerinde kesim \u00f6ncesi ve sonras\u0131nda ortaya \u00e7\u0131kacak kurban at\u0131klar\u0131 nedeniyle g\u00fcn i\u00e7inde s\u0131kl\u0131kla temizlenece\u011fini ve dezenfekte edilece\u011fini s\u00f6yledi.<\/p>\n\n\n\n<p>HAYVAN YAKALAMA T\u0130M\u0130<\/p>\n\n\n\n<p><a><\/a>Kurban Bayram\u0131\u2019nda ka\u00e7an hayvanlar\u0131n zarar g\u00f6rmeden yakalanabilmesi ve kontrol alt\u0131na al\u0131nabilmesi i\u00e7in \u2018Hayvan Yakalama Timi\u2019 de bayram s\u00fcresince g\u00f6rev yapacak. Vatanda\u015flar olu\u015fturulan \u201cHayvan Yakalama Timi\u201dne Alo Zab\u0131ta 153,&nbsp; 0242 332 22 33 ve ya 444 94 20 NO\u2019lu AB\u0130M hatt\u0131ndan ula\u015farak yard\u0131m isteyebilecek.<\/p>\n\n\n\n<p>Antalya B\u00fcy\u00fck\u015fehir Belediyesi \/ B\u00fclten<\/p>\n","protected":false},"excerpt":{"rendered":"<p>Antalya B\u00fcy\u00fck\u015fehir Belediyesi, bu y\u0131l da Kurban Bayram\u0131 nedeniyle \u00fccretsiz kurban kesim hizmeti verecek. So\u011fuksu Mahallesi Per\u015fembe Pazar\u0131, Ye\u015filbah\u00e7e Mahallesi Kapal\u0131 \u00c7ar\u015famba Pazar\u0131 ve D\u00f6\u015femealt\u0131 <a href=\"https:\/\/akdenizhaber.com.tr\/index.php\/2024\/06\/13\/buyuksehirden-uc-noktada-ucretsiz-kurban-kesimi\/\" class=\"read-more-link\">[more&#8230;]<\/a><\/p>\n","protected":false},"author":2,"featured_media":24671,"comment_status":"open","ping_status":"open","sticky":false,"template":"","format":"standard","meta":{"footnotes":""},"categories":[2],"tags":[],"class_list":["post-24668","post","type-post","status-publish","format-standard","has-post-thumbnail","hentry","category-gundem"],"_links":{"self":[{"href":"https:\/\/akdenizhaber.com.tr\/index.php\/wp-json\/wp\/v2\/posts\/24668","targetHints":{"allow":["GET"]}}],"collection":[{"href":"https:\/\/akdenizhaber.com.tr\/index.php\/wp-json\/wp\/v2\/posts"}],"about":[{"href":"https:\/\/akdenizhaber.com.tr\/index.php\/wp-json\/wp\/v2\/types\/post"}],"author":[{"embeddable":true,"href":"https:\/\/akdenizhaber.com.tr\/index.php\/wp-json\/wp\/v2\/users\/2"}],"replies":[{"embeddable":true,"href":"https:\/\/akdenizhaber.com.tr\/index.php\/wp-json\/wp\/v2\/comments?post=24668"}],"version-history":[{"count":1,"href":"https:\/\/akdenizhaber.com.tr\/index.php\/wp-json\/wp\/v2\/posts\/24668\/revisions"}],"predecessor-version":[{"id":24669,"href":"https:\/\/akdenizhaber.com.tr\/index.php\/wp-json\/wp\/v2\/posts\/24668\/revisions\/24669"}],"wp:featuredmedia":[{"embeddable":true,"href":"https:\/\/akdenizhaber.com.tr\/index.php\/wp-json\/wp\/v2\/media\/24671"}],"wp:attachment":[{"href":"https:\/\/akdenizhaber.com.tr\/index.php\/wp-json\/wp\/v2\/media?parent=24668"}],"wp:term":[{"taxonomy":"category","embeddable":true,"href":"https:\/\/akdenizhaber.com.tr\/index.php\/wp-json\/wp\/v2\/categories?post=24668"},{"taxonomy":"post_tag","embeddable":true,"href":"https:\/\/akdenizhaber.com.tr\/index.php\/wp-json\/wp\/v2\/tags?post=24668"}],"curies":[{"name":"wp","href":"https:\/\/api.w.org\/{rel}","templated":true}]}}