{"id":24653,"date":"2024-06-10T14:33:12","date_gmt":"2024-06-10T11:33:12","guid":{"rendered":"https:\/\/akdenizhaber.com.tr\/?p=24653"},"modified":"2024-06-10T14:33:13","modified_gmt":"2024-06-10T11:33:13","slug":"dalsin-kizlar-etkinligi-duzenlendi","status":"publish","type":"post","link":"https:\/\/akdenizhaber.com.tr\/index.php\/2024\/06\/10\/dalsin-kizlar-etkinligi-duzenlendi\/","title":{"rendered":"\u201cDals\u0131n K\u0131zlar\u201d Etkinli\u011fi D\u00fczenlendi"},"content":{"rendered":"\n<p>T\u00fcrkiye\u2019de ikinci defa ger\u00e7ekle\u015ftirilen \u201cDals\u0131n K\u0131zlar\u201d su alt\u0131 etkinli\u011fine bu y\u0131l Side ev sahipli\u011fi yapt\u0131.<\/p>\n\n\n\n<p>Manavgat Belediyesi, \u0130l K\u00fclt\u00fcr ve Turizm M\u00fcd\u00fcrl\u00fc\u011f\u00fc ve NERE\u0130DS Dal\u0131\u015f Merkezi\u2019nin destekleriyle, \u201cBir Bakm\u0131\u015fs\u0131n Dalg\u0131\u00e7 Olmu\u015fsun\u201d mottosuyla, Gaye D\u00fclger\u2019in \u00f6nc\u00fcl\u00fc\u011f\u00fcnde 15 ya\u015f \u00fczeri 90 kad\u0131n, sertifikal\u0131 kad\u0131n dalg\u0131\u00e7lar\u0131n rehberli\u011finde su alt\u0131 d\u00fcnyas\u0131n\u0131 ke\u015ffetti.<\/p>\n\n\n\n<p>Akreditasyon ve oryantasyon ile ba\u015flayan etkinlik, yap\u0131lan dal\u0131\u015flar ve \u00f6d\u00fcl t\u00f6reniyle sona erdi. \u00d6d\u00fcl t\u00f6renine, Manavgat Belediye Ba\u015fkan\u0131 Niyazi Nefi Kara ve belediye ba\u015fkan yard\u0131mc\u0131s\u0131 Engin T\u00fcter de kat\u0131ld\u0131.<\/p>\n\n\n\n<p>Bir k\u0131sm\u0131 daha \u00f6nce hi\u00e7 profesyonel dal\u0131\u015f yapmam\u0131\u015f yakla\u015f\u0131k 90 kad\u0131n su alt\u0131n\u0131 ke\u015ffetme imkan\u0131 yakalad\u0131. D\u00fcnyan\u0131n en b\u00fcy\u00fck ikinci su alt\u0131 m\u00fczesini olan Side Sualt\u0131 M\u00fczesi\u2019ne ba\u015flayan dal\u0131\u015flar, gruplar halinde devam etti.<\/p>\n\n\n\n<p>&#8220;Dals\u0131n K\u0131zlar&#8221; etkinli\u011fi, kad\u0131nlar\u0131n su alt\u0131 deneyimlerini artt\u0131rarak dal\u0131\u015f sporuna olan ilgiyi art\u0131rmay\u0131 hedefliyor. Ayr\u0131ca, T\u00fcrkiye&#8217;nin su alt\u0131 zenginliklerini tan\u0131tmak ve korumak amac\u0131yla da \u00f6nemli bir platform sa\u011fl\u0131yor. Etkinli\u011fe kat\u0131lan kad\u0131nlar, sualt\u0131 d\u00fcnyas\u0131n\u0131n gizemli g\u00fczelliklerini ke\u015ffetmenin yan\u0131 s\u0131ra, deneyimli dalg\u0131\u00e7lar e\u015fli\u011finde g\u00fcvenli bir \u015fekilde dal\u0131\u015f yapma f\u0131rsat\u0131 buldular. Kat\u0131l\u0131mc\u0131lar, Side Sualt\u0131 M\u00fczesi&#8217;nin e\u015fsiz atmosferinde unutulmaz anlar ya\u015farken, ayn\u0131 zamanda su alt\u0131 d\u00fcnyas\u0131n\u0131n korunmas\u0131na ve s\u00fcrd\u00fcr\u00fclebilirli\u011fine dikkat \u00e7ektiler.<\/p>\n\n\n\n<p>Antik Tiyatro\u2019da sertifikalar\u0131n\u0131 ald\u0131lar<\/p>\n\n\n\n<p>Dal\u0131\u015flar\u0131n ard\u0131ndan Antik Side\u2019yi ke\u015ffetme imkan\u0131 bulan Dals\u0131n K\u0131zlar ekibi, bol bol hat\u0131ra foto\u011fraf\u0131 \u00e7ektirdi. Kat\u0131l\u0131mc\u0131lar sertifika ve plaketlerini tarihi Side Antik Tiyatro\u2019da ald\u0131lar. Manavgat Belediye Ba\u015fkan\u0131 Niyazi Nefi Kara\u2019ya da desteklerinden dolay\u0131 Gaye D\u00fclger taraf\u0131ndan plaket takdiminde bulunuldu. D\u00fclger, katk\u0131lar\u0131ndan dolay\u0131 Ba\u015fkan Kara\u2019ya te\u015fekk\u00fcr etti.<\/p>\n\n\n\n<p>\u201cManavgat\u2019a g\u00fczellik katt\u0131n\u0131z\u201d&nbsp;&nbsp;&nbsp;<\/p>\n\n\n\n<p>Plaket t\u00f6reninde konu\u015fan Manavgat Belediye Ba\u015fkan\u0131 Niyazi Nefi Kara, Manavgat\u2019a katk\u0131lar\u0131ndan dolay\u0131 Dals\u0131n K\u0131zlar ekibine ve kat\u0131l\u0131mc\u0131 kad\u0131nlara te\u015fekk\u00fcr etti. Ba\u015fkan Kara, \u201c\u0130kincisi d\u00fczenlenen bu organizasyonu Side\u2019de d\u00fczenledi\u011finiz i\u00e7in sizlere te\u015fekk\u00fcr ediyorum. Manavgat\u2019a, denizlerimize g\u00fczellik katt\u0131n\u0131z. Temiz bir deniz, temiz bir d\u00fcnya ve T\u00fcrkiye istiyoruz. Dilerim ki do\u011fayla bar\u0131\u015f\u0131k bir \u015fekilde ya\u015famay\u0131 herkese anlat\u0131r\u0131z. \u0130lerleyen d\u00f6nemde sizleri tekrar a\u011f\u0131rlamaktan mutluluk duyar\u0131z.\u201d ifadelerini kulland\u0131.<\/p>\n\n\n\n<p>Manavgat Belediyesi \/ B\u00fclten<\/p>\n","protected":false},"excerpt":{"rendered":"<p>T\u00fcrkiye\u2019de ikinci defa ger\u00e7ekle\u015ftirilen \u201cDals\u0131n K\u0131zlar\u201d su alt\u0131 etkinli\u011fine bu y\u0131l Side ev sahipli\u011fi yapt\u0131. Manavgat Belediyesi, \u0130l K\u00fclt\u00fcr ve Turizm M\u00fcd\u00fcrl\u00fc\u011f\u00fc ve NERE\u0130DS Dal\u0131\u015f <a href=\"https:\/\/akdenizhaber.com.tr\/index.php\/2024\/06\/10\/dalsin-kizlar-etkinligi-duzenlendi\/\" class=\"read-more-link\">[more&#8230;]<\/a><\/p>\n","protected":false},"author":2,"featured_media":24654,"comment_status":"open","ping_status":"open","sticky":false,"template":"","format":"standard","meta":{"footnotes":""},"categories":[2],"tags":[],"class_list":["post-24653","post","type-post","status-publish","format-standard","has-post-thumbnail","hentry","category-gundem"],"_links":{"self":[{"href":"https:\/\/akdenizhaber.com.tr\/index.php\/wp-json\/wp\/v2\/posts\/24653","targetHints":{"allow":["GET"]}}],"collection":[{"href":"https:\/\/akdenizhaber.com.tr\/index.php\/wp-json\/wp\/v2\/posts"}],"about":[{"href":"https:\/\/akdenizhaber.com.tr\/index.php\/wp-json\/wp\/v2\/types\/post"}],"author":[{"embeddable":true,"href":"https:\/\/akdenizhaber.com.tr\/index.php\/wp-json\/wp\/v2\/users\/2"}],"replies":[{"embeddable":true,"href":"https:\/\/akdenizhaber.com.tr\/index.php\/wp-json\/wp\/v2\/comments?post=24653"}],"version-history":[{"count":1,"href":"https:\/\/akdenizhaber.com.tr\/index.php\/wp-json\/wp\/v2\/posts\/24653\/revisions"}],"predecessor-version":[{"id":24655,"href":"https:\/\/akdenizhaber.com.tr\/index.php\/wp-json\/wp\/v2\/posts\/24653\/revisions\/24655"}],"wp:featuredmedia":[{"embeddable":true,"href":"https:\/\/akdenizhaber.com.tr\/index.php\/wp-json\/wp\/v2\/media\/24654"}],"wp:attachment":[{"href":"https:\/\/akdenizhaber.com.tr\/index.php\/wp-json\/wp\/v2\/media?parent=24653"}],"wp:term":[{"taxonomy":"category","embeddable":true,"href":"https:\/\/akdenizhaber.com.tr\/index.php\/wp-json\/wp\/v2\/categories?post=24653"},{"taxonomy":"post_tag","embeddable":true,"href":"https:\/\/akdenizhaber.com.tr\/index.php\/wp-json\/wp\/v2\/tags?post=24653"}],"curies":[{"name":"wp","href":"https:\/\/api.w.org\/{rel}","templated":true}]}}