{"id":24626,"date":"2024-06-10T14:06:54","date_gmt":"2024-06-10T11:06:54","guid":{"rendered":"https:\/\/akdenizhaber.com.tr\/?p=24626"},"modified":"2024-06-10T14:06:55","modified_gmt":"2024-06-10T11:06:55","slug":"buyuksehirden-halk-otobuslerine-klima-denetimi","status":"publish","type":"post","link":"https:\/\/akdenizhaber.com.tr\/index.php\/2024\/06\/10\/buyuksehirden-halk-otobuslerine-klima-denetimi\/","title":{"rendered":"B\u00fcy\u00fck\u015fehir\u2019den halk otob\u00fcslerine klima denetimi"},"content":{"rendered":"\n<p>Antalya B\u00fcy\u00fck\u015fehir Belediyesi Ula\u015f\u0131m Zab\u0131tas\u0131 trafik ekipleri, halk otob\u00fcslerinde klima denetimlerini aral\u0131ks\u0131z s\u00fcrd\u00fcr\u00fcyor. Ekipler, otob\u00fcsleri tek tek durdurarak, klimalar\u0131n a\u00e7\u0131k olup olmad\u0131\u011f\u0131n\u0131 kontrol ediyor.<\/p>\n\n\n\n<p>Antalya\u2019da son g\u00fcnlerde artan s\u0131cak hava ile birlikte Antalya B\u00fcy\u00fck\u015fehir Belediyesi Ula\u015f\u0131m Zab\u0131tas\u0131 trafik ekipleri, halk otob\u00fcslerine y\u00f6nelik s\u0131k\u0131 denetimler ger\u00e7ekle\u015ftiriyor. Kentin \u00e7e\u015fitli noktalar\u0131nda yap\u0131lan uygulamada Ula\u015f\u0131m Zab\u0131tas\u0131 ve trafik ekipleri, duraklarda otob\u00fcsleri durdurarak tek tek otob\u00fcslere binerek klimalar\u0131 kontrol ediyor.<\/p>\n\n\n\n<p>KL\u0130MASI KAPALI OTOB\u00dcSLERE CEZA UYGULANIYOR<\/p>\n\n\n\n<p>Klimas\u0131 kapal\u0131 olan otob\u00fcsler plakalar\u0131 al\u0131narak tespit edilirken, ar\u0131za bildiren ara\u00e7lar ar\u0131zas\u0131 giderilene dek sefer d\u0131\u015f\u0131 b\u0131rak\u0131ld\u0131. Klima ar\u0131zas\u0131 bildiren otob\u00fcslere sefer sonunda ar\u0131zas\u0131n\u0131 gidermesi noktas\u0131nda uyar\u0131da bulunuldu. Hi\u00e7bir ar\u0131zas\u0131 olmad\u0131\u011f\u0131 halde klima a\u00e7madan yolculuk yapan otob\u00fcsler tespit edilerek cezai i\u015flem uyguland\u0131.<\/p>\n\n\n\n<p>Antalya B\u00fcy\u00fck\u015fehir Belediyesi \/ B\u00fclten<\/p>\n","protected":false},"excerpt":{"rendered":"<p>Antalya B\u00fcy\u00fck\u015fehir Belediyesi Ula\u015f\u0131m Zab\u0131tas\u0131 trafik ekipleri, halk otob\u00fcslerinde klima denetimlerini aral\u0131ks\u0131z s\u00fcrd\u00fcr\u00fcyor. Ekipler, otob\u00fcsleri tek tek durdurarak, klimalar\u0131n a\u00e7\u0131k olup olmad\u0131\u011f\u0131n\u0131 kontrol ediyor. Antalya\u2019da <a href=\"https:\/\/akdenizhaber.com.tr\/index.php\/2024\/06\/10\/buyuksehirden-halk-otobuslerine-klima-denetimi\/\" class=\"read-more-link\">[more&#8230;]<\/a><\/p>\n","protected":false},"author":2,"featured_media":24627,"comment_status":"open","ping_status":"open","sticky":false,"template":"","format":"standard","meta":{"footnotes":""},"categories":[2],"tags":[],"class_list":["post-24626","post","type-post","status-publish","format-standard","has-post-thumbnail","hentry","category-gundem"],"_links":{"self":[{"href":"https:\/\/akdenizhaber.com.tr\/index.php\/wp-json\/wp\/v2\/posts\/24626","targetHints":{"allow":["GET"]}}],"collection":[{"href":"https:\/\/akdenizhaber.com.tr\/index.php\/wp-json\/wp\/v2\/posts"}],"about":[{"href":"https:\/\/akdenizhaber.com.tr\/index.php\/wp-json\/wp\/v2\/types\/post"}],"author":[{"embeddable":true,"href":"https:\/\/akdenizhaber.com.tr\/index.php\/wp-json\/wp\/v2\/users\/2"}],"replies":[{"embeddable":true,"href":"https:\/\/akdenizhaber.com.tr\/index.php\/wp-json\/wp\/v2\/comments?post=24626"}],"version-history":[{"count":1,"href":"https:\/\/akdenizhaber.com.tr\/index.php\/wp-json\/wp\/v2\/posts\/24626\/revisions"}],"predecessor-version":[{"id":24628,"href":"https:\/\/akdenizhaber.com.tr\/index.php\/wp-json\/wp\/v2\/posts\/24626\/revisions\/24628"}],"wp:featuredmedia":[{"embeddable":true,"href":"https:\/\/akdenizhaber.com.tr\/index.php\/wp-json\/wp\/v2\/media\/24627"}],"wp:attachment":[{"href":"https:\/\/akdenizhaber.com.tr\/index.php\/wp-json\/wp\/v2\/media?parent=24626"}],"wp:term":[{"taxonomy":"category","embeddable":true,"href":"https:\/\/akdenizhaber.com.tr\/index.php\/wp-json\/wp\/v2\/categories?post=24626"},{"taxonomy":"post_tag","embeddable":true,"href":"https:\/\/akdenizhaber.com.tr\/index.php\/wp-json\/wp\/v2\/tags?post=24626"}],"curies":[{"name":"wp","href":"https:\/\/api.w.org\/{rel}","templated":true}]}}