{"id":24623,"date":"2024-06-10T14:06:15","date_gmt":"2024-06-10T11:06:15","guid":{"rendered":"https:\/\/akdenizhaber.com.tr\/?p=24623"},"modified":"2024-06-10T14:06:16","modified_gmt":"2024-06-10T11:06:16","slug":"ismet-inonu-parki-yenilendi","status":"publish","type":"post","link":"https:\/\/akdenizhaber.com.tr\/index.php\/2024\/06\/10\/ismet-inonu-parki-yenilendi\/","title":{"rendered":"\u0130smet \u0130n\u00f6n\u00fc Park\u0131 yenilendi"},"content":{"rendered":"\n<p>Kepez Belediyesi, Ye\u015fltepe Mahallesi\u2019ndeki \u0130smet \u0130n\u00f6n\u00fc Park\u0131\u2019nda yenileme \u00e7al\u0131\u015fmas\u0131 ba\u015flatt\u0131. Park\u0131n ekonomik \u00f6mr\u00fcn\u00fc tamamlayan kent mobilyalar\u0131 yenisiyle de\u011fi\u015ftirilirken, ye\u015fil dokusu da bitki dikimiyle zenginle\u015ftirildi.&nbsp;<\/p>\n\n\n\n<p>Kepez Belediyesi, kent sakinlerinin nefes alabilece\u011fi ye\u015fil alanlar\u0131 \u00fcretmeye devam ediyor. &nbsp;<br>\u00c7i\u00e7eklendirme ve a\u011fa\u00e7land\u0131rma \u00e7al\u0131\u015fmalar\u0131yla il\u00e7eye \u00e7evreci bir estetik kazand\u0131rmay\u0131 ama\u00e7layan Kepez Belediyesi, ya\u015fam kalitesine olumlu katk\u0131lar\u0131 olan yeni park projelerine de imza at\u0131yor.<br>Kepez Belediyesi Park ve Bah\u00e7eler M\u00fcd\u00fcrl\u00fc\u011f\u00fc, bu anlay\u0131\u015fla hem yeni ye\u015fil alanlar in\u015fa ediyor, hem de mevcut parklar\u0131n bak\u0131m ve onar\u0131m\u0131n\u0131 ger\u00e7ekle\u015ftiriyor.<br>Yo\u011fun bir n\u00fcfusun bulundu\u011fu Dokuma semtinde yer alan Ye\u015filtepe Mahallesi\u2019nin en b\u00fcy\u00fck ye\u015fil alan\u0131 olan \u0130smet \u0130n\u00f6n\u00fc Park\u0131\u2019nda yenileme \u00e7al\u0131\u015fmas\u0131 ba\u015flat\u0131ld\u0131.<br>Park ve Bah\u00e7eler M\u00fcd\u00fcrl\u00fc\u011f\u00fc, marangoz, boyac\u0131, demirci, in\u015faat\u00e7\u0131 ve a\u011fa\u00e7 dikimi ekibinden olu\u015fan 15 personelle 3 bin 500 metrekare b\u00fcy\u00fckl\u00fc\u011f\u00fcndeki mahalle park\u0131n\u0131 bak\u0131ma ald\u0131.<\/p>\n\n\n\n<p>KENT MOB\u0130LYALARININ TAMAMI DE\u011e\u0130\u015eT\u0130R\u0130LD\u0130<\/p>\n\n\n\n<p>Nam\u0131k Kemal Caddesi\u2019nde bulunan parkta yenileme \u00e7al\u0131\u015fmas\u0131, kent mobilyalar\u0131n\u0131n, ye\u015fil dokunun ve alan\u0131n zarar g\u00f6rmesinden dolay\u0131 yap\u0131ld\u0131.<br>\u0130smet \u0130n\u00f6n\u00fc Park\u0131\u2019n\u0131n zaman i\u00e7erisinde hizmet \u00f6mr\u00fcn\u00fc tamamlayan ve eskiyen banklar\u0131 ve d\u00f6rtl\u00fc piknik masalar\u0131 kald\u0131r\u0131larak, yerlerine yeni kent mobilyalar\u0131 monte edildi. K\u0131r\u0131k k\u0131s\u0131mlar\u0131 yeniden onar\u0131lan kamelyalar boyan\u0131rken, eskiyen \u00e7\u00f6p kutular\u0131 da yenileriyle de\u011fi\u015ftirildi. K\u0131r\u0131lan bord\u00fcr ta\u015flar\u0131 ile zemindeki travertenler de tamir edildi.<\/p>\n\n\n\n<p>B\u0130TK\u0130 DOKUSU ZENG\u0130NLE\u015eT\u0130R\u0130LD\u0130<\/p>\n\n\n\n<p>Park\u0131n zaman i\u00e7erisinde toprakla\u015fan b\u00f6l\u00fcmlerine yeniden \u00e7im ekilirken, dikilen yeni bitkilerle mevcut ye\u015fil doku zenginle\u015ftirildi.<br>Ye\u015fil alandaki spor sahalar\u0131n\u0131n oyun alan\u0131 \u00e7izgileri yenilenirken, sahay\u0131 \u00e7evreleyen ve tahrip olan tel \u00f6rg\u00fcler ise tamir edildi.<br>Tabelas\u0131 da boyanan \u0130smet \u0130n\u00f6n\u00fc Park\u0131, bak\u0131m ve onar\u0131m \u00e7al\u0131\u015fmalar\u0131n\u0131n tamamlanmas\u0131n\u0131n ard\u0131ndan yeniden halk\u0131n kullan\u0131m\u0131na a\u00e7\u0131ld\u0131.&nbsp;<\/p>\n\n\n\n<p>B\u00d6LGE SAK\u0130NLER\u0130N\u0130N TALEB\u0130 KAR\u015eILANDI<\/p>\n\n\n\n<p>Kepez Belediye Ba\u015fkan Vekili Prof. Dr. Refik Emre Altekin de, T\u00fcrkiye Cumhuriyeti\u2019nin ikinci Cumhurba\u015fkan\u0131, Cumhuriyet Halk Partisi (CHP)\u2019nin ikinci Genel Ba\u015fkan\u0131&nbsp;\u0130smet \u0130n\u00f6n\u00fc\u2019n\u00fcn ismini ta\u015f\u0131yan parkta, b\u00f6lgede ya\u015fayanlar\u0131n taleplerini dikkate alarak yenileme \u00e7al\u0131\u015fmas\u0131 yapt\u0131klar\u0131n\u0131 s\u00f6yledi.<br>Ba\u015fkan Vekili Refik Emre Altekin, bak\u0131m onar\u0131m \u00e7al\u0131\u015fmas\u0131yla park\u0131n g\u00f6r\u00fcn\u00fcm\u00fcn\u00fc,&nbsp; \u0130smet \u0130n\u00f6n\u00fc\u2019n\u00fcn ismine yara\u015f\u0131r hale getirdiklerini belirtti.<\/p>\n\n\n\n<p>\u201cMESUT BA\u015eKAN\u2019IN V\u0130ZYONUYLA KEPEZ\u2019\u0130 YE\u015e\u0130LLEND\u0130R\u0130YORUZ\u201d<\/p>\n\n\n\n<p>Kepez il\u00e7esinde 800\u2019den fazla mahalle park\u0131 bulundu\u011funu hat\u0131rlatan Altekin, \u201cPlanlama \u00e7er\u00e7evesinde parklar\u0131m\u0131z\u0131n bak\u0131m ve onar\u0131m\u0131n\u0131 yap\u0131yoruz. Yine Ba\u015fkan\u0131m\u0131z Mesut Kocag\u00f6z\u2019\u00fcn ye\u015fil alan vizyonu do\u011frultusunda Kepez\u2019imizin d\u00f6rt bir yan\u0131nda ye\u015fillendirme \u00e7al\u0131\u015fmalar\u0131m\u0131z\u0131 s\u00fcrd\u00fcr\u00fcyoruz.&nbsp; Kent sakinlerimizin nefes alabilece\u011fi, sosyal aktivitelerini yapabilece\u011fi ve ayn\u0131 zamanda \u015fehre ya\u015fam kalitesi kazand\u0131racak ye\u015fil alan projelerini \u015fehre kazand\u0131raca\u011f\u0131z.\u201d a\u00e7\u0131klamas\u0131n\u0131 yapt\u0131.<\/p>\n\n\n\n<p>YE\u015e\u0130LTEPE SAK\u0130NLER\u0130 \u00c7ALI\u015eMADAN MEMNUN<\/p>\n\n\n\n<p>&nbsp;Mahalle sakinleri, yenileme \u00e7al\u0131\u015fmas\u0131ndan duyduklar\u0131 memnuniyeti dile getirerek, Ba\u015fkan Mesut Kocag\u00f6z\u2019e te\u015fekk\u00fcr ettiler.<br>\u0130smet \u0130n\u00f6n\u00fc Park\u0131\u2019nda, Kepez Belediyesi Meslek Edindirme kurs binas\u0131, iki adet spor sahas\u0131, a\u00e7\u0131k hava spor aletleri, \u00e7ocuk oyun park\u0131, kamelyalar bulunuyor.<\/p>\n\n\n\n<p>&nbsp;Kepez Belediyesi \/ B\u00fclten<\/p>\n","protected":false},"excerpt":{"rendered":"<p>Kepez Belediyesi, Ye\u015fltepe Mahallesi\u2019ndeki \u0130smet \u0130n\u00f6n\u00fc Park\u0131\u2019nda yenileme \u00e7al\u0131\u015fmas\u0131 ba\u015flatt\u0131. Park\u0131n ekonomik \u00f6mr\u00fcn\u00fc tamamlayan kent mobilyalar\u0131 yenisiyle de\u011fi\u015ftirilirken, ye\u015fil dokusu da bitki dikimiyle zenginle\u015ftirildi.&nbsp; Kepez <a href=\"https:\/\/akdenizhaber.com.tr\/index.php\/2024\/06\/10\/ismet-inonu-parki-yenilendi\/\" class=\"read-more-link\">[more&#8230;]<\/a><\/p>\n","protected":false},"author":2,"featured_media":24624,"comment_status":"open","ping_status":"open","sticky":false,"template":"","format":"standard","meta":{"footnotes":""},"categories":[2],"tags":[],"class_list":["post-24623","post","type-post","status-publish","format-standard","has-post-thumbnail","hentry","category-gundem"],"_links":{"self":[{"href":"https:\/\/akdenizhaber.com.tr\/index.php\/wp-json\/wp\/v2\/posts\/24623","targetHints":{"allow":["GET"]}}],"collection":[{"href":"https:\/\/akdenizhaber.com.tr\/index.php\/wp-json\/wp\/v2\/posts"}],"about":[{"href":"https:\/\/akdenizhaber.com.tr\/index.php\/wp-json\/wp\/v2\/types\/post"}],"author":[{"embeddable":true,"href":"https:\/\/akdenizhaber.com.tr\/index.php\/wp-json\/wp\/v2\/users\/2"}],"replies":[{"embeddable":true,"href":"https:\/\/akdenizhaber.com.tr\/index.php\/wp-json\/wp\/v2\/comments?post=24623"}],"version-history":[{"count":1,"href":"https:\/\/akdenizhaber.com.tr\/index.php\/wp-json\/wp\/v2\/posts\/24623\/revisions"}],"predecessor-version":[{"id":24625,"href":"https:\/\/akdenizhaber.com.tr\/index.php\/wp-json\/wp\/v2\/posts\/24623\/revisions\/24625"}],"wp:featuredmedia":[{"embeddable":true,"href":"https:\/\/akdenizhaber.com.tr\/index.php\/wp-json\/wp\/v2\/media\/24624"}],"wp:attachment":[{"href":"https:\/\/akdenizhaber.com.tr\/index.php\/wp-json\/wp\/v2\/media?parent=24623"}],"wp:term":[{"taxonomy":"category","embeddable":true,"href":"https:\/\/akdenizhaber.com.tr\/index.php\/wp-json\/wp\/v2\/categories?post=24623"},{"taxonomy":"post_tag","embeddable":true,"href":"https:\/\/akdenizhaber.com.tr\/index.php\/wp-json\/wp\/v2\/tags?post=24623"}],"curies":[{"name":"wp","href":"https:\/\/api.w.org\/{rel}","templated":true}]}}