{"id":24610,"date":"2024-06-06T14:42:27","date_gmt":"2024-06-06T11:42:27","guid":{"rendered":"https:\/\/akdenizhaber.com.tr\/?p=24610"},"modified":"2024-06-06T14:42:28","modified_gmt":"2024-06-06T11:42:28","slug":"2-bin-yillik-antik-tiyatroda-film-festivali","status":"publish","type":"post","link":"https:\/\/akdenizhaber.com.tr\/index.php\/2024\/06\/06\/2-bin-yillik-antik-tiyatroda-film-festivali\/","title":{"rendered":"2 Bin Y\u0131ll\u0131k Antik Tiyatroda Film Festivali\u00a0"},"content":{"rendered":"\n<p>Tarihi ve k\u00fclt\u00fcrel dokusuyla yerli ve yabanc\u0131 turistlerin ilgi oda\u011f\u0131 olan Ka\u015f\u2019ta bu y\u0131l 3. Kez d\u00fczenlenen \u201cKa\u015f Uluslararas\u0131 K\u0131sa Film Festivali\u201d ba\u015flad\u0131. Festival kapsam\u0131nda, 2 y\u0131ld\u0131r \u00fczerine \u00e7al\u0131\u015f\u0131lan \u2018Ka\u015f Su alt\u0131 Dal\u0131\u015f Noktalar\u0131 Sergisi\u2019nin de a\u00e7\u0131l\u0131\u015f\u0131 yap\u0131ld\u0131.&nbsp;<\/p>\n\n\n\n<p>Antik kentleri, plajlar\u0131, do\u011fal g\u00fczellikleri ile Bat\u0131 Antalya\u2019n\u0131n \u00e7ekim merkezi olan Ka\u015f il\u00e7esinde bu y\u0131l 3, kez ger\u00e7ekle\u015ftirilen Ka\u015f Uluslararas\u0131 K\u0131sa Film Festivali ba\u015flad\u0131. \u201cFilm Ka\u015fta Ba\u015fl\u0131yor\u201d mottosuyla duyurulan festivalin a\u00e7\u0131l\u0131\u015f\u0131na, Vali Hulusi \u015eahin&#8217;in, B\u00fcy\u00fck\u015fehir Belediye Ba\u015fkan Vekili Okan Yavuz, Ka\u015f Kaymakam\u0131 Tevfik Kumbasar, Ka\u015f Belediye Ba\u015fkan\u0131 Erol Demirhan, Bat\u0131 Akdeniz Kalk\u0131nma Ajans\u0131 yetkilileri, ilgili kurum m\u00fcd\u00fcrleri, oda ve dernek ba\u015fkanlar\u0131, STK temsilcileri ve \u00e7ok say\u0131da vatanda\u015f kat\u0131ld\u0131.<\/p>\n\n\n\n<figure class=\"wp-block-image size-large\"><img loading=\"lazy\" decoding=\"async\" width=\"1024\" height=\"560\" src=\"https:\/\/akdenizhaber.com.tr\/wp-content\/uploads\/2024\/06\/003_KASIN-2-BIN-YILLIK-ANTIK-TIYATROSUNDA-FILM-FESTIVALI-1024x560.jpg\" alt=\"\" class=\"wp-image-24612\" srcset=\"https:\/\/akdenizhaber.com.tr\/wp-content\/uploads\/2024\/06\/003_KASIN-2-BIN-YILLIK-ANTIK-TIYATROSUNDA-FILM-FESTIVALI-1024x560.jpg 1024w, https:\/\/akdenizhaber.com.tr\/wp-content\/uploads\/2024\/06\/003_KASIN-2-BIN-YILLIK-ANTIK-TIYATROSUNDA-FILM-FESTIVALI-300x164.jpg 300w, https:\/\/akdenizhaber.com.tr\/wp-content\/uploads\/2024\/06\/003_KASIN-2-BIN-YILLIK-ANTIK-TIYATROSUNDA-FILM-FESTIVALI-768x420.jpg 768w, https:\/\/akdenizhaber.com.tr\/wp-content\/uploads\/2024\/06\/003_KASIN-2-BIN-YILLIK-ANTIK-TIYATROSUNDA-FILM-FESTIVALI.jpg 1200w\" sizes=\"auto, (max-width: 1024px) 100vw, 1024px\" \/><\/figure>\n\n\n\n<p><br>Antalya\u2019n\u0131n Su Alt\u0131 Zenginli\u011fine Derin Dal\u0131\u015f<br>Vali Hulusi \u015eahin ve kat\u0131l\u0131mc\u0131lar, \u00f6nce Festival kapsam\u0131nda Ka\u015f K\u00fclt\u00fcrevi\u2019nde sergilenen Bat\u0131 Antalya Ka\u015f Kalkan B\u00f6lgesi Sualt\u0131 Dal\u0131\u015f Noktalar\u0131 Tan\u0131t\u0131m Sergisi\u2019nin a\u00e7\u0131l\u0131\u015f\u0131na kat\u0131ld\u0131. &nbsp;Bat\u0131 Akdeniz Kalk\u0131nma Ajans\u0131&#8217;n\u0131n \u00e7al\u0131\u015fmalar\u0131 ile iki y\u0131l\u0131 a\u015fk\u0131n s\u00fcredir \u00fczerine \u00e7al\u0131\u015f\u0131lan ve infografik haritaland\u0131rma y\u00f6ntemi uygulanarak Ka\u015f b\u00f6lgesinde bulunan otuz dal\u0131\u015f noktas\u0131n\u0131n reefler, ma\u011faralar, &nbsp;sualt\u0131 tepecikleri, bat\u0131klar ve deniz pop\u00fclasyonunu yans\u0131tan ve bu su alt\u0131 zenginli\u011fini kay\u0131t alt\u0131na alarak gelece\u011fe aktarmay\u0131 ama\u00e7layan Ka\u015f Su alt\u0131 Foto\u011fraf Sergisinin a\u00e7\u0131l\u0131\u015f\u0131 ger\u00e7ekle\u015ftirildi. A\u00e7\u0131l\u0131\u015f kurdelesini kesen Vali \u015eahin, sergilenen eserleri tek tek inceleyerek uzmanlardan bilgi ald\u0131. &nbsp;<\/p>\n\n\n\n<p><br>G\u00f6n\u00fcll\u00fc Sanatseverlerden \u00d6zel Festival<br>Festivalin a\u00e7\u0131l\u0131\u015f konu\u015fmas\u0131n\u0131 yapan Vali \u015eahin, Antalya&#8217;n\u0131n sahip oldu\u011fu do\u011fal ve tarihi g\u00fczellikleri ile \u00e7ok \u00f6zel bir \u015fehir oldu\u011funa dikkat \u00e7ekerek; &#8220;Antalya 640 kilometrelik sahil \u015feridi ile muhte\u015fem do\u011fa harikalar\u0131na ve d\u00fcnyan\u0131n en fazla antik kentine sahip \u015fehirdir. Bakanl\u0131klar\u0131m\u0131z, Belediyelerimiz, sivil unsurlar\u0131m\u0131z bu zenginliklerimizi tan\u0131tmak amac\u0131yla \u00e7ok say\u0131da organizasyon d\u00fczenliyor. Ka\u015f K\u0131sa Film Festivali ise, g\u00f6n\u00fcll\u00fcl\u00fck esas\u0131yla bir araya gelen sanatseverlerin olu\u015fturmu\u015f oldu\u011fu bir organizasyon ve \u00e7ok \u00f6zel bir festival. &nbsp;Bizler de Ka\u015f&#8217;a ve sanata g\u00f6n\u00fcl veren bu sanatsever karde\u015flerimize destek olmak amac\u0131yla buraday\u0131z. Emek veren herkesi tebrik ediyorum.&#8221; dedi.&nbsp;<\/p>\n\n\n\n<p><br>Festival a\u00e7\u0131l\u0131\u015f\u0131n\u0131n ard\u0131ndan Vali \u015eahin ve kat\u0131l\u0131mc\u0131lar, 3. Ka\u015f Uluslararas\u0131 K\u0131sa Film Festivali\u2019nde dereceye giren \u201cB\u00fcy\u00fck \u0130stanbul Depresyonu\u201d isimli k\u0131sa filmi izledi. 4-8 Haziran tarihlerinde d\u00fczenlenecek olan festivalde bir\u00e7ok film sinemaseverlerle bulu\u015facak. Ayr\u0131ca, Su alt\u0131 dal\u0131\u015f noktalar\u0131 sergisi de festival boyunca ziyaret\u00e7ilere a\u00e7\u0131k olacak.<\/p>\n\n\n\n<p>Antalya Valili\u011fi \/ B\u00fclten<\/p>\n","protected":false},"excerpt":{"rendered":"<p>Tarihi ve k\u00fclt\u00fcrel dokusuyla yerli ve yabanc\u0131 turistlerin ilgi oda\u011f\u0131 olan Ka\u015f\u2019ta bu y\u0131l 3. Kez d\u00fczenlenen \u201cKa\u015f Uluslararas\u0131 K\u0131sa Film Festivali\u201d ba\u015flad\u0131. Festival kapsam\u0131nda, <a href=\"https:\/\/akdenizhaber.com.tr\/index.php\/2024\/06\/06\/2-bin-yillik-antik-tiyatroda-film-festivali\/\" class=\"read-more-link\">[more&#8230;]<\/a><\/p>\n","protected":false},"author":2,"featured_media":24611,"comment_status":"open","ping_status":"open","sticky":false,"template":"","format":"standard","meta":{"footnotes":""},"categories":[2],"tags":[],"class_list":["post-24610","post","type-post","status-publish","format-standard","has-post-thumbnail","hentry","category-gundem"],"_links":{"self":[{"href":"https:\/\/akdenizhaber.com.tr\/index.php\/wp-json\/wp\/v2\/posts\/24610","targetHints":{"allow":["GET"]}}],"collection":[{"href":"https:\/\/akdenizhaber.com.tr\/index.php\/wp-json\/wp\/v2\/posts"}],"about":[{"href":"https:\/\/akdenizhaber.com.tr\/index.php\/wp-json\/wp\/v2\/types\/post"}],"author":[{"embeddable":true,"href":"https:\/\/akdenizhaber.com.tr\/index.php\/wp-json\/wp\/v2\/users\/2"}],"replies":[{"embeddable":true,"href":"https:\/\/akdenizhaber.com.tr\/index.php\/wp-json\/wp\/v2\/comments?post=24610"}],"version-history":[{"count":1,"href":"https:\/\/akdenizhaber.com.tr\/index.php\/wp-json\/wp\/v2\/posts\/24610\/revisions"}],"predecessor-version":[{"id":24613,"href":"https:\/\/akdenizhaber.com.tr\/index.php\/wp-json\/wp\/v2\/posts\/24610\/revisions\/24613"}],"wp:featuredmedia":[{"embeddable":true,"href":"https:\/\/akdenizhaber.com.tr\/index.php\/wp-json\/wp\/v2\/media\/24611"}],"wp:attachment":[{"href":"https:\/\/akdenizhaber.com.tr\/index.php\/wp-json\/wp\/v2\/media?parent=24610"}],"wp:term":[{"taxonomy":"category","embeddable":true,"href":"https:\/\/akdenizhaber.com.tr\/index.php\/wp-json\/wp\/v2\/categories?post=24610"},{"taxonomy":"post_tag","embeddable":true,"href":"https:\/\/akdenizhaber.com.tr\/index.php\/wp-json\/wp\/v2\/tags?post=24610"}],"curies":[{"name":"wp","href":"https:\/\/api.w.org\/{rel}","templated":true}]}}