{"id":24574,"date":"2024-06-03T16:09:45","date_gmt":"2024-06-03T13:09:45","guid":{"rendered":"https:\/\/akdenizhaber.com.tr\/?p=24574"},"modified":"2024-06-03T16:09:47","modified_gmt":"2024-06-03T13:09:47","slug":"namik-karamanci-fen-lisesi-ogrencileri-tubitak-turkiye-finallerine-damga-vurdu","status":"publish","type":"post","link":"https:\/\/akdenizhaber.com.tr\/index.php\/2024\/06\/03\/namik-karamanci-fen-lisesi-ogrencileri-tubitak-turkiye-finallerine-damga-vurdu\/","title":{"rendered":"Nam\u0131k Karamanc\u0131 Fen Lisesi \u00d6\u011frencileri T\u00dcB\u0130TAK T\u00fcrkiye finallerine damga vurdu"},"content":{"rendered":"\n<p><\/p>\n\n\n\n<p>26-30 May\u0131s tarihleri aras\u0131nda Ankara&#8217;da d\u00fczenlenen T\u00dcB\u0130TAK 55. D\u00f6nem 2204-A Lise \u00d6\u011frencileri Ara\u015ft\u0131rma Proje Yar\u0131\u015fmalar\u0131n\u0131n T\u00fcrkiye Finalleri\u2019ne Manavgat Nam\u0131k Karamanc\u0131 Fen Lisesi \u00f6\u011frencileri damga vurdu. NKFL\u2019li gen\u00e7ler \u0130l\u00e7emizi T\u00dcB\u0130TAK platformunda da zirvelere \u00e7\u0131karman\u0131n hakl\u0131 gururunu ya\u015fad\u0131 ve ya\u015fatt\u0131.<\/p>\n\n\n\n<p>Fizik, kimya ve biyoloji alanlar\u0131nda \u00fc\u00e7 projeyle b\u00f6lge birincisi olarak T\u00fcrkiye finaline kat\u0131lma hakk\u0131 kazanan \u00f6\u011frenciler, il\u00e7emizi ve ilimizi gururla temsil ederek kat\u0131ld\u0131klar\u0131 alanlardan madalya ile d\u00f6nd\u00fcler.<\/p>\n\n\n\n<p>Nam\u0131k Karamanc\u0131 Fen Lisesi, Kimya \u00d6\u011fretmeni Sava\u015f Zafer G\u00fclerin dan\u0131\u015fmanl\u0131\u011f\u0131nda 10. S\u0131n\u0131f \u00f6\u011frencisi S\u0131dd\u0131ka \u0130nci Yaman Fizik alan\u0131nda ve 11.s\u0131n\u0131f \u00f6\u011frencisi Asya G\u00fcven ve 10. S\u0131n\u0131ftan Azra Demircio\u011flu, Kimya alan\u0131nda yapt\u0131\u011f\u0131 projeler ve etkili sunumlar\u0131yla T\u00fcrkiye ikincisi oldu.&nbsp; 11. s\u0131n\u0131f \u00f6\u011frencileri Azra Sara\u00e7 ve Tuana Y\u0131lmaz ise Biyoloji alan\u0131nda haz\u0131rlad\u0131klar\u0131 ve bilim d\u00fcnyas\u0131nda \u00e7\u0131\u011f\u0131r a\u00e7abilecek ba\u015far\u0131l\u0131 projeleriyle Te\u015fvik \u00d6d\u00fcl\u00fc&#8217;ne lay\u0131k g\u00f6r\u00fcld\u00fc ve okullar\u0131n\u0131 ba\u015far\u0131yla temsil ettiler.<\/p>\n\n\n\n<p>T\u00dcB\u0130TAK 2204-A Lise \u00d6\u011frencileri Ara\u015ft\u0131rma Projeleri Yar\u0131\u015fmas\u0131 T\u00fcrkiye Finalleri Sergisi&#8217;ne \u0130l\u00e7e Milli E\u011fitim M\u00fcd\u00fcr\u00fc Fatih T\u00fcrk\u00f6z, \u00f6\u011frencilere destek olmak i\u00e7in kat\u0131ld\u0131. T\u00fcrk\u00f6z, \u00f6d\u00fcl t\u00f6renine de kat\u0131larak \u00f6\u011frencilere destek verdi. T\u00fcrk demiryolu end\u00fcstrisinin \u00f6nde gelen isimlerinden ve T\u00dcLOMSA\u015e Genel M\u00fcd\u00fcrl\u00fc\u011f\u00fc g\u00f6revini \u00fcstlenmi\u015f olan Manavgatl\u0131 hay\u0131rsever Hayri Avc\u0131 da bu \u00f6nemli etkinlikte yer alarak \u00f6\u011frencilere destek verdi ve ba\u015far\u0131lar\u0131n\u0131 payla\u015ft\u0131.<\/p>\n\n\n\n<p>Nam\u0131k Karamanc\u0131 Fen Lisesi \u00f6\u011frencilerinin g\u00f6sterdi\u011fi \u00fcst\u00fcn performans, il\u00e7enin ve ilin gururu oldu.<\/p>\n\n\n\n<p>S\u00f6z konusu ba\u015far\u0131n\u0131n, Manavgat\u2019ta ve il genelinde bilime olan ilgiyi art\u0131rmas\u0131 ve yeni nesillere ilham kayna\u011f\u0131 olmas\u0131 bekleniyor.<\/p>\n\n\n\n<p>B\u00fc\u015fra Deveci \/ Haber<\/p>\n","protected":false},"excerpt":{"rendered":"<p>26-30 May\u0131s tarihleri aras\u0131nda Ankara&#8217;da d\u00fczenlenen T\u00dcB\u0130TAK 55. D\u00f6nem 2204-A Lise \u00d6\u011frencileri Ara\u015ft\u0131rma Proje Yar\u0131\u015fmalar\u0131n\u0131n T\u00fcrkiye Finalleri\u2019ne Manavgat Nam\u0131k Karamanc\u0131 Fen Lisesi \u00f6\u011frencileri damga vurdu. <a href=\"https:\/\/akdenizhaber.com.tr\/index.php\/2024\/06\/03\/namik-karamanci-fen-lisesi-ogrencileri-tubitak-turkiye-finallerine-damga-vurdu\/\" class=\"read-more-link\">[more&#8230;]<\/a><\/p>\n","protected":false},"author":2,"featured_media":24575,"comment_status":"open","ping_status":"open","sticky":false,"template":"","format":"standard","meta":{"footnotes":""},"categories":[2],"tags":[],"class_list":["post-24574","post","type-post","status-publish","format-standard","has-post-thumbnail","hentry","category-gundem"],"_links":{"self":[{"href":"https:\/\/akdenizhaber.com.tr\/index.php\/wp-json\/wp\/v2\/posts\/24574","targetHints":{"allow":["GET"]}}],"collection":[{"href":"https:\/\/akdenizhaber.com.tr\/index.php\/wp-json\/wp\/v2\/posts"}],"about":[{"href":"https:\/\/akdenizhaber.com.tr\/index.php\/wp-json\/wp\/v2\/types\/post"}],"author":[{"embeddable":true,"href":"https:\/\/akdenizhaber.com.tr\/index.php\/wp-json\/wp\/v2\/users\/2"}],"replies":[{"embeddable":true,"href":"https:\/\/akdenizhaber.com.tr\/index.php\/wp-json\/wp\/v2\/comments?post=24574"}],"version-history":[{"count":1,"href":"https:\/\/akdenizhaber.com.tr\/index.php\/wp-json\/wp\/v2\/posts\/24574\/revisions"}],"predecessor-version":[{"id":24576,"href":"https:\/\/akdenizhaber.com.tr\/index.php\/wp-json\/wp\/v2\/posts\/24574\/revisions\/24576"}],"wp:featuredmedia":[{"embeddable":true,"href":"https:\/\/akdenizhaber.com.tr\/index.php\/wp-json\/wp\/v2\/media\/24575"}],"wp:attachment":[{"href":"https:\/\/akdenizhaber.com.tr\/index.php\/wp-json\/wp\/v2\/media?parent=24574"}],"wp:term":[{"taxonomy":"category","embeddable":true,"href":"https:\/\/akdenizhaber.com.tr\/index.php\/wp-json\/wp\/v2\/categories?post=24574"},{"taxonomy":"post_tag","embeddable":true,"href":"https:\/\/akdenizhaber.com.tr\/index.php\/wp-json\/wp\/v2\/tags?post=24574"}],"curies":[{"name":"wp","href":"https:\/\/api.w.org\/{rel}","templated":true}]}}