{"id":24569,"date":"2024-06-03T16:07:38","date_gmt":"2024-06-03T13:07:38","guid":{"rendered":"https:\/\/akdenizhaber.com.tr\/?p=24569"},"modified":"2024-06-03T16:07:40","modified_gmt":"2024-06-03T13:07:40","slug":"goklerin-guzel-kizi","status":"publish","type":"post","link":"https:\/\/akdenizhaber.com.tr\/index.php\/2024\/06\/03\/goklerin-guzel-kizi\/","title":{"rendered":"G\u00d6KLER\u0130N G\u00dcZEL KIZI"},"content":{"rendered":"\n<p>Duydum ki g\u00f6klerde k\u00f6k sal\u0131p s\u00fcz\u00fclme hevesindeymi\u015fsin. Bulutlar\u0131n, topra\u011f\u0131n, da\u011flar, yarlar, ba\u011flar\u0131n deryas\u0131ndas\u0131n. Y\u0131ld\u0131zlar aras\u0131nda meyvelerin, havadaki r\u00fczgarlar dalgalar\u0131n. Demek ki yery\u00fcz\u00fcyle g\u00f6ky\u00fcz\u00fc aras\u0131nda \u00f6zg\u00fcr d\u00fcnyalardas\u0131n.<\/p>\n\n\n\n<p>Demek ki bakarken g\u00f6r\u00fcyorsun, yery\u00fcz\u00fc s\u00fcrg\u00fcn\u00fcnde ya\u015fayanlar\u0131. Kar\u0131ncalar\u0131n topraktaki ya\u015famla, durmaks\u0131z\u0131n evrenle b\u00fct\u00fcnl\u00fc\u011f\u00fcn\u00fc. A\u011fa\u00e7lar\u0131n ye\u015fille ba\u011f\u0131n\u0131, sular\u0131n maviyle a\u015fk\u0131n\u0131, bulutun saf beyaz\u0131n\u0131. Denizler deryas\u0131n\u0131, engin ufuklar ayd\u0131nl\u0131\u011f\u0131n\u0131, gezegenlerin d\u00f6ng\u00fc yolundas\u0131n.<\/p>\n\n\n\n<p>Seni d\u00fc\u015flemek hevesi geliyor i\u00e7imin g\u00f6n\u00fcl sesinden. Sanki sesleniyorsun yery\u00fcz\u00fc insan varl\u0131\u011f\u0131na, do\u011fas\u0131nda kals\u0131nlar! G\u00f6r\u00fcyorsun para, g\u00fc\u00e7, ihti\u015fam i\u00e7in ac\u0131mas\u0131zca do\u011falar\u0131n\u0131 yediklerini. Umutluyum insan\u0131 bilenlerden, fark\u0131ndal\u0131\u011f\u0131n deryas\u0131nda, evrende gezegenlerden.<\/p>\n\n\n\n<p>Bir bulutun \u00fczerinde uyuyorum, \u0131rmaklar yata\u011f\u0131 bah\u00e7em, da\u011f\u0131n zirvesi evim. Y\u0131ld\u0131zlar \u00f6l\u00fcyor her g\u00fcn yeni bo\u015flu\u011fa do\u011fru; kar\u0131nca, mikrop, pire taht\u0131nda, alt\u0131n kuca\u011f\u0131nda. \u0130nsanl\u0131k buhar olmu\u015f do\u011fan\u0131n yarat\u0131k, toprak, su, hava yata\u011f\u0131nda. Nept\u00fcn&#8217; de gezen Y\u0131ld\u0131r\u0131m hayali hi\u00e7 dinmedi, s\u00fczg\u00fcn d\u00fc\u015f\u00fc izlerde, g\u00f6n\u00fcl da\u011f\u0131 g\u00f6zledi.<\/p>\n\n\n\n<p>G\u00f6rd\u00fcm ki g\u00f6kler deryas\u0131 gibi ay y\u00fczl\u00fc, ceylan g\u00f6zl\u00fc, melek s\u00f6zl\u00fc g\u00fczelsin.<br>Bilgim s\u00f6yleyeceklerimi azalt\u0131yor, g\u00f6nl\u00fcm; \u00e7aylar, p\u0131narlar gibi \u00e7a\u011flayarak ak\u0131yor.<br>\u00d6z g\u00fcvenle sevgi \u00e7a\u011f\u0131ndas\u0131n, umutlar varl\u0131k denizin, y\u0131ld\u0131zlar\u0131n alt\u0131nda g\u00f6klerin a\u00e7\u0131k olsun.<br>Nar Tanem Side&#8217;den Tepedeki Adam ile g\u00f6klerin meleklerine ba\u015far\u0131l\u0131 mutluluk daim olsun.<br>NeHaS Yazar Halil YILDIRIM<\/p>\n","protected":false},"excerpt":{"rendered":"<p>Duydum ki g\u00f6klerde k\u00f6k sal\u0131p s\u00fcz\u00fclme hevesindeymi\u015fsin. Bulutlar\u0131n, topra\u011f\u0131n, da\u011flar, yarlar, ba\u011flar\u0131n deryas\u0131ndas\u0131n. Y\u0131ld\u0131zlar aras\u0131nda meyvelerin, havadaki r\u00fczgarlar dalgalar\u0131n. Demek ki yery\u00fcz\u00fcyle g\u00f6ky\u00fcz\u00fc aras\u0131nda \u00f6zg\u00fcr <a href=\"https:\/\/akdenizhaber.com.tr\/index.php\/2024\/06\/03\/goklerin-guzel-kizi\/\" class=\"read-more-link\">[more&#8230;]<\/a><\/p>\n","protected":false},"author":2,"featured_media":24570,"comment_status":"open","ping_status":"open","sticky":false,"template":"","format":"standard","meta":{"footnotes":""},"categories":[2],"tags":[],"class_list":["post-24569","post","type-post","status-publish","format-standard","has-post-thumbnail","hentry","category-gundem"],"_links":{"self":[{"href":"https:\/\/akdenizhaber.com.tr\/index.php\/wp-json\/wp\/v2\/posts\/24569","targetHints":{"allow":["GET"]}}],"collection":[{"href":"https:\/\/akdenizhaber.com.tr\/index.php\/wp-json\/wp\/v2\/posts"}],"about":[{"href":"https:\/\/akdenizhaber.com.tr\/index.php\/wp-json\/wp\/v2\/types\/post"}],"author":[{"embeddable":true,"href":"https:\/\/akdenizhaber.com.tr\/index.php\/wp-json\/wp\/v2\/users\/2"}],"replies":[{"embeddable":true,"href":"https:\/\/akdenizhaber.com.tr\/index.php\/wp-json\/wp\/v2\/comments?post=24569"}],"version-history":[{"count":1,"href":"https:\/\/akdenizhaber.com.tr\/index.php\/wp-json\/wp\/v2\/posts\/24569\/revisions"}],"predecessor-version":[{"id":24571,"href":"https:\/\/akdenizhaber.com.tr\/index.php\/wp-json\/wp\/v2\/posts\/24569\/revisions\/24571"}],"wp:featuredmedia":[{"embeddable":true,"href":"https:\/\/akdenizhaber.com.tr\/index.php\/wp-json\/wp\/v2\/media\/24570"}],"wp:attachment":[{"href":"https:\/\/akdenizhaber.com.tr\/index.php\/wp-json\/wp\/v2\/media?parent=24569"}],"wp:term":[{"taxonomy":"category","embeddable":true,"href":"https:\/\/akdenizhaber.com.tr\/index.php\/wp-json\/wp\/v2\/categories?post=24569"},{"taxonomy":"post_tag","embeddable":true,"href":"https:\/\/akdenizhaber.com.tr\/index.php\/wp-json\/wp\/v2\/tags?post=24569"}],"curies":[{"name":"wp","href":"https:\/\/api.w.org\/{rel}","templated":true}]}}