{"id":24562,"date":"2024-06-03T16:04:26","date_gmt":"2024-06-03T13:04:26","guid":{"rendered":"https:\/\/akdenizhaber.com.tr\/?p=24562"},"modified":"2024-06-03T16:04:28","modified_gmt":"2024-06-03T13:04:28","slug":"kucukun-kisisel-sergisi-acildi","status":"publish","type":"post","link":"https:\/\/akdenizhaber.com.tr\/index.php\/2024\/06\/03\/kucukun-kisisel-sergisi-acildi\/","title":{"rendered":"K\u00fc\u00e7\u00fck\u2019\u00fcn Ki\u015fisel Sergisi A\u00e7\u0131ld\u0131"},"content":{"rendered":"\n<p><strong>Sanat\u00e7\u0131 <\/strong>Berrin K\u00fc\u00e7\u00fck&#8217;\u00fcn muhte\u015fem eserlerinden olu\u015fan ki\u015fisel sergisi Side K\u00fclt\u00fcr Evi\u2019nde a\u00e7\u0131ld\u0131.<\/p>\n\n\n\n<p>A\u00e7\u0131l\u0131\u015fa, Manavgat Belediye Ba\u015fkan\u0131 Niyazi NefiKara, Sanat\u00e7\u0131 Berrin K\u00fc\u00e7\u00fck, belediye ba\u015fkan yard\u0131mc\u0131lar\u0131, belediye meclis \u00fcyeleri, sivil toplum kurulu\u015fu temsilcileri, oda ba\u015fkanlar\u0131, muhtarlar ve vatanda\u015flar kat\u0131ld\u0131.<\/p>\n\n\n\n<p>Zengin renk paleti ve \u00f6zg\u00fcn tarz\u0131yla tan\u0131nan Berrin K\u00fc\u00e7\u00fck, eserlerinde sanatseverleri farkl\u0131 d\u00fcnyalara davet ediyor. Sergide, y\u00fczlerce farkl\u0131 temada ya\u011fl\u0131 boya tablolar, akrilik tablolar ve el i\u015fi dekoratif eserler yer al\u0131yor. Side K\u00fclt\u00fcr Evi&#8217;nin duvarlar\u0131n\u0131 s\u00fcsleyen resimler, sanat dolu bir yolculuk vaat ediyor.<\/p>\n\n\n\n<p>Sanatseverler sergide, Berrin K\u00fc\u00e7\u00fck&#8217;\u00fcn eserlerini inceleme f\u0131rsat\u0131n\u0131 yakalarken, bir yandan da sanat\u00e7\u0131yla sohbet etme imkan\u0131 buldular. Berrin K\u00fc\u00e7\u00fck&#8217;\u00fcn e\u015fsiz eserleri, 9 Haziran tarihine kadar Side K\u00fclt\u00fcr Evi&#8217;nde ziyaret edilebilecek.<\/p>\n\n\n\n<p>\u201cBu g\u00fczellikleri payla\u015ft\u0131\u011f\u0131m i\u00e7in \u00e7ok mutluyum\u201d<\/p>\n\n\n\n<p>Sergi a\u00e7\u0131l\u0131\u015f\u0131nda konu\u015fan Berrin K\u00fc\u00e7\u00fck, \u201cBu benim ilk ki\u015fisel sergim. Side gibi tarihi de\u011feri olan bir ortamda, 72 ya\u015f\u0131nda bu sergiyi a\u00e7mak nasip oldu. Ya\u011fl\u0131 boya, akrilik ve dekoratif \u00e7al\u0131\u015fmalar \u00fcrettim. Bu g\u00fczellikleri sizlerle payla\u015ft\u0131\u011f\u0131m i\u00e7in \u00e7ok mutluyum. Herkese tekrar te\u015fekk\u00fcr ediyorum.\u201d dedi.<\/p>\n\n\n\n<p>Sanat, ya\u015fam\u0131n derinliklerini yans\u0131t\u0131r<\/p>\n\n\n\n<p>A\u00e7\u0131l\u0131\u015f sonras\u0131 d\u00fc\u015f\u00fcncelerini ifade eden Manavgat Belediye Ba\u015fkan\u0131 Niyazi Nefi Kara, sanat\u0131n d\u00fc\u015f\u00fcnce ve duygu y\u00f6n\u00fcn\u00fc vurgulad\u0131. Ba\u015fkan Kara, \u201cSanat, sadece g\u00fczellikleri de\u011fil, ayn\u0131 zamanda d\u00fc\u015f\u00fcnceyi, duyguyu ve ya\u015fam\u0131n derinliklerini yans\u0131t\u0131r. Berrin K\u00fc\u00e7\u00fck&#8217;\u00fcn eserleri de bu derinli\u011fi ve \u00e7e\u015fitlili\u011fi b\u00fcnyesinde bar\u0131nd\u0131r\u0131yor. Sanat\u00e7\u0131lar\u0131m\u0131z\u0131n ve sanatseverlerimizin emekleri, \u015fehrimizin ve \u00fclkemizin k\u00fclt\u00fcrel miras\u0131n\u0131n daha da zenginle\u015fmesine katk\u0131 sa\u011fl\u0131yor. Bu vesileyle, Berrin K\u00fc\u00e7\u00fck gibi de\u011ferli sanat\u00e7\u0131lar\u0131m\u0131za ve eme\u011fi ge\u00e7en herkese te\u015fekk\u00fcrlerimi sunuyorum.\u201d ifadelerini kulland\u0131.<\/p>\n\n\n\n<p>Manavgat Belediyesi \/ B\u00fclten<\/p>\n","protected":false},"excerpt":{"rendered":"<p>Sanat\u00e7\u0131 Berrin K\u00fc\u00e7\u00fck&#8217;\u00fcn muhte\u015fem eserlerinden olu\u015fan ki\u015fisel sergisi Side K\u00fclt\u00fcr Evi\u2019nde a\u00e7\u0131ld\u0131. A\u00e7\u0131l\u0131\u015fa, Manavgat Belediye Ba\u015fkan\u0131 Niyazi NefiKara, Sanat\u00e7\u0131 Berrin K\u00fc\u00e7\u00fck, belediye ba\u015fkan yard\u0131mc\u0131lar\u0131, belediye <a href=\"https:\/\/akdenizhaber.com.tr\/index.php\/2024\/06\/03\/kucukun-kisisel-sergisi-acildi\/\" class=\"read-more-link\">[more&#8230;]<\/a><\/p>\n","protected":false},"author":2,"featured_media":24563,"comment_status":"open","ping_status":"open","sticky":false,"template":"","format":"standard","meta":{"footnotes":""},"categories":[2],"tags":[],"class_list":["post-24562","post","type-post","status-publish","format-standard","has-post-thumbnail","hentry","category-gundem"],"_links":{"self":[{"href":"https:\/\/akdenizhaber.com.tr\/index.php\/wp-json\/wp\/v2\/posts\/24562","targetHints":{"allow":["GET"]}}],"collection":[{"href":"https:\/\/akdenizhaber.com.tr\/index.php\/wp-json\/wp\/v2\/posts"}],"about":[{"href":"https:\/\/akdenizhaber.com.tr\/index.php\/wp-json\/wp\/v2\/types\/post"}],"author":[{"embeddable":true,"href":"https:\/\/akdenizhaber.com.tr\/index.php\/wp-json\/wp\/v2\/users\/2"}],"replies":[{"embeddable":true,"href":"https:\/\/akdenizhaber.com.tr\/index.php\/wp-json\/wp\/v2\/comments?post=24562"}],"version-history":[{"count":1,"href":"https:\/\/akdenizhaber.com.tr\/index.php\/wp-json\/wp\/v2\/posts\/24562\/revisions"}],"predecessor-version":[{"id":24564,"href":"https:\/\/akdenizhaber.com.tr\/index.php\/wp-json\/wp\/v2\/posts\/24562\/revisions\/24564"}],"wp:featuredmedia":[{"embeddable":true,"href":"https:\/\/akdenizhaber.com.tr\/index.php\/wp-json\/wp\/v2\/media\/24563"}],"wp:attachment":[{"href":"https:\/\/akdenizhaber.com.tr\/index.php\/wp-json\/wp\/v2\/media?parent=24562"}],"wp:term":[{"taxonomy":"category","embeddable":true,"href":"https:\/\/akdenizhaber.com.tr\/index.php\/wp-json\/wp\/v2\/categories?post=24562"},{"taxonomy":"post_tag","embeddable":true,"href":"https:\/\/akdenizhaber.com.tr\/index.php\/wp-json\/wp\/v2\/tags?post=24562"}],"curies":[{"name":"wp","href":"https:\/\/api.w.org\/{rel}","templated":true}]}}