{"id":24551,"date":"2024-06-03T16:01:00","date_gmt":"2024-06-03T13:01:00","guid":{"rendered":"https:\/\/akdenizhaber.com.tr\/?p=24551"},"modified":"2024-06-03T16:01:02","modified_gmt":"2024-06-03T13:01:02","slug":"cin-heyetinden-buyuksehire-ziyaret","status":"publish","type":"post","link":"https:\/\/akdenizhaber.com.tr\/index.php\/2024\/06\/03\/cin-heyetinden-buyuksehire-ziyaret\/","title":{"rendered":"\u00c7in heyetinden B\u00fcy\u00fck\u015fehire ziyaret"},"content":{"rendered":"\n<p>\u00dclkemizin tarihi ve turistik yerlerini gezip g\u00f6rmek, kendi \u00fclkelerinde tan\u0131tmak ve ortak i\u015fbirli\u011fi olanaklar\u0131n\u0131 g\u00f6r\u00fc\u015ferek Antalya turizminin geli\u015fimine katk\u0131 sa\u011flamak amac\u0131yla, \u00c7in\u2019den gelen tur operat\u00f6rleri, Antalya B\u00fcy\u00fck\u015fehir Belediyesi\u2019ni ziyaret etti.&nbsp;<\/p>\n\n\n\n<p>Antalya B\u00fcy\u00fck\u015fehir Belediyesi, kar\u015f\u0131l\u0131kl\u0131 ili\u015fkileri geli\u015ftirmek ve kentin turizm potansiyelini artt\u0131rmak amac\u0131yla \u00e7al\u0131\u015fmalar\u0131n\u0131 s\u00fcrd\u00fcrmeye devam ediyor. Bu kapsamda Koze Tur\u2019un ger\u00e7ekle\u015ftirdi\u011fi info tur program\u0131 kapsam\u0131nda \u00c7in&#8217;den gelen 15 ki\u015filik tur operat\u00f6r\u00fc ve \u00c7in devletinin en b\u00fcy\u00fck haber ajans\u0131 X\u0130NHUA muhabirleri Antalya B\u00fcy\u00fck\u015fehir Belediyesi\u2019nde misafir edildi.<\/p>\n\n\n\n<p>HER T\u00dcRL\u00dc DESTE\u011eE HAZIRIZ<\/p>\n\n\n\n<p>Heyete B\u00fcy\u00fck\u015fehir Belediyesi Ba\u015fkan Dan\u0131\u015fmanlar\u0131 Osman Ay\u0131k ile Ay\u015feg\u00fcl \u015eahin Pencik, D\u0131\u015f ili\u015fkiler Daire Ba\u015fkan\u0131 Tu\u011f\u00e7e \u00c7ift\u00e7iba\u015f\u0131 G\u00fc\u00e7 ile Kent Tarihi ve Tan\u0131t\u0131m Dairesi Ba\u015fkanl\u0131\u011f\u0131 Turizm \u015eube M\u00fcd\u00fcr\u00fc Selma Gen\u00e7el&nbsp;ev sahipli\u011fi yapt\u0131. Heyete Antalya B\u00fcy\u00fck\u015fehir Belediyesi&#8217;nin yapt\u0131\u011f\u0131 \u00e7al\u0131\u015fmalar ve Antalya hakk\u0131nda genel bilgi verildi. Ba\u015fkan Dan\u0131\u015fman\u0131 Osman Ay\u0131k, bu t\u00fcr ziyaretlerin Antalya&#8217;n\u0131n turizm potansiyelini d\u00fcnya \u00e7ap\u0131nda tan\u0131tmak i\u00e7in \u00f6nemli oldu\u011funu belirterek, \u00c7inli misafirleri a\u011f\u0131rlamaktan b\u00fcy\u00fck mutluluk duyduklar\u0131n\u0131 ifade etti. Ba\u015fkan Dan\u0131\u015fman\u0131 Ay\u0131k, Antalya\u2019n\u0131n tarihi, k\u00fclt\u00fcrel ve do\u011fal g\u00fczelliklerini \u00c7in\u2019e tan\u0131tmak ve iki \u00fclke aras\u0131ndaki turizm i\u015fbirli\u011fini g\u00fc\u00e7lendirmek i\u00e7in her t\u00fcrl\u00fc deste\u011fi vermeye haz\u0131r olduklar\u0131n\u0131 belirtti. Ziyarette \u00c7in ile Antalya aras\u0131nda hava k\u00f6pr\u00fcs\u00fc kurulmas\u0131 ve do\u011frudan seferlerin ba\u015flamas\u0131 g\u00fcndeme gelirken, T\u00fcrk vatanda\u015flar\u0131na vize kolayl\u0131\u011f\u0131 sa\u011flanmas\u0131 talebi de iletildi.<\/p>\n\n\n\n<p>Antalya B\u00fcy\u00fck\u015fehir Belediyesi \/ B\u00fclten<\/p>\n","protected":false},"excerpt":{"rendered":"<p>\u00dclkemizin tarihi ve turistik yerlerini gezip g\u00f6rmek, kendi \u00fclkelerinde tan\u0131tmak ve ortak i\u015fbirli\u011fi olanaklar\u0131n\u0131 g\u00f6r\u00fc\u015ferek Antalya turizminin geli\u015fimine katk\u0131 sa\u011flamak amac\u0131yla, \u00c7in\u2019den gelen tur operat\u00f6rleri, <a href=\"https:\/\/akdenizhaber.com.tr\/index.php\/2024\/06\/03\/cin-heyetinden-buyuksehire-ziyaret\/\" class=\"read-more-link\">[more&#8230;]<\/a><\/p>\n","protected":false},"author":2,"featured_media":24552,"comment_status":"open","ping_status":"open","sticky":false,"template":"","format":"standard","meta":{"footnotes":""},"categories":[2],"tags":[],"class_list":["post-24551","post","type-post","status-publish","format-standard","has-post-thumbnail","hentry","category-gundem"],"_links":{"self":[{"href":"https:\/\/akdenizhaber.com.tr\/index.php\/wp-json\/wp\/v2\/posts\/24551","targetHints":{"allow":["GET"]}}],"collection":[{"href":"https:\/\/akdenizhaber.com.tr\/index.php\/wp-json\/wp\/v2\/posts"}],"about":[{"href":"https:\/\/akdenizhaber.com.tr\/index.php\/wp-json\/wp\/v2\/types\/post"}],"author":[{"embeddable":true,"href":"https:\/\/akdenizhaber.com.tr\/index.php\/wp-json\/wp\/v2\/users\/2"}],"replies":[{"embeddable":true,"href":"https:\/\/akdenizhaber.com.tr\/index.php\/wp-json\/wp\/v2\/comments?post=24551"}],"version-history":[{"count":1,"href":"https:\/\/akdenizhaber.com.tr\/index.php\/wp-json\/wp\/v2\/posts\/24551\/revisions"}],"predecessor-version":[{"id":24553,"href":"https:\/\/akdenizhaber.com.tr\/index.php\/wp-json\/wp\/v2\/posts\/24551\/revisions\/24553"}],"wp:featuredmedia":[{"embeddable":true,"href":"https:\/\/akdenizhaber.com.tr\/index.php\/wp-json\/wp\/v2\/media\/24552"}],"wp:attachment":[{"href":"https:\/\/akdenizhaber.com.tr\/index.php\/wp-json\/wp\/v2\/media?parent=24551"}],"wp:term":[{"taxonomy":"category","embeddable":true,"href":"https:\/\/akdenizhaber.com.tr\/index.php\/wp-json\/wp\/v2\/categories?post=24551"},{"taxonomy":"post_tag","embeddable":true,"href":"https:\/\/akdenizhaber.com.tr\/index.php\/wp-json\/wp\/v2\/tags?post=24551"}],"curies":[{"name":"wp","href":"https:\/\/api.w.org\/{rel}","templated":true}]}}