{"id":24540,"date":"2024-06-03T15:52:35","date_gmt":"2024-06-03T12:52:35","guid":{"rendered":"https:\/\/akdenizhaber.com.tr\/?p=24540"},"modified":"2024-06-03T15:52:35","modified_gmt":"2024-06-03T12:52:35","slug":"gazipasa-icin-ortak-akil-ve-yeni-hedefler","status":"publish","type":"post","link":"https:\/\/akdenizhaber.com.tr\/index.php\/2024\/06\/03\/gazipasa-icin-ortak-akil-ve-yeni-hedefler\/","title":{"rendered":"Gazipa\u015fa \u0130\u00e7in Ortak Ak\u0131l Ve Yeni Hedefler"},"content":{"rendered":"\n<p>ATSO Ba\u015fkan\u0131 Ali Bahar, \u201c\u00d6ncelikli olarak i\u015f birli\u011fi f\u0131rsatlar\u0131n\u0131 art\u0131rmak ve gelece\u011fe dair hedeflerimizi konu\u015fmak i\u00e7in Gazipa\u015fa\u2019day\u0131z. Ortak ak\u0131l ile \u00e7\u00f6z\u00fcme ula\u015fmak i\u00e7in \u00e7al\u0131\u015faca\u011f\u0131z\u201d dedi.<\/p>\n\n\n\n<p>Antalya Ticaret ve Sanayi Odas\u0131 (ATSO) Y\u00f6netim Kurulu Ba\u015fkan\u0131 Ali Bahar, ATSO \u00fcye bulu\u015fmalar\u0131 kapsam\u0131nda, Gazipa\u015fa\u2019da \u00fcyelerle bulu\u015ftu. ATSO Y\u00f6netim Kurulu Ba\u015fkan\u0131 Ali Bahar, i\u015f insanlar\u0131n\u0131n s\u00f6zl\u00fc iletti\u011fi talepleri dinleyerek, \u201c\u00d6ncelikli olarak i\u015f birli\u011fi f\u0131rsatlar\u0131n\u0131 art\u0131rmak ve gelece\u011fe dair hedeflerimizi konu\u015fmak i\u00e7in buraday\u0131z. Gazipa\u015fa bizim i\u00e7in \u00f6nemli bir il\u00e7e. Buraya gelmeden \u00f6nce Belediye Ba\u015fkan\u0131m\u0131z ile g\u00f6r\u00fc\u015ft\u00fck, il\u00e7emize yap\u0131labilecek \u00e7al\u0131\u015fmalar\u0131 de\u011ferlendirdik. Neden Gazipa\u015fa\u2019ya bir Deniz OSB yap\u0131lmas\u0131n, neden il\u00e7emize katma de\u011fer sa\u011flayacak projeler kazand\u0131r\u0131lmas\u0131n. Ortak ak\u0131l y\u00fcr\u00fcterek \u00e7\u00f6z\u00fcme ula\u015fmak i\u00e7in \u00e7al\u0131\u015faca\u011f\u0131z\u201d diye konu\u015ftu. ATSO Gazipa\u015fa \u00dcye Bulu\u015fmas\u0131, Gazipa\u015fa Kaymakam\u0131 Orhan Altun, Gazipa\u015fa Belediye Ba\u015fkan\u0131 Mehmet Ali Y\u0131lmaz, Gazipa\u015fa \u0130l\u00e7e Jandarma Komutan\u0131 Jandarma \u00dcste\u011fmen Mehmet Akif \u00c7olak, Gazipa\u015fa \u0130l\u00e7e Emniyet M\u00fcd\u00fcr\u00fc Mehmet Ali Kayhan, ATSO Y\u00f6netim Kurulu Sayman \u00dcyesi Murat Toto\u015f, Y\u00f6netim Kurulu \u00dcyeleri Mehmet Dikmen, H\u00fcseyin Sar\u0131, Meclis Ba\u015fkan Yard\u0131mc\u0131s\u0131 M\u0131zrap Cihangir Deniz, ATSO Gazipa\u015fa Temsilcisi Ercan Ekinci, Genel Sekreter Av. Asl\u0131 \u015eahin Tekin, Antalya \u0130\u015f \u0130nsanlar\u0131 Derne\u011fi (ANT\u0130AD) Ba\u015fkan\u0131 Bilal K\u00f6leo\u011flu, sivil toplum kurulu\u015flar\u0131n\u0131n temsilcileri ile ATSO \u00fcyesi i\u015f insanlar\u0131n\u0131n yo\u011fun kat\u0131l\u0131m\u0131yla ger\u00e7ekle\u015fti.<\/p>\n\n\n\n<p>\u0130L\u00c7ELER\u0130M\u0130ZE \u0130LG\u0130M\u0130Z DEVAM EDECEK<\/p>\n\n\n\n<p>Toplant\u0131n\u0131n a\u00e7\u0131l\u0131\u015f konu\u015fmas\u0131n\u0131 ger\u00e7ekle\u015ftiren Ba\u015fkan Bahar, \u201cATSO\u2019da il\u00e7elerde bulu\u015fmay\u0131 ilk kez biz ba\u015flatt\u0131k. \u0130l\u00e7elerimize olan ilgimiz hi\u00e7 olmad\u0131\u011f\u0131 kadar artt\u0131 ve artmaya da devam edecek. T\u00fcm il\u00e7elerimizde \u00fcyelerimizle olaca\u011f\u0131z, ATSO para almaktan ba\u015fka ne i\u015f yapar s\u00f6z\u00fcn\u00fc k\u0131raca\u011f\u0131z. Art\u0131k \u015fehir ve il\u00e7eler birle\u015fiyor, ticaretimiz, sanayimiz ortak, projelerimizi birlikte hayata ge\u00e7irece\u011fiz. Bug\u00fcn Gazipa\u015fa\u2019da olmam\u0131z, daha \u00f6nce Elmal\u0131, Korkuteli, \u0130brad\u0131, Akseki ve G\u00fcndo\u011fmu\u015f\u2019ta \u00fcyelerimizle bir araya gelmemiz bunun en somut g\u00f6stergelerinden biri\u201d dedi. ATSO taraf\u0131ndan hayata ge\u00e7irilen Korkuteli Organize Sanayi B\u00f6lgesi, ATSO Elmal\u0131 E\u011fitim ve Sa\u011fl\u0131k Merkezi, Sanayide Kad\u0131n Eli Projesi, mesleki e\u011fitime y\u00f6nelik \u00e7al\u0131\u015fmalar hakk\u0131nda bilgi veren Ba\u015fkan Ali Bahar, \u201cProjelerimizin birer birer hayata ge\u00e7mesi bizleri mutlu ediyor, yapaca\u011f\u0131m\u0131z yat\u0131r\u0131mlar il\u00e7elerimize katma de\u011fer sa\u011flamak \u00fczerine. Bizim bir \u015fiar\u0131m\u0131z var, talep edilenin niteli\u011fini y\u00fckseltmek. Gazipa\u015fa il\u00e7emizde de \u00fcyelerimize dokunan, b\u00f6lgeye katma de\u011fer sa\u011flayacak bir \u00e7al\u0131\u015fmay\u0131 buradan sizlerin de deste\u011fiyle hayata ge\u00e7irmek istiyoruz\u201d ifadelerini kulland\u0131. Toplant\u0131da, Gazipa\u015fa \u0130l\u00e7esi 2022 Y\u0131l\u0131 Ticari Bilan\u00e7o B\u00fcy\u00fckl\u00fc\u011f\u00fcne g\u00f6re, gelir ve kurumlar vergisi matrah\u0131 alan\u0131nda dereceye girenlere \u00f6d\u00fclleri takdim edildi.<\/p>\n\n\n\n<p>ORTAK PROJE TALEB\u0130<\/p>\n\n\n\n<p>\u00dcye bulu\u015fmalar\u0131 \u00f6ncesinde Gazipa\u015fa Belediye Ba\u015fkan\u0131 Mehmet Ali Y\u0131lmaz ile bir araya gelen Ba\u015fkan Bahar, Gazipa\u015fa ekonomisi ile ortak proje ve \u00e7al\u0131\u015fmalar hakk\u0131nda g\u00f6r\u00fc\u015ft\u00fc. ATSO&#8217;nun il\u00e7e bulu\u015fmalar\u0131n\u0131 ger\u00e7ekle\u015ftirmesinin il\u00e7elerin ticaretine ve geli\u015fimine katk\u0131 koymak oldu\u011funu vurgulayan Ba\u015fkan Ali Bahar, &#8220;Bizim amac\u0131m\u0131z Antalya&#8217;m\u0131z\u0131n ve il\u00e7elerimizin var olan potansiyellerinin ortaya \u00e7\u0131kart\u0131lmas\u0131. Hedefimiz var olan\u0131n niteli\u011fini art\u0131rmak ve bu do\u011frultuda vizyon ortaya koyuyoruz. Deniz Organize Sanayi B\u00f6lgesi kurulmas\u0131 gerekti\u011fini dile getiren ilk ki\u015fiyim. Bunu Gazipa\u015fa&#8217;da yapabilecek beceriye sahibiz. Elmal\u0131\u2019da ATSO Elmal\u0131 E\u011fitim ve Sa\u011fl\u0131k Merkezi&#8217;mizi belediyemiz ile i\u015f birli\u011fi yaparak hayata ge\u00e7irdik. Gazipa\u015fa i\u00e7in de ortak bir proje ba\u015flatabiliriz&#8221; a\u00e7\u0131klamas\u0131nda bulundu.<\/p>\n\n\n\n<p>TEMS\u0130LC\u0130L\u0130KTE GAZ\u0130PA\u015eA KONU\u015eULDU<\/p>\n\n\n\n<p>Y\u00f6netim Kurulu Ba\u015fkan\u0131 Ali Bahar, ATSO Gazipa\u015fa Temsilcili\u011fi&#8217;ni ziyaret ederek, Temsilci Ercan Ekinci ile bir araya geldi. B\u00f6lgede sanayi faaliyetlerinin s\u0131n\u0131rl\u0131 olmas\u0131 dolay\u0131s\u0131yla ekonomik \u00e7e\u015fitlili\u011fin azald\u0131\u011f\u0131n\u0131 ifade eden Ba\u015fkan Bahar, \u201cY\u00fcksek e\u011fitimli ve nitelikli i\u015f g\u00fcc\u00fc eksikli\u011fi, b\u00f6lgenin geli\u015fimini olumsuz etkiliyor. Tar\u0131m ve turizme dayal\u0131 ekonominin mevsimsel dalgalanmalara duyarl\u0131 oldu\u011funu biliyoruz. Gelecek d\u00f6nem projeleri ve stratejilerimiz i\u00e7erisinde Gazipa\u015fa i\u00e7in \u00e7al\u0131\u015fmalar\u0131m\u0131z olacak, il\u00e7emize de benzeri bir \u00e7al\u0131\u015fma yapabiliriz\u201d dedi. Gazipa\u015fa&#8217;da \u00fcyelerin talepleri konusundaki hassasiyetlerini dile getiren Ba\u015fkan Bahar, &#8220;Hizmeti \u00fcyelerimize ula\u015ft\u0131rmak i\u00e7in var g\u00fcc\u00fcm\u00fczle \u00e7al\u0131\u015faca\u011f\u0131z&#8221; dedi. G\u00f6r\u00fc\u015fme sonras\u0131nda, Ba\u015fkan Ali Bahar ve beraberindeki heyet, Gazipa\u015fa&#8217;da faaliyet g\u00f6steren ATSO \u00fcyelerini de ziyaret ederek, \u00e7al\u0131\u015fmalar\u0131 hakk\u0131nda bilgi ald\u0131.<\/p>\n\n\n\n<p>ALANYA VE MANAVGAT TSO\u2019YA Z\u0130YARET<\/p>\n\n\n\n<p>ATSO \u00fcye bulu\u015fmalar\u0131 kapsam\u0131nda il\u00e7eleri ziyaret eden Ba\u015fkan Ali Bahar, Alanya Ticaret ve Sanayi Odas\u0131 (ALTSO) Y\u00f6netim Kurulu Ba\u015fkan\u0131 Eray Erdem ve Manavgat Ticaret ve Sanayi Odas\u0131 (MATSO) Y\u00f6netim Kurulu Ba\u015fkan\u0131 Seydi Tahsin G\u00fcng\u00f6r ile bir araya geldi. Antalya\u2019da ger\u00e7ekle\u015ftirdikleri projelerin ve \u00e7al\u0131\u015fmalar\u0131n daima talep edilenin niteli\u011fini art\u0131rmaya y\u00f6nelik oldu\u011funun alt\u0131n\u0131 \u00e7izen Ba\u015fkan Bahar, mesleki ve teknik e\u011fitimler de dahil olmak \u00fczere ger\u00e7ekle\u015ftirdikleri projeler hakk\u0131nda bilgi verdi. Ba\u015fkan Bahar, mesleki ve teknik e\u011fitim konusuna verdikleri \u00f6nemi belirterek, ATSO \u00f6nc\u00fcl\u00fc\u011f\u00fcnde ger\u00e7ekle\u015ftirilen Sanayide Kad\u0131n Eli Projesi ve ATSO Mesleki E\u011fitim Ko\u00e7luk\/Mentorluk E\u011fitimi projeleri gibi i\u015f d\u00fcnyas\u0131n\u0131n gereksinimi olan \u00e7al\u0131\u015fmalara h\u0131z vereceklerini kaydetti.<\/p>\n\n\n\n<p>ATSO B2B NETWORKING ETK\u0130NL\u0130\u011e\u0130NE DAVET<\/p>\n\n\n\n<p>ATSO B2B Networking ile ticari hayata vizyoner bir dokunu\u015f yapt\u0131klar\u0131n\u0131 kaydeden Ba\u015fkan Bahar, \u201cBenim \u00e7ok sevdi\u011fim bir isim Peter Drucker der ki; \u2018K\u00fclt\u00fcr stratejiyi sabah kahvalt\u0131s\u0131nda yer.\u2019 Biz de k\u00fclt\u00fcr\u00fcn\u00fc olu\u015fturmad\u0131\u011f\u0131m\u0131z hi\u00e7bir \u015feye imzam\u0131z\u0131 atm\u0131yoruz\u201d dedi. ATSO B2B Networking etkinli\u011fini alt\u0131 ayda bir d\u00fczenleyeceklerini s\u00f6zlerine ekleyen Ba\u015fkan Bahar, Kas\u0131m ay\u0131nda ikincisini ger\u00e7ekle\u015ftireceklerini ifade ederek ALTSO ve MATSO y\u00f6netimini, \u00fcyelerini etkinli\u011fe davet etti. 2025 y\u0131l\u0131nda MATSO\u2019nun organize edece\u011fi B2B etkinli\u011fine ise ATSO taraf\u0131ndan mentorl\u00fck deste\u011fi talep eden Ba\u015fkan Seydi Tahsin G\u00fcng\u00f6r, \u201cAntalya\u2019da ivmenizi \u00e7ok yak\u0131ndan takip ettik, MATSO \u00fcyelerimiz i\u00e7in de ayn\u0131 ticari bulu\u015fmay\u0131 ger\u00e7ekle\u015ftirmekten, i\u015f birli\u011fi yapmaktan memnuniyet duyar\u0131z\u201d dedi.<\/p>\n\n\n\n<p>CO\u011eRAF\u0130 \u0130\u015eARETL\u0130 \u00dcR\u00dcN SAYISINI ARTIRMA HEDEF\u0130<\/p>\n\n\n\n<p>Gazipa\u015fa&#8217;da faaliyet g\u00f6steren S.S. Gazipa\u015fa Kad\u0131n Giri\u015fimi \u00dcretim ve \u0130\u015fletme Kooperatifi&#8217;ni ziyaret ederek \u00e7al\u0131\u015fmalar\u0131 ve \u00fcr\u00fcnleri konusunda Kooperatif Ba\u015fkan\u0131 Dr. \u015eerife Y\u0131lmaz&#8217;dan bilgi alan Ba\u015fkan Bahar, co\u011frafi i\u015faretli \u00fcr\u00fcnler konusunda ATSO\u2019nun yapt\u0131\u011f\u0131 \u00e7al\u0131\u015fmalar\u0131n \u00f6nemine vurgu yapt\u0131. \u0130l\u00e7eye \u00f6zg\u00fc \u00fcr\u00fcnlerin \u00fcretildi\u011fi kooperatife destek vereceklerini kaydeden Ba\u015fkan Bahar, 16 co\u011frafi i\u015faretli \u00fcr\u00fcn oldu\u011funu belirterek, &#8220;Biz sadece kendi d\u00f6nemimizde 32 \u00fcr\u00fcn\u00fcm\u00fcze co\u011frafi i\u015faret alarak yerel \u00fcr\u00fcnlerimize sahip \u00e7\u0131kmak istiyoruz. Gazipa\u015fa&#8217;da kooperatifimize her t\u00fcrl\u00fc deste\u011fi vermeye haz\u0131r\u0131z. Kad\u0131nlar\u0131m\u0131zla Antalya\u2019da bir\u00e7ok projeye imza att\u0131k. Sanayide Kad\u0131n Eli projemiz de bunun en yak\u0131n \u00f6rneklerinden biri. Bunun i\u00e7in Belediye Ba\u015fkan\u0131m\u0131z ile de g\u00f6r\u00fc\u015ft\u00fck, burada 900 k\u00fcsur \u00fcyemiz var ve ATSO para almaktan ba\u015fka ne i\u015f yapar onu her bir \u00fcyemize g\u00f6stermek istiyoruz\u201d diye konu\u015ftu.<\/p>\n\n\n\n<p>Antalya Ticaret ve Sanayi Odas\u0131 \/ B\u00fclten<\/p>\n","protected":false},"excerpt":{"rendered":"<p>ATSO Ba\u015fkan\u0131 Ali Bahar, \u201c\u00d6ncelikli olarak i\u015f birli\u011fi f\u0131rsatlar\u0131n\u0131 art\u0131rmak ve gelece\u011fe dair hedeflerimizi konu\u015fmak i\u00e7in Gazipa\u015fa\u2019day\u0131z. Ortak ak\u0131l ile \u00e7\u00f6z\u00fcme ula\u015fmak i\u00e7in \u00e7al\u0131\u015faca\u011f\u0131z\u201d dedi. <a href=\"https:\/\/akdenizhaber.com.tr\/index.php\/2024\/06\/03\/gazipasa-icin-ortak-akil-ve-yeni-hedefler\/\" class=\"read-more-link\">[more&#8230;]<\/a><\/p>\n","protected":false},"author":2,"featured_media":24541,"comment_status":"open","ping_status":"open","sticky":false,"template":"","format":"standard","meta":{"footnotes":""},"categories":[2],"tags":[],"class_list":["post-24540","post","type-post","status-publish","format-standard","has-post-thumbnail","hentry","category-gundem"],"_links":{"self":[{"href":"https:\/\/akdenizhaber.com.tr\/index.php\/wp-json\/wp\/v2\/posts\/24540","targetHints":{"allow":["GET"]}}],"collection":[{"href":"https:\/\/akdenizhaber.com.tr\/index.php\/wp-json\/wp\/v2\/posts"}],"about":[{"href":"https:\/\/akdenizhaber.com.tr\/index.php\/wp-json\/wp\/v2\/types\/post"}],"author":[{"embeddable":true,"href":"https:\/\/akdenizhaber.com.tr\/index.php\/wp-json\/wp\/v2\/users\/2"}],"replies":[{"embeddable":true,"href":"https:\/\/akdenizhaber.com.tr\/index.php\/wp-json\/wp\/v2\/comments?post=24540"}],"version-history":[{"count":1,"href":"https:\/\/akdenizhaber.com.tr\/index.php\/wp-json\/wp\/v2\/posts\/24540\/revisions"}],"predecessor-version":[{"id":24542,"href":"https:\/\/akdenizhaber.com.tr\/index.php\/wp-json\/wp\/v2\/posts\/24540\/revisions\/24542"}],"wp:featuredmedia":[{"embeddable":true,"href":"https:\/\/akdenizhaber.com.tr\/index.php\/wp-json\/wp\/v2\/media\/24541"}],"wp:attachment":[{"href":"https:\/\/akdenizhaber.com.tr\/index.php\/wp-json\/wp\/v2\/media?parent=24540"}],"wp:term":[{"taxonomy":"category","embeddable":true,"href":"https:\/\/akdenizhaber.com.tr\/index.php\/wp-json\/wp\/v2\/categories?post=24540"},{"taxonomy":"post_tag","embeddable":true,"href":"https:\/\/akdenizhaber.com.tr\/index.php\/wp-json\/wp\/v2\/tags?post=24540"}],"curies":[{"name":"wp","href":"https:\/\/api.w.org\/{rel}","templated":true}]}}