{"id":24534,"date":"2024-06-03T15:48:32","date_gmt":"2024-06-03T12:48:32","guid":{"rendered":"https:\/\/akdenizhaber.com.tr\/?p=24534"},"modified":"2024-06-03T15:48:34","modified_gmt":"2024-06-03T12:48:34","slug":"parkinson-hastalari-doyasiya-eglendiler","status":"publish","type":"post","link":"https:\/\/akdenizhaber.com.tr\/index.php\/2024\/06\/03\/parkinson-hastalari-doyasiya-eglendiler\/","title":{"rendered":"Parkinson Hastalar\u0131 Doyas\u0131ya e\u011flendiler"},"content":{"rendered":"\n<p>Antalya B\u00fcy\u00fck\u015fehir Belediyesi ASF\u0130M merkezlerinde egzersiz kurslar\u0131 alan parkinson hastalar\u0131 i\u00e7in moral ve motivasyon pikni\u011fi d\u00fczenlendi. G\u00fcne\u015fli g\u00fcn\u00fcn tad\u0131n\u0131 \u00e7\u0131karan, hasta ve hasta yak\u0131nlar\u0131 doyas\u0131ya e\u011flenirken, Ba\u015fkan Muhittin B\u00f6cek\u2019e \u00f6zel g\u00fcn i\u00e7in te\u015fekk\u00fcr etti.<\/p>\n\n\n\n<p>Antalya B\u00fcy\u00fck\u015fehir Belediyesi, ASF\u0130M merkezlerinde \u00fccretsiz egzersiz kursu alan parkinson hastalar\u0131 ve aileleri i\u00e7in \u00f6zel bir piknik d\u00fczenledi. Atat\u00fcrk K\u00fclt\u00fcr Park\u0131 i\u00e7erisinde d\u00fczenlenen pikni\u011fe B\u00fcy\u00fck\u015fehir Belediyesi Gen\u00e7lik ve Spor Daire Ba\u015fkan\u0131 Nurettin Tongu\u00e7, hasta ve hasta yak\u0131nlar\u0131 kat\u0131ld\u0131. B\u00fcy\u00fck\u015fehir Belediyesi servisleriyle kurs merkezlerinden al\u0131nan bireyler kendileri i\u00e7in ayr\u0131lm\u0131\u015f \u00f6zel alanda pikniklerini yapt\u0131. Ye\u015filin, do\u011fan\u0131n ve temiz havan\u0131n tad\u0131n\u0131 \u00e7\u0131karan hasta ve yak\u0131nlar\u0131 oyun havalar\u0131 e\u015fli\u011finde doyas\u0131ya e\u011flendi.<\/p>\n\n\n\n<p>PARK\u0130NSON HASTALARININ HER ZAMAN YANINDAYIZ<\/p>\n\n\n\n<p>B\u00fcy\u00fck\u015fehir Belediyesi Gen\u00e7lik ve Spor Daire Ba\u015fkan\u0131 Nurettin Tongu\u00e7 \u201cParkinson te\u015fhisi konulmu\u015f bireylerimize ASF\u0130M merkezlerimizde haftan\u0131n \u00fc\u00e7 g\u00fcn\u00fc \u00f6zel e\u011fitmenimizle uygun egzersiz ve spor programlar\u0131 uyguluyoruz. B\u00f6ylece hastal\u0131\u011f\u0131n gerilemesini ve yenilmesini hedefliyoruz. Egzersizlerin yan\u0131nda bu hastalar\u0131m\u0131z\u0131n sosyalle\u015fmesi ve moral bulmas\u0131 da\u00e7ok \u00f6nemli. Bu t\u00fcr etkinliklerimizle her zaman parkinson hastalar\u0131m\u0131z\u0131n ve yak\u0131nlar\u0131n\u0131n yan\u0131nda olmaya devam edece\u011fiz.\u201d dedi.<\/p>\n\n\n\n<p>SOSYALLE\u015e\u0130YORUZ<\/p>\n\n\n\n<p>Parkinson rahats\u0131zl\u0131\u011f\u0131 olan e\u015fiyle birlikte pikni\u011fe kat\u0131lan hasta yak\u0131n\u0131 Necla Sa\u011fs\u0131z etkinlik ve kurslar\u0131n son derece yararl\u0131 oldu\u011funu belirterek, \u201cE\u015fim i\u00e7in \u00f6zel egzersiz programlar\u0131 uygulanmas\u0131 gerekiyor. B\u00fcy\u00fck\u015fehir Belediyemizin e\u011fitmenleri sa\u011f olsunlar \u00e7ok g\u00fczel ilgileniyor. Bulundu\u011fumuz ortam bizim ruhumuza, beynimize ve v\u00fccudumuza hitap ediyor. Her egzersiz sonras\u0131 evimize mutlu olarak d\u00f6n\u00fcyoruz. Bug\u00fcn de piknikte di\u011fer gruplardaki arkada\u015flar\u0131m\u0131zla tan\u0131\u015fma f\u0131rsat\u0131 bulduk. Etkinlik i\u00e7in B\u00fcy\u00fck\u015fehir Belediyesine ve ba\u015fkan\u0131m\u0131za te\u015fekk\u00fcr ederiz\u201d dedi.<\/p>\n\n\n\n<p>EGZERS\u0130ZLER YA\u015eLILARA UYGUN<\/p>\n\n\n\n<p>B\u00fcy\u00fck\u015fehir Belediyesi ASF\u0130M kurslar\u0131n\u0131n, ya\u015f\u0131 ilerlemi\u015f bireyler i\u00e7in \u00e7ok \u00f6nemli oldu\u011funu s\u00f6yleyen kursiyer Nam\u0131k Aclan \u201cE\u015fimle birlikte iki ayd\u0131r bu kursa kat\u0131l\u0131yoruz. Spor ve sa\u011fl\u0131\u011f\u0131m\u0131z i\u00e7in bu t\u00fcr programlar \u00f6nemli. Bizim i\u00e7in \u00e7ok faydal\u0131 bir hizmet. Ba\u015fkan\u0131m\u0131za g\u00f6n\u00fclden te\u015fekk\u00fcr ediyoruz\u201d dedi.<\/p>\n\n\n\n<p>E\u011eLENCE DOLU P\u0130KN\u0130K<\/p>\n\n\n\n<p>Haftan\u0131n \u00fc\u00e7 g\u00fcn\u00fc ASF\u0130M spor merkezlerine gitti\u011fini ve \u00e7ok memnun kald\u0131klar\u0131n\u0131 belirten emekli \u00f6\u011fretmen \u00c7i\u011fdem Tur\u015fucu ise \u201cBug\u00fcn bu piknikte olmaktan dolay\u0131 \u00e7ok mutluyuz. \u00c7ok g\u00fczel bir etkinlik. Ben emekli \u00f6\u011fretmenim y\u0131llarca \u00f6\u011frencilerimle \u00e7ok pikni\u011fe gittik. Ama b\u00f6yle masas\u0131, sandalyesi haz\u0131r, g\u00f6lgelikleri haz\u0131r, m\u00fczik ve e\u011flence dolu bir etkinli\u011fe kat\u0131lmam\u0131\u015ft\u0131k. \u00c7ok e\u011flendik ve g\u00fczel bir ge\u00e7irdik\u201d diyerek Ba\u015fkan B\u00f6cek\u2019e te\u015fekk\u00fcr etti.<\/p>\n\n\n\n<p>Antalya B\u00fcy\u00fck\u015fehir Belediyesi \/ B\u00fclten<\/p>\n","protected":false},"excerpt":{"rendered":"<p>Antalya B\u00fcy\u00fck\u015fehir Belediyesi ASF\u0130M merkezlerinde egzersiz kurslar\u0131 alan parkinson hastalar\u0131 i\u00e7in moral ve motivasyon pikni\u011fi d\u00fczenlendi. G\u00fcne\u015fli g\u00fcn\u00fcn tad\u0131n\u0131 \u00e7\u0131karan, hasta ve hasta yak\u0131nlar\u0131 doyas\u0131ya <a href=\"https:\/\/akdenizhaber.com.tr\/index.php\/2024\/06\/03\/parkinson-hastalari-doyasiya-eglendiler\/\" class=\"read-more-link\">[more&#8230;]<\/a><\/p>\n","protected":false},"author":2,"featured_media":24535,"comment_status":"open","ping_status":"open","sticky":false,"template":"","format":"standard","meta":{"footnotes":""},"categories":[2],"tags":[],"class_list":["post-24534","post","type-post","status-publish","format-standard","has-post-thumbnail","hentry","category-gundem"],"_links":{"self":[{"href":"https:\/\/akdenizhaber.com.tr\/index.php\/wp-json\/wp\/v2\/posts\/24534","targetHints":{"allow":["GET"]}}],"collection":[{"href":"https:\/\/akdenizhaber.com.tr\/index.php\/wp-json\/wp\/v2\/posts"}],"about":[{"href":"https:\/\/akdenizhaber.com.tr\/index.php\/wp-json\/wp\/v2\/types\/post"}],"author":[{"embeddable":true,"href":"https:\/\/akdenizhaber.com.tr\/index.php\/wp-json\/wp\/v2\/users\/2"}],"replies":[{"embeddable":true,"href":"https:\/\/akdenizhaber.com.tr\/index.php\/wp-json\/wp\/v2\/comments?post=24534"}],"version-history":[{"count":1,"href":"https:\/\/akdenizhaber.com.tr\/index.php\/wp-json\/wp\/v2\/posts\/24534\/revisions"}],"predecessor-version":[{"id":24536,"href":"https:\/\/akdenizhaber.com.tr\/index.php\/wp-json\/wp\/v2\/posts\/24534\/revisions\/24536"}],"wp:featuredmedia":[{"embeddable":true,"href":"https:\/\/akdenizhaber.com.tr\/index.php\/wp-json\/wp\/v2\/media\/24535"}],"wp:attachment":[{"href":"https:\/\/akdenizhaber.com.tr\/index.php\/wp-json\/wp\/v2\/media?parent=24534"}],"wp:term":[{"taxonomy":"category","embeddable":true,"href":"https:\/\/akdenizhaber.com.tr\/index.php\/wp-json\/wp\/v2\/categories?post=24534"},{"taxonomy":"post_tag","embeddable":true,"href":"https:\/\/akdenizhaber.com.tr\/index.php\/wp-json\/wp\/v2\/tags?post=24534"}],"curies":[{"name":"wp","href":"https:\/\/api.w.org\/{rel}","templated":true}]}}