{"id":24530,"date":"2024-05-30T13:42:06","date_gmt":"2024-05-30T10:42:06","guid":{"rendered":"https:\/\/akdenizhaber.com.tr\/?p=24530"},"modified":"2024-05-30T13:42:07","modified_gmt":"2024-05-30T10:42:07","slug":"manavgat-belediyesinden-kadin-sagligina-yonelik-konferans","status":"publish","type":"post","link":"https:\/\/akdenizhaber.com.tr\/index.php\/2024\/05\/30\/manavgat-belediyesinden-kadin-sagligina-yonelik-konferans\/","title":{"rendered":"Manavgat Belediyesi\u2019nden Kad\u0131n Sa\u011fl\u0131\u011f\u0131na Y\u00f6nelik Konferans"},"content":{"rendered":"\n<p>Kad\u0131n Hastal\u0131klar\u0131 ve Do\u011fum Uzman\u0131 Do\u00e7. Dr. Mehmet Sak\u0131nc\u0131, Manavgat Atat\u00fcrk K\u00fclt\u00fcr Merkezi\u2019nde \u201cKad\u0131n Hastal\u0131klar\u0131 \u00d6nlenebilir Mi?\u201dba\u015fl\u0131kl\u0131 bir konferans verdi.<\/p>\n\n\n\n<p>Manavgat Belediyesi\u2019nin, kent halk\u0131na y\u00f6nelik d\u00fczenledi\u011fi e\u011fitim seminerleri devam ediyor. Kad\u0131n sa\u011fl\u0131\u011f\u0131 kapsam\u0131nda, Kad\u0131n Hastal\u0131klar\u0131 ve Do\u011fum Uzman\u0131 Do\u00e7. Dr. Mehmet Sak\u0131nc\u0131, Manavgat Atat\u00fcrk K\u00fclt\u00fcr Merkezi\u2019nde \u201cKad\u0131n Hastal\u0131klar\u0131 \u00d6nlenebilir Mi?\u201d ba\u015fl\u0131kl\u0131 bir konferans verdi. Konferansa, Manavgat Belediye Ba\u015fkan\u0131 Niyazi Nefi Kara ile e\u015fi Hacer Ceyhan Kara, belediye ba\u015fkan yard\u0131mc\u0131lar\u0131, birim m\u00fcd\u00fcrleri, belediye meclis \u00fcyeleri, STK temsilcileri, oda ba\u015fkanlar\u0131, muhtarlar ve y\u00fczlerce vatanda\u015f kat\u0131ld\u0131. Konferansta Kad\u0131n Hastal\u0131klar\u0131 ve Do\u011fum Uzman\u0131 Do\u00e7. Dr. Mehmet Sak\u0131nc\u0131 taraf\u0131ndan Smear, HPV testi, HPV a\u015f\u0131lar\u0131, mamografi, kad\u0131n sa\u011fl\u0131\u011f\u0131, erken te\u015fhis ve meme ultrasonu konular\u0131nda bilgiler verildi.<\/p>\n\n\n\n<p>Sa\u011fl\u0131k alan\u0131ndaki son geli\u015fmeleri ve kanserle m\u00fccadelede yeni yakla\u015f\u0131mlar\u0131 kat\u0131l\u0131mc\u0131larla payla\u015fan Sak\u0131nc\u0131, sa\u011fl\u0131kl\u0131 ya\u015fam al\u0131\u015fkanl\u0131klar\u0131n\u0131n kanser riskini azaltmada \u00f6nemli bir rol oynad\u0131\u011f\u0131n\u0131 belirtti. Konferansa kat\u0131lanlar, kad\u0131n sa\u011fl\u0131\u011f\u0131na dair fark\u0131ndal\u0131klar\u0131n\u0131 art\u0131rm\u0131\u015f olman\u0131n yan\u0131 s\u0131ra, kanserle m\u00fccadelede bireysel olarak yapabilecekleri ad\u0131mlar hakk\u0131nda da bilgi sahibi oldular. Kad\u0131nlar\u0131n yo\u011fun ilgi g\u00f6sterdi\u011fi seminer, soru-cevap b\u00f6l\u00fcm\u00fcyle sona erdi. Doktor Sak\u0131nc\u0131\u2019yaManavgat Belediye Ba\u015fkan\u0131 Niyazi Nefi Kara taraf\u0131ndan plaket, Manavgat Belediye Ba\u015fkan Yard\u0131mc\u0131s\u0131 G\u00fcls\u00fcm \u00d6zer taraf\u0131ndan da \u00e7i\u00e7ek takdiminde bulunuldu.<\/p>\n\n\n\n<p>\u201cDaha g\u00fc\u00e7l\u00fc ad\u0131mlar ataca\u011f\u0131z\u201d<\/p>\n\n\n\n<p>Konferans\u0131n ard\u0131ndan konu\u015fan Manavgat Belediye Ba\u015fkan\u0131 Niyazi Nefi Kara, kad\u0131nlar\u0131n sa\u011fl\u0131\u011f\u0131n\u0131 korumak i\u00e7in daha g\u00fc\u00e7l\u00fc ad\u0131mlar atacaklar\u0131n\u0131 s\u00f6yledi. Ba\u015fkan Kara, \u201cK\u0131ymetli Hocam\u0131z\u0131n ve kat\u0131l\u0131mc\u0131lar\u0131n de\u011ferli katk\u0131lar\u0131yla \u00f6nemli bir fark\u0131ndal\u0131k ve bilin\u00e7lenme s\u00fcreci ya\u015fad\u0131k. Art\u0131k kad\u0131nlar\u0131m\u0131z\u0131n kanser riskini azaltmak i\u00e7in daha bilin\u00e7li ad\u0131mlar atmam\u0131z gerekti\u011fini net bir \u015fekilde g\u00f6rebiliyoruz. Belediye olarak, sa\u011fl\u0131k hizmetlerinin eri\u015filebilirli\u011fini art\u0131rmak, d\u00fczenli tarama programlar\u0131 d\u00fczenlemek ve toplumda sa\u011fl\u0131kl\u0131 ya\u015fam al\u0131\u015fkanl\u0131klar\u0131n\u0131 te\u015fvik etmek gibi \u00f6nlemlerle bu konuda daha etkin bir rol oynayaca\u011f\u0131z. Hep birlikte, kad\u0131nlar\u0131m\u0131z\u0131n sa\u011fl\u0131\u011f\u0131n\u0131 korumak i\u00e7in daha g\u00fc\u00e7l\u00fc ad\u0131mlar atmaya devam edece\u011fiz.\u201d ifadelerini kulland\u0131.<\/p>\n\n\n\n<p>Manavgat Belediyesi \/ B\u00fclten<\/p>\n","protected":false},"excerpt":{"rendered":"<p>Kad\u0131n Hastal\u0131klar\u0131 ve Do\u011fum Uzman\u0131 Do\u00e7. Dr. Mehmet Sak\u0131nc\u0131, Manavgat Atat\u00fcrk K\u00fclt\u00fcr Merkezi\u2019nde \u201cKad\u0131n Hastal\u0131klar\u0131 \u00d6nlenebilir Mi?\u201dba\u015fl\u0131kl\u0131 bir konferans verdi. Manavgat Belediyesi\u2019nin, kent halk\u0131na y\u00f6nelik <a href=\"https:\/\/akdenizhaber.com.tr\/index.php\/2024\/05\/30\/manavgat-belediyesinden-kadin-sagligina-yonelik-konferans\/\" class=\"read-more-link\">[more&#8230;]<\/a><\/p>\n","protected":false},"author":2,"featured_media":24531,"comment_status":"open","ping_status":"open","sticky":false,"template":"","format":"standard","meta":{"footnotes":""},"categories":[2],"tags":[],"class_list":["post-24530","post","type-post","status-publish","format-standard","has-post-thumbnail","hentry","category-gundem"],"_links":{"self":[{"href":"https:\/\/akdenizhaber.com.tr\/index.php\/wp-json\/wp\/v2\/posts\/24530","targetHints":{"allow":["GET"]}}],"collection":[{"href":"https:\/\/akdenizhaber.com.tr\/index.php\/wp-json\/wp\/v2\/posts"}],"about":[{"href":"https:\/\/akdenizhaber.com.tr\/index.php\/wp-json\/wp\/v2\/types\/post"}],"author":[{"embeddable":true,"href":"https:\/\/akdenizhaber.com.tr\/index.php\/wp-json\/wp\/v2\/users\/2"}],"replies":[{"embeddable":true,"href":"https:\/\/akdenizhaber.com.tr\/index.php\/wp-json\/wp\/v2\/comments?post=24530"}],"version-history":[{"count":1,"href":"https:\/\/akdenizhaber.com.tr\/index.php\/wp-json\/wp\/v2\/posts\/24530\/revisions"}],"predecessor-version":[{"id":24532,"href":"https:\/\/akdenizhaber.com.tr\/index.php\/wp-json\/wp\/v2\/posts\/24530\/revisions\/24532"}],"wp:featuredmedia":[{"embeddable":true,"href":"https:\/\/akdenizhaber.com.tr\/index.php\/wp-json\/wp\/v2\/media\/24531"}],"wp:attachment":[{"href":"https:\/\/akdenizhaber.com.tr\/index.php\/wp-json\/wp\/v2\/media?parent=24530"}],"wp:term":[{"taxonomy":"category","embeddable":true,"href":"https:\/\/akdenizhaber.com.tr\/index.php\/wp-json\/wp\/v2\/categories?post=24530"},{"taxonomy":"post_tag","embeddable":true,"href":"https:\/\/akdenizhaber.com.tr\/index.php\/wp-json\/wp\/v2\/tags?post=24530"}],"curies":[{"name":"wp","href":"https:\/\/api.w.org\/{rel}","templated":true}]}}