{"id":24504,"date":"2024-05-30T13:35:17","date_gmt":"2024-05-30T10:35:17","guid":{"rendered":"https:\/\/akdenizhaber.com.tr\/?p=24504"},"modified":"2024-05-30T13:35:17","modified_gmt":"2024-05-30T10:35:17","slug":"tazelenme-universitesinden-110-ogrenci-mezun-oldu","status":"publish","type":"post","link":"https:\/\/akdenizhaber.com.tr\/index.php\/2024\/05\/30\/tazelenme-universitesinden-110-ogrenci-mezun-oldu\/","title":{"rendered":"Tazelenme \u00dcniversitesi\u2019nden 110 \u00f6\u011frenci mezun oldu"},"content":{"rendered":"\n<p>Akdeniz \u00dcniversitesi\u2019nde 60+ Tazelenme \u00dcniversitesi \u00dc\u00e7\u00fcnc\u00fc D\u00f6nem Mezuniyet T\u00f6reni\u2019nde 110 tazelenme \u00f6\u011frencisi mezun oldu.<\/p>\n\n\n\n<p>Akdeniz \u00dcniversitesi Ya\u015fl\u0131l\u0131k \u00c7al\u0131\u015fmalar\u0131 Uygulama ve Ara\u015ft\u0131rma Merkezi (YA\u00c7UMER) taraf\u0131ndan 60+ Tazelenme \u00dcniversitesi 3. D\u00f6nem Mezuniyet T\u00f6reni Atat\u00fcrk Konferans Salonu\u2019nda ger\u00e7ekle\u015ftirildi. T\u00f6rene Akdeniz \u00dcniversitesi Rekt\u00f6r\u00fc Prof. Dr. \u00d6zlenen \u00d6zkan, Rekt\u00f6r Yard\u0131mc\u0131lar\u0131 Prof. Dr. Ay\u015fe G\u00fclbin Ar\u0131c\u0131, Prof. Dr. Cengiz Toker, Sa\u011fl\u0131k Bilimleri Fak\u00fcltesi Dekan\u0131 Prof. Dr. Aygen Y\u0131lmaz, Ya\u015fl\u0131l\u0131k \u00c7al\u0131\u015fmalar\u0131 Ara\u015ft\u0131rma ve Uygulama Merkez M\u00fcd\u00fcr\u00fc (YA\u00c7UMER) ve Gerontoloji B\u00f6l\u00fcm Ba\u015fkan\u0131 Prof. Dr. \u0130smail Tufan, Aile ve Sosyal Hizmetler Bakanl\u0131\u011f\u0131 Engelli ve Ya\u015fl\u0131 Hizmetleri \u015eube M\u00fcd\u00fcr\u00fc B\u00fclent Kayaku\u015f, Akdeniz \u00dcniversitesi \u00f6\u011fretim \u00fcyeleri ve tazelenme \u00f6\u011frencileri kat\u0131ld\u0131.<\/p>\n\n\n\n<p><strong>\u00dcN\u0130VERS\u0130TEM\u0130Z\u0130N KAPILARI S\u0130ZLERE HER ZAMAN A\u00c7IK<\/strong><\/p>\n\n\n\n<p>Akdeniz \u00dcniversitesi Rekt\u00f6r\u00fc Prof. Dr. \u00d6zlenen \u00d6zkan, \u201cT\u00fcrkiye\u2019ye \u00f6rnek olan Tazelenme \u00dcniversite\u2019mizin mezuniyet t\u00f6reninde, b\u00fcy\u00fck bir cesaret ve azim \u00f6rne\u011fi g\u00f6sterip ikinci baharlar\u0131n\u0131 e\u011fitime adayan siz k\u0131ymetli b\u00fcy\u00fcklerimizle bir arada olmaktan mutluluk duyuyorum. Mezun olacak \u00f6\u011frencilerimizi kutluyorum. Hepiniz buruk bir sevin\u00e7 ya\u015f\u0131yorsunuz, bunun fark\u0131nday\u0131m. Ama bu bir veda de\u011fil. \u015eunu vurgulayarak konu\u015fmama ba\u015flamak istiyorum: \u00dcniversitemizin kap\u0131lar\u0131 sizlere her zaman a\u00e7\u0131k.\u201d dedi.<\/p>\n\n\n\n<p><strong>TAZELENME \u00dcN\u0130VERS\u0130TES\u0130 PROJES\u0130, \u00dcLKE GENEL\u0130NDE YAYGINLA\u015eTI<\/strong><\/p>\n\n\n\n<p>Rekt\u00f6r \u00d6zkan, \u201cAkdeniz \u00dcniversitesi olarak bu alanda \u00f6nc\u00fc \u00e7al\u0131\u015fmalar y\u00fcr\u00fctt\u00fc\u011f\u00fcm\u00fcz\u00fc gururla s\u00f6yleyebilirim. Bildi\u011finiz gibi \u00fcniversitemizde ba\u015flayan Tazelenme \u00dcniversitesi projesi, Ege\u2019den Malatya\u2019ya kadar \u00fclke genelinde yayg\u0131nla\u015ft\u0131. Ayr\u0131ca Spor Bilimleri Fak\u00fcltemiz b\u00fcnyesinde de Ya\u015fl\u0131larda Egzersiz ve Spor alan\u0131nda \u00e7al\u0131\u015fmalar ba\u015flatt\u0131k. \u00dclkemizde ilk olan bu \u00e7al\u0131\u015fma da T\u00fcrkiye\u2019ye \u00f6rnek te\u015fkil etti. Bu vesileyle Gerontoloji B\u00f6l\u00fcm Ba\u015fkan\u0131m\u0131z Prof. Dr. \u0130smail Tufan hocam\u0131z ba\u015fta olmak \u00fczere Tazelenme \u00dcniversitesi projesinin hayata ge\u00e7irilmesine katk\u0131 sa\u011flayan, emek veren t\u00fcm hocalar\u0131m\u0131za te\u015fekk\u00fcr ediyorum.\u201d \u015feklinde konu\u015ftu.<\/p>\n\n\n\n<p><strong>\u0130K\u0130NC\u0130 BAHARINIZDA YER ALMAKTAN GURUR DUYUYORUZ<\/strong><\/p>\n\n\n\n<p>Rekt\u00f6r \u00d6zkan, \u201cSizler \u00f6\u011frenmenin ya\u015f\u0131n\u0131n olmad\u0131\u011f\u0131n\u0131 kan\u0131tlad\u0131n\u0131z. Hayat\u0131n her a\u015famas\u0131nda yeni bilgiler edinmenin, yeni dostluklar kurman\u0131n ve ki\u015fisel geli\u015fim yolculu\u011funuzda yeni ad\u0131mlar atman\u0131n ne kadar de\u011ferli oldu\u011funu g\u00f6sterdiniz. Akdeniz \u00dcniversitesi olarak sizlerin ikinci baharlar\u0131nda \u00f6nemli bir yer alma ayr\u0131cal\u0131\u011f\u0131na sahip olmaktan gurur duyuyoruz. Bug\u00fcn, burada yaln\u0131zca bir e\u011fitim s\u00fcrecini tamamlam\u0131\u015f olman\u0131n \u00f6tesinde, azminiz, kararl\u0131l\u0131\u011f\u0131n\u0131z ve \u00f6\u011frenmeye olan bitmek bilmez tutkunuzla hepimize ilham verdiniz. \u00dcniversitemizde ge\u00e7irdi\u011finiz bu s\u00fcre\u00e7te, sadece bilgi de\u011fil, ayn\u0131 zamanda hayat tecr\u00fcbeleri ve yeni bak\u0131\u015f a\u00e7\u0131lar\u0131 da kazand\u0131n\u0131z. Bu noktaya gelmek i\u00e7in sarf etti\u011finiz emek, g\u00f6sterdi\u011finiz sab\u0131r ve azim i\u00e7in hepinizi tebrik ediyorum.\u201d ifadelerini kulland\u0131.<\/p>\n\n\n\n<p><strong>AKDEN\u0130Z \u00dcN\u0130VERS\u0130TES\u0130 A\u0130LEM\u0130Z\u0130N B\u0130R PAR\u00c7ASISINIZ<\/strong><\/p>\n\n\n\n<p>Rekt\u00f6r \u00d6zkan, \u201cBa\u015fta da dedi\u011fim gibi bu bir veda de\u011fil. Sizler art\u0131k Akdeniz \u00dcniversitesi ailemizin bir par\u00e7as\u0131s\u0131n\u0131z. Hem \u00fcniversitemizin hem de g\u00f6nl\u00fcm\u00fcz\u00fcn kap\u0131lar\u0131 sizlere her daim a\u00e7\u0131k. Baht\u0131n\u0131z a\u00e7\u0131k \u00f6mr\u00fcn\u00fcz bereketli olsun. Bu g\u00fczel g\u00fcndeki ne\u015fenizi ve heyecan\u0131n\u0131z\u0131 hi\u00e7 kaybetmeyin. Her ya\u015f\u0131n ayr\u0131 g\u00fczelli\u011fi var. Hayata anlam katmak bizim elimizde. Sizin varl\u0131\u011f\u0131n\u0131z bunun en b\u00fcy\u00fck ispat\u0131. \u0130yi ki vars\u0131n\u0131z, hep var olun, sa\u011fl\u0131kla kal\u0131n. Hepinize sevgi ve sayg\u0131lar\u0131m\u0131 sunuyorum.\u201d dedi.<\/p>\n\n\n\n<p><strong>B\u0130R\u0130 KIBRIS\u2019TA 13 \u00dcN\u0130VERS\u0130TEDE 60+ TAZELENME \u00dcN\u0130VERS\u0130TES\u0130<\/strong><\/p>\n\n\n\n<p>Ya\u015fl\u0131l\u0131k \u00c7al\u0131\u015fmalar\u0131 Ara\u015ft\u0131rma ve Uygulama Merkez M\u00fcd\u00fcr\u00fc (YA\u00c7UMER) ve Gerontoloji B\u00f6l\u00fcm Ba\u015fkan\u0131 Prof. Dr. \u0130smail Tufan, \u201c3. Mezuniyet T\u00f6reni\u2019nde sizlerle birlikte olmaktan gurur duyuyoruz. Biri K\u0131br\u0131s\u2019ta 13 \u00fcniversitemizde bireylere \u00f6m\u00fcr boyu \u00f6\u011frenme imkan\u0131 sunan 2006 y\u0131l\u0131nda Akdeniz \u00dcniversitesi\u2019nde hayat bulan 60+ Tazelenme \u00dcniversitesi topluma ve bireye katt\u0131\u011f\u0131 de\u011ferlerle \u00f6\u011frenmenin ya\u015f s\u0131n\u0131r\u0131 olmad\u0131\u011f\u0131n\u0131 bir kez daha kan\u0131tlam\u0131\u015ft\u0131r. Sizlerin burada olman\u0131z \u00f6m\u00fcr boyu \u00f6\u011frenmenin \u00f6nemini vurgulamaktad\u0131r. \u00d6\u011frenme arzusunun hi\u00e7bir zaman bitmedi\u011finin en g\u00fczel \u00f6rne\u011fi sizlersiniz.\u201d dedi.<\/p>\n\n\n\n<p>Akdeniz \u00dcniversitesi 60+ Tazelenme \u00dcniversitesi\u2019nin T\u00fcrkiye\u2019de yayg\u0131nla\u015farak devam etmesinin en b\u00fcy\u00fck temennileri oldu\u011funu vurgulayan Prof. Dr. \u0130smail Tufan, \u201c60+ Tazelenme \u00dcniversitesi \u00fclkemizde her ge\u00e7en g\u00fcn a\u00e7\u0131larak devam ediyor. Yeni \u00fcniversitelerin b\u00fcnyesinde 60+ Tazelenme \u00dcniversitesi Kamp\u00fcsleri kuruluyor. En son Mu\u015f Alparslan \u00dcniversitesi\u2019nde yeni kamp\u00fcs\u00fcm\u00fcz yeni \u00f6\u011frencilerimizle bulu\u015ftuk. Ard\u0131ndan \u015e\u0131rnak, Batman, Hakkari, Sivas, Malatya bunlar da dahil olacak. Dolay\u0131s\u0131yla b\u00fcy\u00fck bir ailenin bir par\u00e7as\u0131 olarak sizleri mezuniyetinizde selamlamaktan b\u00fcy\u00fck bir mutluluk duyuyorum.\u201d ifadelerini kulland\u0131.<\/p>\n\n\n\n<p><strong>YA\u015eLILIK \u00c7ALI\u015eMALARINDA \u00dcLKEM\u0130ZDE \u00d6NC\u00dc \u00dcN\u0130VERS\u0130TE<\/strong><\/p>\n\n\n\n<p>Aile ve Sosyal Hizmetler Bakanl\u0131\u011f\u0131 Engelli ve Ya\u015fl\u0131 Hizmetleri \u015eube M\u00fcd\u00fcr\u00fc B\u00fclent Kayaku\u015f, Akdeniz \u00dcniversitesi 60+ Tazelenme \u00dcniversitesi ile ya\u015fl\u0131 \u00e7al\u0131\u015fmalar\u0131nda \u00fclkemizde \u00f6nc\u00fc \u00fcniversitelerden bir tanesi. Tazelenme \u00dcniversitesi\u2019nin ba\u015flang\u0131c\u0131n\u0131 ger\u00e7ekle\u015ftiren y\u00fcksek lisans\u0131 yolunu a\u00e7an \u00fcniversitemizi biz de bakanl\u0131k olarak ya\u015fl\u0131 hizmetlerinize verdi\u011fimiz \u00f6nemden dolay\u0131 de\u011ferli bir ortak olarak g\u00f6r\u00fcp bu s\u00fcreci destekleyip geli\u015ftirmek ad\u0131na kendimize bir misyon belirledik.\u201d dedi.<\/p>\n\n\n\n<p>Konu\u015fmalar\u0131n ard\u0131ndan mezun olan \u00f6\u011frencilere belge takdimi ger\u00e7ekle\u015ftirildi.<\/p>\n\n\n\n<p>Akdeniz \u00dcniversitesi Rekt\u00f6rl\u00fc\u011f\u00fc \/ B\u00fclten<\/p>\n","protected":false},"excerpt":{"rendered":"<p>Akdeniz \u00dcniversitesi\u2019nde 60+ Tazelenme \u00dcniversitesi \u00dc\u00e7\u00fcnc\u00fc D\u00f6nem Mezuniyet T\u00f6reni\u2019nde 110 tazelenme \u00f6\u011frencisi mezun oldu. Akdeniz \u00dcniversitesi Ya\u015fl\u0131l\u0131k \u00c7al\u0131\u015fmalar\u0131 Uygulama ve Ara\u015ft\u0131rma Merkezi (YA\u00c7UMER) taraf\u0131ndan 60+ <a href=\"https:\/\/akdenizhaber.com.tr\/index.php\/2024\/05\/30\/tazelenme-universitesinden-110-ogrenci-mezun-oldu\/\" class=\"read-more-link\">[more&#8230;]<\/a><\/p>\n","protected":false},"author":2,"featured_media":24505,"comment_status":"open","ping_status":"open","sticky":false,"template":"","format":"standard","meta":{"footnotes":""},"categories":[2],"tags":[],"class_list":["post-24504","post","type-post","status-publish","format-standard","has-post-thumbnail","hentry","category-gundem"],"_links":{"self":[{"href":"https:\/\/akdenizhaber.com.tr\/index.php\/wp-json\/wp\/v2\/posts\/24504","targetHints":{"allow":["GET"]}}],"collection":[{"href":"https:\/\/akdenizhaber.com.tr\/index.php\/wp-json\/wp\/v2\/posts"}],"about":[{"href":"https:\/\/akdenizhaber.com.tr\/index.php\/wp-json\/wp\/v2\/types\/post"}],"author":[{"embeddable":true,"href":"https:\/\/akdenizhaber.com.tr\/index.php\/wp-json\/wp\/v2\/users\/2"}],"replies":[{"embeddable":true,"href":"https:\/\/akdenizhaber.com.tr\/index.php\/wp-json\/wp\/v2\/comments?post=24504"}],"version-history":[{"count":1,"href":"https:\/\/akdenizhaber.com.tr\/index.php\/wp-json\/wp\/v2\/posts\/24504\/revisions"}],"predecessor-version":[{"id":24506,"href":"https:\/\/akdenizhaber.com.tr\/index.php\/wp-json\/wp\/v2\/posts\/24504\/revisions\/24506"}],"wp:featuredmedia":[{"embeddable":true,"href":"https:\/\/akdenizhaber.com.tr\/index.php\/wp-json\/wp\/v2\/media\/24505"}],"wp:attachment":[{"href":"https:\/\/akdenizhaber.com.tr\/index.php\/wp-json\/wp\/v2\/media?parent=24504"}],"wp:term":[{"taxonomy":"category","embeddable":true,"href":"https:\/\/akdenizhaber.com.tr\/index.php\/wp-json\/wp\/v2\/categories?post=24504"},{"taxonomy":"post_tag","embeddable":true,"href":"https:\/\/akdenizhaber.com.tr\/index.php\/wp-json\/wp\/v2\/tags?post=24504"}],"curies":[{"name":"wp","href":"https:\/\/api.w.org\/{rel}","templated":true}]}}