{"id":24426,"date":"2024-05-28T14:22:30","date_gmt":"2024-05-28T11:22:30","guid":{"rendered":"https:\/\/akdenizhaber.com.tr\/?p=24426"},"modified":"2024-05-28T14:31:52","modified_gmt":"2024-05-28T11:31:52","slug":"manavgat-belediyesinden-yenilenebilir-enerji-adimi","status":"publish","type":"post","link":"https:\/\/akdenizhaber.com.tr\/index.php\/2024\/05\/28\/manavgat-belediyesinden-yenilenebilir-enerji-adimi\/","title":{"rendered":"Manavgat Belediyesi\u2019nden Yenilenebilir Enerji Ad\u0131m\u0131"},"content":{"rendered":"\n<p>Manavgat Belediyesi GES (G\u00fcne\u015f Enerji Santrali) projesi, belediye binas\u0131nda yap\u0131lan bas\u0131n toplant\u0131s\u0131yla halka duyuruldu.<\/p>\n\n\n\n<p>Manavgat Belediyesi yenilenebilir enerji kaynaklar\u0131 yat\u0131r\u0131mlar\u0131na bir yenisini daha ekliyor. Manavgat Belediyesi\u2019nin G\u00fcne\u015f Enerji Santrali Projesi, belediye binas\u0131nda yap\u0131lan bas\u0131n toplant\u0131s\u0131yla halka duyuruldu. Toplant\u0131ya, Manavgat Belediye Ba\u015fkan\u0131 Niyazi Nefi Kara, CHP Manavgat \u0130l\u00e7e Ba\u015fkan\u0131 Oykun Ba\u015far, belediye ba\u015fkan yard\u0131mc\u0131lar\u0131, STK temsilcileri, oda ba\u015fkanlar\u0131, muhtarlar ve bas\u0131n mensuplar\u0131 kat\u0131ld\u0131.<\/p>\n\n\n\n<p>Proje, D\u00fcza\u011fa\u00e7 Mahallesinde, m\u00fclkiyeti Manavgat Belediyesi\u2019ne ait 181 ada 4 parselde toplam 28.600m\u00b2&nbsp; alanda in\u015fa edilecek. Proje kapsam\u0131nda 4800 adet \u00e7ift y\u00fczl\u00fc, yar\u0131 kesimli, monokristalfotovoltaik panel kullan\u0131lacak. Son derece titizlikle haz\u0131rlanan projede kamera g\u00f6r\u00fcnt\u00fcleme sistemleri, \u00e7evre ayd\u0131nlatma sistemleri, yang\u0131na kar\u015f\u0131 g\u00fcvenlik sistemleri bulunacak. T\u00fcm g\u00fcvenlik, izleme ve g\u00f6r\u00fcnt\u00fcleme, depo sistemleri santral i\u00e7erisinde yer alan idari binadan y\u00f6netilecek. Proje i\u00e7in yap\u0131lan fizibilite \u00e7al\u0131\u015fmas\u0131na g\u00f6re santralde, ilk y\u0131l yakla\u015f\u0131k olarak 4.882 MWh elektrik \u00fcretilecek. Belediyenin toplam elektrik t\u00fcketiminin yakla\u015f\u0131k %86\u2019s\u0131n\u0131 kar\u015f\u0131lamas\u0131 beklenen projenin, 9 ayda hayata ge\u00e7irilmesi hedefleniyor.<\/p>\n\n\n\n<p>\u0130klim de\u011fi\u015fikli\u011fiyle m\u00fccadelede \u00f6nemli bir ad\u0131m<\/p>\n\n\n\n<p>GES projesi, Manavgat Belediyesi\u2019nin elektrik enerji ihtiyac\u0131n\u0131n temiz ve yenilenebilir enerji kaynaklar\u0131ndan elde edilerek belediyenin t\u00fcketim maliyetlerini azaltmay\u0131 hedefliyor. Proje, enerjide fosil yak\u0131tlara olan ba\u011f\u0131ml\u0131l\u0131\u011f\u0131 azaltacak ve il\u00e7enin ekonomik olarak kalk\u0131nmas\u0131n\u0131 sa\u011flayacak. Ayr\u0131ca, temiz enerji kaynaklar\u0131 kullan\u0131larak iklim de\u011fi\u015fikli\u011fiyle m\u00fccadelede ad\u0131m at\u0131larak halk\u0131n \u00e7evresel ve ekonomik refah\u0131na katk\u0131 sa\u011flayacak.Yeni elektrik santrali projesi, \u015fehrin s\u00fcrd\u00fcr\u00fclebilir gelece\u011fine katk\u0131 sa\u011flayacak \u00f6nemli bir ad\u0131m olarak de\u011ferlendiriliyor.<\/p>\n\n\n\n<p>Ba\u015fkan Kara\u2019ya te\u015fekk\u00fcr<\/p>\n\n\n\n<p>Bas\u0131n toplant\u0131s\u0131nda s\u00f6z alan Gen\u00e7ler Mahallesi Muhtar\u0131 Hasan H\u00fcseyin Co\u015far, projeden dolay\u0131 Manavgat Belediye Ba\u015fkan\u0131 Niyazi Nefi Kara\u2019ya te\u015fekk\u00fcr etti. Co\u015far,\u201cHES\u2019lerden \u00e7ok \u00e7ektik, y\u0131llard\u0131r m\u00fccadele veriyoruz. GES projesine ge\u00e7ildi\u011fi i\u00e7in Manavgat Belediyesi\u2019ne te\u015fekk\u00fcr ediyorum. 20 y\u0131ld\u0131r HES\u2019e kar\u015f\u0131 u\u011fra\u015f\u0131yoruz.\u201d ifadelerini kulland\u0131.<\/p>\n\n\n\n<p>Ba\u015fkan Kara GES projesini tan\u0131tt\u0131<\/p>\n\n\n\n<p>Tan\u0131t\u0131m toplant\u0131s\u0131n\u0131n a\u00e7\u0131l\u0131\u015f konu\u015fmas\u0131n\u0131 yapan Manavgat Belediye Ba\u015fkan\u0131 Niyazi Nefi Kara, \u201cBug\u00fcn burada sizlerle \u00e7ok \u00f6nemli bir projemizi payla\u015fmak i\u00e7in bir araya geldik. S\u00fcrd\u00fcr\u00fclebilir \u015eehirler Projesi kapsam\u0131nda, D\u00fcnya Bankas\u0131 taraf\u0131ndan finanse edilecek olan ve belediyemiz taraf\u0131ndan y\u00fcr\u00fct\u00fclecek G\u00fcne\u015f Enerjisi Santrali (GES) projemizin tan\u0131t\u0131m\u0131n\u0131 yapmaktan b\u00fcy\u00fck bir gurur ve mutluluk duyuyorum. G\u00fcne\u015f Enerjisi Santrali, Manavgat&#8217;\u0131m\u0131z\u0131n s\u00fcrd\u00fcr\u00fclebilir ve \u00e7evre dostu bir gelece\u011fe ad\u0131m atmas\u0131n\u0131 sa\u011flayacak \u00f6nemli bir projedir. Bu proje, yenilenebilir enerji kaynaklar\u0131n\u0131n kullan\u0131m\u0131n\u0131 art\u0131rarak, afetlere ve iklim de\u011fi\u015fikli\u011finin etkilerine kar\u015f\u0131 \u015fehrimizin direncini g\u00fc\u00e7lendirecektir.\u201d ifadelerini kulland\u0131.<\/p>\n\n\n\n<p>Belediyeye ait t\u00fcketimin %86\u2019s\u0131n\u0131 kar\u015f\u0131layacak<\/p>\n\n\n\n<p>Projeyle birlikte belediyenin elektrik t\u00fcketiminin %86\u2019s\u0131n\u0131 kar\u015f\u0131lamay\u0131 hedeflediklerini s\u00f6yleyen Ba\u015fkan Kara, \u201cD\u00fcza\u011fa\u00e7 Mahallesi&#8217;nde 53.000 metrekare alana in\u015fa edilecek olan projenin kullan\u0131m S\u00fcresi&nbsp;30 y\u0131l olacak.&nbsp;9 ayda tamamlanmas\u0131 \u00f6ng\u00f6r\u00fclen projemizden yakla\u015f\u0131k 260.000 ki\u015fi fayda sa\u011flayacak.&nbsp;Enerji \u00fcretimimiz&nbsp;y\u0131ll\u0131k yakla\u015f\u0131k 5000 MWh olacak.Manavgat GES projesi ile belediyemize ait elektrik t\u00fcketiminin %86&#8217;s\u0131n\u0131 kar\u015f\u0131layaca\u011f\u0131z. Y\u0131ll\u0131k yakla\u015f\u0131k 5000 MWh enerji \u00fcretimi ile enerji maliyetlerimiz \u00f6nemli \u00f6l\u00e7\u00fcde azalacak. B\u00f6ylece enerji i\u00e7in ayr\u0131lan b\u00fct\u00e7emizin b\u00fcy\u00fck bir k\u0131sm\u0131n\u0131 siz de\u011ferli halk\u0131m\u0131z\u0131n di\u011fer ihtiya\u00e7lar\u0131na y\u00f6nlendirebilece\u011fiz. Bu proje, fosil yak\u0131tlara olan ba\u011f\u0131ml\u0131l\u0131\u011f\u0131m\u0131z\u0131 azaltarak \u00e7evremizi koruyacak ve iklim de\u011fi\u015fikli\u011fi ile m\u00fccadelemize katk\u0131 sa\u011flayacakt\u0131r. Temiz ve yenilenebilir enerji kullan\u0131m\u0131, gelecek nesillerimize daha ya\u015fanabilir bir d\u00fcnya b\u0131rakmam\u0131z\u0131 sa\u011flayacak.&nbsp;Projemiz, ekonomik kalk\u0131nmam\u0131z\u0131 destekleyecek ve halk\u0131m\u0131za yeni i\u015f imkanlar\u0131 sunacakt\u0131r. \u0130n\u015faat s\u0131ras\u0131nda \u00f6ncelikli olarak halktan i\u015f\u00e7i istihdam ederek, b\u00f6lge ekonomisine do\u011frudan katk\u0131 sa\u011flayaca\u011f\u0131z.\u201d dedi.<\/p>\n\n\n\n<p>\u201c\u0130klim de\u011fi\u015fikli\u011fiyle m\u00fccadele \u00f6nc\u00fc ad\u0131mlar ataca\u011f\u0131z\u201d<\/p>\n\n\n\n<p>\u0130klim de\u011fi\u015fikli\u011fiyle m\u00fccadelede \u00f6nc\u00fc ad\u0131mlar atacaklar\u0131n\u0131 s\u00f6yleyen Kara, \u201cGES projesiyle Manavgat\u2019\u0131m\u0131z ulusal ve uluslararas\u0131 kalite standartlar\u0131na uyum sa\u011flayacak. Sevgili Manavgatl\u0131lar, sizlerin deste\u011fi ile \u015fehrimizi daha ye\u015fil, daha s\u00fcrd\u00fcr\u00fclebilir ve daha g\u00fc\u00e7l\u00fc bir gelece\u011fe ta\u015f\u0131yaca\u011f\u0131z. G\u00fcne\u015f Enerjisi Santrali projemizle birlikte, \u00e7evresel ve ekonomik refah\u0131 art\u0131racak, iklim de\u011fi\u015fikli\u011fi ile m\u00fccadelede \u00f6nc\u00fc ad\u0131mlar ataca\u011f\u0131z. Hep birlikte, Manavgat&#8217;\u0131m\u0131z\u0131n gelece\u011fini ayd\u0131nlatmak i\u00e7in \u00e7al\u0131\u015fmaya devam edece\u011fiz. Bu \u00f6nemli projeye katk\u0131 sa\u011flayanlara ve siz de\u011ferli halk\u0131m\u0131za te\u015fekk\u00fcr ederim.\u201d diye konu\u015ftu.<\/p>\n\n\n\n<p>Manavgat Belediyesi \/ B\u00fclten<\/p>\n","protected":false},"excerpt":{"rendered":"<p>Manavgat Belediyesi GES (G\u00fcne\u015f Enerji Santrali) projesi, belediye binas\u0131nda yap\u0131lan bas\u0131n toplant\u0131s\u0131yla halka duyuruldu. Manavgat Belediyesi yenilenebilir enerji kaynaklar\u0131 yat\u0131r\u0131mlar\u0131na bir yenisini daha ekliyor. Manavgat <a href=\"https:\/\/akdenizhaber.com.tr\/index.php\/2024\/05\/28\/manavgat-belediyesinden-yenilenebilir-enerji-adimi\/\" class=\"read-more-link\">[more&#8230;]<\/a><\/p>\n","protected":false},"author":2,"featured_media":24428,"comment_status":"open","ping_status":"open","sticky":false,"template":"","format":"standard","meta":{"footnotes":""},"categories":[2],"tags":[],"class_list":["post-24426","post","type-post","status-publish","format-standard","has-post-thumbnail","hentry","category-gundem"],"_links":{"self":[{"href":"https:\/\/akdenizhaber.com.tr\/index.php\/wp-json\/wp\/v2\/posts\/24426","targetHints":{"allow":["GET"]}}],"collection":[{"href":"https:\/\/akdenizhaber.com.tr\/index.php\/wp-json\/wp\/v2\/posts"}],"about":[{"href":"https:\/\/akdenizhaber.com.tr\/index.php\/wp-json\/wp\/v2\/types\/post"}],"author":[{"embeddable":true,"href":"https:\/\/akdenizhaber.com.tr\/index.php\/wp-json\/wp\/v2\/users\/2"}],"replies":[{"embeddable":true,"href":"https:\/\/akdenizhaber.com.tr\/index.php\/wp-json\/wp\/v2\/comments?post=24426"}],"version-history":[{"count":1,"href":"https:\/\/akdenizhaber.com.tr\/index.php\/wp-json\/wp\/v2\/posts\/24426\/revisions"}],"predecessor-version":[{"id":24427,"href":"https:\/\/akdenizhaber.com.tr\/index.php\/wp-json\/wp\/v2\/posts\/24426\/revisions\/24427"}],"wp:featuredmedia":[{"embeddable":true,"href":"https:\/\/akdenizhaber.com.tr\/index.php\/wp-json\/wp\/v2\/media\/24428"}],"wp:attachment":[{"href":"https:\/\/akdenizhaber.com.tr\/index.php\/wp-json\/wp\/v2\/media?parent=24426"}],"wp:term":[{"taxonomy":"category","embeddable":true,"href":"https:\/\/akdenizhaber.com.tr\/index.php\/wp-json\/wp\/v2\/categories?post=24426"},{"taxonomy":"post_tag","embeddable":true,"href":"https:\/\/akdenizhaber.com.tr\/index.php\/wp-json\/wp\/v2\/tags?post=24426"}],"curies":[{"name":"wp","href":"https:\/\/api.w.org\/{rel}","templated":true}]}}