{"id":24387,"date":"2024-05-28T13:44:40","date_gmt":"2024-05-28T10:44:40","guid":{"rendered":"https:\/\/akdenizhaber.com.tr\/?p=24387"},"modified":"2024-05-28T13:44:41","modified_gmt":"2024-05-28T10:44:41","slug":"atasem-kursiyerlerinden-yilsonu-sergisi","status":"publish","type":"post","link":"https:\/\/akdenizhaber.com.tr\/index.php\/2024\/05\/28\/atasem-kursiyerlerinden-yilsonu-sergisi\/","title":{"rendered":"ATASEM kursiyerlerinden y\u0131lsonu sergisi"},"content":{"rendered":"\n<p>Antalya B\u00fcy\u00fck\u015fehir Belediyesi Atat\u00fcrk Sanat ve Meslek Kurslar\u0131nda (ATASEM) e\u011fitim g\u00f6ren kursiyerlerin y\u0131l boyunca ald\u0131klar\u0131 e\u011fitimin ard\u0131ndan haz\u0131rlad\u0131klar\u0131 el eme\u011fi \u00fcr\u00fcnler y\u0131lsonu sergisiyle ziyarete a\u00e7\u0131ld\u0131. ATASEM kursiyerlerinin 17\u2019inci Y\u0131lsonu sergisi b\u00fcy\u00fck be\u011feni toplad\u0131.<\/p>\n\n\n\n<p>Antalya B\u00fcy\u00fck\u015fehir Belediyesi\u2019nin 2023-2024 d\u00f6neminde a\u00e7t\u0131\u011f\u0131 ATASEM kurslar\u0131na 19 il\u00e7ede 27 kurs merkezinde 33 alanda 285 farkl\u0131 bran\u015fta a\u00e7\u0131lan 968 kursa 16 bin 670 kursiyer kat\u0131ld\u0131. ATASEM kursiyerlerinin bir y\u0131l boyunca ald\u0131klar\u0131 e\u011fitimin ard\u0131ndan haz\u0131rlad\u0131klar\u0131 el eme\u011fi \u00fcr\u00fcnleri 17\u2019inci y\u0131l sonu sergisinde be\u011feniye sunuldu. Cam Piramit Fuar ve Kongre Merkezi\u2019nde ger\u00e7ekle\u015ftirilen ATASEM 17. Y\u0131lsonu sergisi a\u00e7\u0131l\u0131\u015f\u0131na B\u00fcy\u00fck\u015fehir Belediyesi Genel Sekreter Yard\u0131mc\u0131s\u0131 Mustafa G\u00fcrb\u00fcz, daire ba\u015fkanlar\u0131, kursiyerler ve vatanda\u015flar kat\u0131ld\u0131.<\/p>\n\n\n\n<p>7\u2019DEN 70\u2019E HERKESE Y\u00d6NEL\u0130K KURSLAR<\/p>\n\n\n\n<p>Sayg\u0131 duru\u015fu ve \u0130stiklal Mar\u015f\u0131\u2019n\u0131n okunmas\u0131yla ba\u015flayan y\u0131l sonu sergisi a\u00e7\u0131l\u0131\u015f t\u00f6reninde ilk olarak halk oyunu kursiyerleri k\u0131sa bir g\u00f6steri yapt\u0131. A\u00e7\u0131l\u0131\u015f t\u00f6reninde konu\u015fun Genel Sekreter Yard\u0131mc\u0131s\u0131 Mustafa G\u00fcrb\u00fcz, Antalya B\u00fcy\u00fck\u015fehir Belediyesi\u2019nin toplumun b\u00fcy\u00fck bir kesimine hitap eden hayat boyu \u00f6\u011frenme faaliyetlerinde 7\u2019den 70\u2019e b\u00fct\u00fcn vatanda\u015flara ula\u015fmaya \u00e7al\u0131\u015ft\u0131klar\u0131n\u0131 s\u00f6yledi. \u00d6rg\u00fcn e\u011fitim d\u0131\u015f\u0131nda kendini geli\u015ftirmek isteyen herkese y\u00f6nelik kurslar\u0131n bulundu\u011funu aktaran Mustafa G\u00fcrb\u00fcz, \u201cKurs merkezlerimizin say\u0131s\u0131n\u0131 art\u0131rarak hem bilimsel hem de sanatsal a\u00e7\u0131dan vatanda\u015flar\u0131m\u0131za hayatlar\u0131 boyunca faydal\u0131 olabilecek ve kendilerini geli\u015ftirecek e\u011fitimler vermeye devam edece\u011fiz\u201d dedi.<\/p>\n\n\n\n<p>2 HAZ\u0130RAN\u2019A KADAR A\u00c7IK KALACAK<\/p>\n\n\n\n<p>Genel Sekreter Yard\u0131mc\u0131s\u0131 G\u00fcrb\u00fcz\u2019\u00fcn konu\u015fmas\u0131ndan sonra ise ATASEM 17\u2019inci y\u0131l sonu sergisinin a\u00e7\u0131l\u0131\u015f kurdelesi kesildi. Mustafa G\u00fcrb\u00fcz, kursiyerlerin el eme\u011fi \u00fcr\u00fcnlerini inceleyerek, kursiyerlerden \u00e7al\u0131\u015fmalar\u0131 hakk\u0131nda bilgi ald\u0131. G\u00fcrb\u00fcz, kursiyerlere \u00e7al\u0131\u015fmalar\u0131ndan dolay\u0131 tebrik etti. ATASEM 17\u2019inci y\u0131l sonu sergisi Cam Piramit Fuar ve Kongre Merkezi\u2019nde 2 Haziran\u2019a kadar ziyarete a\u00e7\u0131k kalacak.<\/p>\n\n\n\n<p>Antalya B\u00fcy\u00fck\u015fehir Belediyesi \/ B\u00fclten<\/p>\n","protected":false},"excerpt":{"rendered":"<p>Antalya B\u00fcy\u00fck\u015fehir Belediyesi Atat\u00fcrk Sanat ve Meslek Kurslar\u0131nda (ATASEM) e\u011fitim g\u00f6ren kursiyerlerin y\u0131l boyunca ald\u0131klar\u0131 e\u011fitimin ard\u0131ndan haz\u0131rlad\u0131klar\u0131 el eme\u011fi \u00fcr\u00fcnler y\u0131lsonu sergisiyle ziyarete a\u00e7\u0131ld\u0131. <a href=\"https:\/\/akdenizhaber.com.tr\/index.php\/2024\/05\/28\/atasem-kursiyerlerinden-yilsonu-sergisi\/\" class=\"read-more-link\">[more&#8230;]<\/a><\/p>\n","protected":false},"author":2,"featured_media":24388,"comment_status":"open","ping_status":"open","sticky":false,"template":"","format":"standard","meta":{"footnotes":""},"categories":[2],"tags":[],"class_list":["post-24387","post","type-post","status-publish","format-standard","has-post-thumbnail","hentry","category-gundem"],"_links":{"self":[{"href":"https:\/\/akdenizhaber.com.tr\/index.php\/wp-json\/wp\/v2\/posts\/24387","targetHints":{"allow":["GET"]}}],"collection":[{"href":"https:\/\/akdenizhaber.com.tr\/index.php\/wp-json\/wp\/v2\/posts"}],"about":[{"href":"https:\/\/akdenizhaber.com.tr\/index.php\/wp-json\/wp\/v2\/types\/post"}],"author":[{"embeddable":true,"href":"https:\/\/akdenizhaber.com.tr\/index.php\/wp-json\/wp\/v2\/users\/2"}],"replies":[{"embeddable":true,"href":"https:\/\/akdenizhaber.com.tr\/index.php\/wp-json\/wp\/v2\/comments?post=24387"}],"version-history":[{"count":1,"href":"https:\/\/akdenizhaber.com.tr\/index.php\/wp-json\/wp\/v2\/posts\/24387\/revisions"}],"predecessor-version":[{"id":24389,"href":"https:\/\/akdenizhaber.com.tr\/index.php\/wp-json\/wp\/v2\/posts\/24387\/revisions\/24389"}],"wp:featuredmedia":[{"embeddable":true,"href":"https:\/\/akdenizhaber.com.tr\/index.php\/wp-json\/wp\/v2\/media\/24388"}],"wp:attachment":[{"href":"https:\/\/akdenizhaber.com.tr\/index.php\/wp-json\/wp\/v2\/media?parent=24387"}],"wp:term":[{"taxonomy":"category","embeddable":true,"href":"https:\/\/akdenizhaber.com.tr\/index.php\/wp-json\/wp\/v2\/categories?post=24387"},{"taxonomy":"post_tag","embeddable":true,"href":"https:\/\/akdenizhaber.com.tr\/index.php\/wp-json\/wp\/v2\/tags?post=24387"}],"curies":[{"name":"wp","href":"https:\/\/api.w.org\/{rel}","templated":true}]}}