{"id":24381,"date":"2024-05-28T13:42:04","date_gmt":"2024-05-28T10:42:04","guid":{"rendered":"https:\/\/akdenizhaber.com.tr\/?p=24381"},"modified":"2024-05-28T13:42:05","modified_gmt":"2024-05-28T10:42:05","slug":"buyuksehir-belediyesinin-ibradida-mezarlik-temizlik-ve-bakimlari-suruyor","status":"publish","type":"post","link":"https:\/\/akdenizhaber.com.tr\/index.php\/2024\/05\/28\/buyuksehir-belediyesinin-ibradida-mezarlik-temizlik-ve-bakimlari-suruyor\/","title":{"rendered":"B\u00fcy\u00fck\u015fehir Belediyesi\u2019nin \u0130brad\u0131\u2019da mezarl\u0131k temizlik ve bak\u0131mlar\u0131 s\u00fcr\u00fcyor"},"content":{"rendered":"\n<p><br>Antalya B\u00fcy\u00fck\u015fehir Belediyesi\u2019nin mezarl\u0131klardaki temizlik, bak\u0131m-onar\u0131m \u00e7al\u0131\u015fmalar\u0131 aral\u0131ks\u0131z s\u00fcr\u00fcyor. Bu kapsamda B\u00fcy\u00fck\u015fehir Belediyesi ekipleri taraf\u0131ndan \u0130brad\u0131\u2019n\u0131n Ormana ve \u00dcr\u00fcnl\u00fc Mahalle mezarl\u0131klar\u0131nda temizlik \u00e7al\u0131\u015fmas\u0131 ger\u00e7ekle\u015ftirildi.<\/p>\n\n\n\n<p><br>Antalya B\u00fcy\u00fck\u015fehir Belediyesi \u0130brad\u0131 \u0130l\u00e7e Hizmet Birimi ekipleri mezarl\u0131klarda kapsaml\u0131 \u00e7al\u0131\u015fmalar\u0131n\u0131 s\u00fcrd\u00fcr\u00fcyor. Antalya B\u00fcy\u00fck\u015fehir Belediyesi Sa\u011fl\u0131k \u0130\u015fleri Dairesi Ba\u015fkanl\u0131\u011f\u0131\u2019na ba\u011fl\u0131 olarak hizmet veren \u0130brad\u0131 mezarl\u0131k ekipleri, g\u00fcnl\u00fck olarak yapt\u0131klar\u0131 cenaze hizmetleri ve mezarl\u0131k a\u00e7ma \u00e7al\u0131\u015fmalar\u0131n\u0131n yan\u0131nda Ormana ve \u00dcr\u00fcnl\u00fc mahallesinde bulunan mezarl\u0131klarda bak\u0131m, onar\u0131m, temizlik \u00e7al\u0131\u015fmas\u0131n\u0131 ger\u00e7ekle\u015ftirdi. B\u00fcy\u00fck\u015fehir ekiplerinin mahalle mezarl\u0131klar\u0131ndaki \u00e7al\u0131\u015fmalar\u0131 aral\u0131ks\u0131z s\u00fcr\u00fcyor.<\/p>\n\n\n\n<p>Antalya B\u00fcy\u00fck\u015fehir Belediyesi \/ B\u00fclten<\/p>\n","protected":false},"excerpt":{"rendered":"<p>Antalya B\u00fcy\u00fck\u015fehir Belediyesi\u2019nin mezarl\u0131klardaki temizlik, bak\u0131m-onar\u0131m \u00e7al\u0131\u015fmalar\u0131 aral\u0131ks\u0131z s\u00fcr\u00fcyor. Bu kapsamda B\u00fcy\u00fck\u015fehir Belediyesi ekipleri taraf\u0131ndan \u0130brad\u0131\u2019n\u0131n Ormana ve \u00dcr\u00fcnl\u00fc Mahalle mezarl\u0131klar\u0131nda temizlik \u00e7al\u0131\u015fmas\u0131 ger\u00e7ekle\u015ftirildi. Antalya <a href=\"https:\/\/akdenizhaber.com.tr\/index.php\/2024\/05\/28\/buyuksehir-belediyesinin-ibradida-mezarlik-temizlik-ve-bakimlari-suruyor\/\" class=\"read-more-link\">[more&#8230;]<\/a><\/p>\n","protected":false},"author":2,"featured_media":24382,"comment_status":"open","ping_status":"open","sticky":false,"template":"","format":"standard","meta":{"footnotes":""},"categories":[2],"tags":[],"class_list":["post-24381","post","type-post","status-publish","format-standard","has-post-thumbnail","hentry","category-gundem"],"_links":{"self":[{"href":"https:\/\/akdenizhaber.com.tr\/index.php\/wp-json\/wp\/v2\/posts\/24381","targetHints":{"allow":["GET"]}}],"collection":[{"href":"https:\/\/akdenizhaber.com.tr\/index.php\/wp-json\/wp\/v2\/posts"}],"about":[{"href":"https:\/\/akdenizhaber.com.tr\/index.php\/wp-json\/wp\/v2\/types\/post"}],"author":[{"embeddable":true,"href":"https:\/\/akdenizhaber.com.tr\/index.php\/wp-json\/wp\/v2\/users\/2"}],"replies":[{"embeddable":true,"href":"https:\/\/akdenizhaber.com.tr\/index.php\/wp-json\/wp\/v2\/comments?post=24381"}],"version-history":[{"count":1,"href":"https:\/\/akdenizhaber.com.tr\/index.php\/wp-json\/wp\/v2\/posts\/24381\/revisions"}],"predecessor-version":[{"id":24383,"href":"https:\/\/akdenizhaber.com.tr\/index.php\/wp-json\/wp\/v2\/posts\/24381\/revisions\/24383"}],"wp:featuredmedia":[{"embeddable":true,"href":"https:\/\/akdenizhaber.com.tr\/index.php\/wp-json\/wp\/v2\/media\/24382"}],"wp:attachment":[{"href":"https:\/\/akdenizhaber.com.tr\/index.php\/wp-json\/wp\/v2\/media?parent=24381"}],"wp:term":[{"taxonomy":"category","embeddable":true,"href":"https:\/\/akdenizhaber.com.tr\/index.php\/wp-json\/wp\/v2\/categories?post=24381"},{"taxonomy":"post_tag","embeddable":true,"href":"https:\/\/akdenizhaber.com.tr\/index.php\/wp-json\/wp\/v2\/tags?post=24381"}],"curies":[{"name":"wp","href":"https:\/\/api.w.org\/{rel}","templated":true}]}}