{"id":24378,"date":"2024-05-28T13:41:30","date_gmt":"2024-05-28T10:41:30","guid":{"rendered":"https:\/\/akdenizhaber.com.tr\/?p=24378"},"modified":"2024-05-28T13:41:31","modified_gmt":"2024-05-28T10:41:31","slug":"asat-kumlucanin-kirsal-mahallelerinde-icme-suyu-hatlarini-yeniliyor","status":"publish","type":"post","link":"https:\/\/akdenizhaber.com.tr\/index.php\/2024\/05\/28\/asat-kumlucanin-kirsal-mahallelerinde-icme-suyu-hatlarini-yeniliyor\/","title":{"rendered":"ASAT Kumluca\u2019n\u0131n k\u0131rsal mahallelerinde i\u00e7me suyu hatlar\u0131n\u0131 yeniliyor"},"content":{"rendered":"\n<p>Antalya B\u00fcy\u00fck\u015fehir Belediyesi Kumluca\u2019n\u0131n Belen Mahallesi\u2019nde yap\u0131m\u0131na ba\u015flad\u0131\u011f\u0131 i\u00e7me suyu projesiyle daha \u00f6nce hi\u00e7 suyu olmayan yerle\u015fim yerlerini ilk kez suyla bulu\u015fturacak.&nbsp;<\/p>\n\n\n\n<p>7 milyon liral\u0131k yat\u0131r\u0131m kapsam\u0131nda 17 bin 200 metre yeni i\u00e7me suyu hatt\u0131 imalat\u0131 yap\u0131l\u0131yor. Bug\u00fcne kadar \u00e7ok uzak mesafelerden su ta\u015f\u0131yarak ihtiya\u00e7lar\u0131n\u0131 gidermeye \u00e7al\u0131\u015fan b\u00f6lge halk\u0131 ise \u201cSu hayatt\u0131r. Ba\u015fkan\u0131m\u0131z bizi hayata kavu\u015fturdu. Bu hizmet asla unutulmaz\u201d dedi.<\/p>\n\n\n\n<p>B\u00fcy\u00fck\u015fehir Belediyesi ASAT Genel M\u00fcd\u00fcrl\u00fc\u011f\u00fc, Kumluca Belen Mahallesi\u2019ne ba\u011fl\u0131 Mays\u0131ra, Tekdemirler, Karadere ve Torunlar yerle\u015fim yerlerinin i\u00e7me suyu sorununu \u00e7\u00f6z\u00fcyor. Belen Mahallesi, Tekdemirler b\u00f6lgesinde yer alan Belen 1 su deposundan ba\u015flayarak devam eden \u00e7al\u0131\u015fmalarda eskiyen ve mevcut ihtiyac\u0131 kar\u015f\u0131layamayan hat yeni borularla g\u00fc\u00e7lendiriliyor. Projeyle Belen Mahallesi Mays\u0131ra b\u00f6lgesine de ilk kez i\u00e7me suyu verilecek. Y\u0131llard\u0131r b\u00f6lgede suya hasret olan vatanda\u015flar evlerine su gelecek olmas\u0131n\u0131n heyecan\u0131n\u0131 ya\u015f\u0131yor. \u00c7al\u0131\u015fmalar\u0131n bir ayda tamamlanmas\u0131 hedefleniyor.<\/p>\n\n\n\n<p>KUMLUCA\u2019DA SUSUZ HANE BIRAKMAYACA\u011eIZ<\/p>\n\n\n\n<p>\u00c7al\u0131\u015fmalar ile ilgili bilgi veren ASAT Kumluca \u015eube M\u00fcd\u00fcr\u00fc Tar\u0131k Tuzcular \u201cBelen Mahallemizin Mays\u0131ra, Tekdemirler, Karadere ve Torunlar b\u00f6lgesinde ya\u015fanan su s\u0131k\u0131nt\u0131lar\u0131n\u0131 \u00e7\u00f6zmek i\u00e7in hatlar\u0131 yenilerken, hi\u00e7 suyu olmayan yerle\u015fim yerlerine de yeni hat \u00e7ekiyoruz. Y\u0131pranm\u0131\u015f ve \u00f6mr\u00fcn\u00fc tamamlam\u0131\u015f 3 bin 200 metrelik hatt\u0131 yenileyip, g\u00fc\u00e7lendiriyoruz. Mays\u0131ra b\u00f6lgemize de 14 kilometrelik yeni bir hat \u00e7ekerek vatanda\u015flar\u0131m\u0131z\u0131 ilk kez temiz i\u00e7me suyu ile bulu\u015fturuyoruz. Bu b\u00f6lge i\u00e7in yakla\u015f\u0131k 7 milyonluk bir yat\u0131r\u0131m ger\u00e7ekle\u015ftiriyoruz. Kumluca\u2019m\u0131zda susuz hane b\u0131rakmamak i\u00e7in \u00e7al\u0131\u015fmalar\u0131m\u0131z yo\u011fun bir \u015fekilde devam edecek\u201d dedi.&nbsp;<\/p>\n\n\n\n<p>TALEB\u0130M\u0130ZE HEMEN D\u00d6N\u00dc\u015e YAPILDI<\/p>\n\n\n\n<p>Y\u0131llard\u0131r i\u00e7me suyu sorunu ya\u015fad\u0131klar\u0131n\u0131 anlatan Belen Mahallesi Muhtar\u0131 Halil \u00c7etin s\u00fcre\u00e7 ile ilgili \u015funlar\u0131 s\u00f6yledi: \u201c15 y\u0131ld\u0131r su \u00e7\u0131kmayan b\u00f6lgelerimiz vard\u0131. Bu s\u0131k\u0131nt\u0131lar\u0131m\u0131z ile ilgili Antalya B\u00fcy\u00fck\u015fehir Belediyemize topluca bir ba\u015fvuruda bulunduk. Sa\u011f olsun Muhittin Ba\u015fkan\u0131m\u0131z sorunumuzun \u00e7\u00f6z\u00fcm\u00fc i\u00e7in talimat verdi. \u00c7al\u0131\u015fmalar hemen ba\u015flad\u0131. Talebimizin hemen kar\u015f\u0131l\u0131k bulmas\u0131ndan dolay\u0131 gayet memnunuz. Su hayatt\u0131r, ba\u015fkan\u0131m\u0131z bizi hayata kavu\u015fturdu. Ba\u015fkan\u0131m\u0131za mahallemiz ad\u0131na \u00e7ok te\u015fekk\u00fcr ederim.\u201d<\/p>\n\n\n\n<p>BU H\u0130ZMET ANLATILAMAYACAK B\u0130R MUTLULUK<\/p>\n\n\n\n<p>Mays\u0131ra mevkiinde oturan Bahtiyar F\u0131\u015fk\u0131r da ya\u015fad\u0131klar\u0131 s\u0131k\u0131nt\u0131lar\u0131 \u015fu \u015fekilde anlatt\u0131: \u201cAra\u00e7lar\u0131m\u0131zla, trakt\u00f6rlerimizle su tanklar\u0131yla su olan b\u00f6lgelerden sular\u0131m\u0131z\u0131 \u00e7ekerek ihtiya\u00e7lar\u0131m\u0131z\u0131 gidermeye \u00e7al\u0131\u015f\u0131yoruz. Bu zor \u015fartlarda temel ihtiya\u00e7lar\u0131m\u0131z\u0131 kar\u015f\u0131layam\u0131yoruz. \u00c7ok uzak mesafelerden su ta\u015f\u0131yarak hayvanlar\u0131m\u0131z\u0131 susuz b\u0131rakmamak i\u00e7in \u00e7abal\u0131yoruz. Adeta rezillik \u00e7ekiyoruz. Bizim i\u00e7in bu hizmet anlat\u0131lmayacak bir mutluluk. \u00c7ok heyecanl\u0131y\u0131z Muhittin Ba\u015fkan\u0131m\u0131za \u00e7ok te\u015fekk\u00fcr ederiz.\u201d<\/p>\n\n\n\n<p>Antalya B\u00fcy\u00fck\u015fehir Belediyesi \/ B\u00fclten<\/p>\n","protected":false},"excerpt":{"rendered":"<p>Antalya B\u00fcy\u00fck\u015fehir Belediyesi Kumluca\u2019n\u0131n Belen Mahallesi\u2019nde yap\u0131m\u0131na ba\u015flad\u0131\u011f\u0131 i\u00e7me suyu projesiyle daha \u00f6nce hi\u00e7 suyu olmayan yerle\u015fim yerlerini ilk kez suyla bulu\u015fturacak.&nbsp; 7 milyon liral\u0131k <a href=\"https:\/\/akdenizhaber.com.tr\/index.php\/2024\/05\/28\/asat-kumlucanin-kirsal-mahallelerinde-icme-suyu-hatlarini-yeniliyor\/\" class=\"read-more-link\">[more&#8230;]<\/a><\/p>\n","protected":false},"author":2,"featured_media":24379,"comment_status":"open","ping_status":"open","sticky":false,"template":"","format":"standard","meta":{"footnotes":""},"categories":[2],"tags":[],"class_list":["post-24378","post","type-post","status-publish","format-standard","has-post-thumbnail","hentry","category-gundem"],"_links":{"self":[{"href":"https:\/\/akdenizhaber.com.tr\/index.php\/wp-json\/wp\/v2\/posts\/24378","targetHints":{"allow":["GET"]}}],"collection":[{"href":"https:\/\/akdenizhaber.com.tr\/index.php\/wp-json\/wp\/v2\/posts"}],"about":[{"href":"https:\/\/akdenizhaber.com.tr\/index.php\/wp-json\/wp\/v2\/types\/post"}],"author":[{"embeddable":true,"href":"https:\/\/akdenizhaber.com.tr\/index.php\/wp-json\/wp\/v2\/users\/2"}],"replies":[{"embeddable":true,"href":"https:\/\/akdenizhaber.com.tr\/index.php\/wp-json\/wp\/v2\/comments?post=24378"}],"version-history":[{"count":1,"href":"https:\/\/akdenizhaber.com.tr\/index.php\/wp-json\/wp\/v2\/posts\/24378\/revisions"}],"predecessor-version":[{"id":24380,"href":"https:\/\/akdenizhaber.com.tr\/index.php\/wp-json\/wp\/v2\/posts\/24378\/revisions\/24380"}],"wp:featuredmedia":[{"embeddable":true,"href":"https:\/\/akdenizhaber.com.tr\/index.php\/wp-json\/wp\/v2\/media\/24379"}],"wp:attachment":[{"href":"https:\/\/akdenizhaber.com.tr\/index.php\/wp-json\/wp\/v2\/media?parent=24378"}],"wp:term":[{"taxonomy":"category","embeddable":true,"href":"https:\/\/akdenizhaber.com.tr\/index.php\/wp-json\/wp\/v2\/categories?post=24378"},{"taxonomy":"post_tag","embeddable":true,"href":"https:\/\/akdenizhaber.com.tr\/index.php\/wp-json\/wp\/v2\/tags?post=24378"}],"curies":[{"name":"wp","href":"https:\/\/api.w.org\/{rel}","templated":true}]}}