{"id":24367,"date":"2024-05-27T12:43:38","date_gmt":"2024-05-27T09:43:38","guid":{"rendered":"https:\/\/akdenizhaber.com.tr\/?p=24367"},"modified":"2024-05-27T12:43:39","modified_gmt":"2024-05-27T09:43:39","slug":"manavgat-belediyesi-egitim-kurumlarindan-muhtesem-yil-sonu-gosterisi","status":"publish","type":"post","link":"https:\/\/akdenizhaber.com.tr\/index.php\/2024\/05\/27\/manavgat-belediyesi-egitim-kurumlarindan-muhtesem-yil-sonu-gosterisi\/","title":{"rendered":"Manavgat Belediyesi E\u011fitim Kurumlar\u0131ndan Muhte\u015fem Y\u0131l Sonu g\u00f6sterisi"},"content":{"rendered":"\n<p>Manavgat Belediyesi\u2019ne ba\u011fl\u0131 e\u011fitim kurumlar\u0131n\u0131n organize etti\u011fi kutlama program\u0131 kapsam\u0131nda \u00c7ocuk K\u00fclt\u00fcr Merkezi, Engelli ve \u00c7ocuk Aktivite Merkezi, Meliha Ercan Engelsiz Ya\u015fam Merkezi ve Side Gen\u00e7lik Merkezi\u2019nin 7-14 ya\u015f aral\u0131\u011f\u0131nda ki 368 \u00f6\u011frencisi, Atat\u00fcrk K\u00fclt\u00fcr Merkezi\u2019nde d\u00fczenlenen; Y\u0131l Sonu G\u00f6sterisi ve Y\u0131l Sonu Sergisi etkinli\u011fi yo\u011fun izleyici kat\u0131l\u0131m\u0131yla ger\u00e7ekle\u015fti.<\/p>\n\n\n\n<p>Y\u0131l Sonu G\u00f6sterisi ve Y\u0131l Sonu Sergisi \u00f6\u011frencilerin d\u00f6nem i\u00e7erisinde yapt\u0131klar\u0131 resimlerin sergi a\u00e7\u0131l\u0131\u015f\u0131yla ba\u015flad\u0131. A\u00e7\u0131l\u0131\u015f\u0131 Manavgat Belediye Ba\u015fkan\u0131 Niyazi Nefi Kara\u2019y\u0131 temsilen ba\u015fkan yard\u0131mc\u0131lar\u0131 Mustafa \u00d6zt\u00fcrk ve Engin T\u00fcter, birim m\u00fcd\u00fcrleri, \u00f6\u011fretmenler ve veliler ger\u00e7ekle\u015ftirdi. \u00d6\u011frenciler, muhte\u015fem etkinlik i\u00e7in haz\u0131rlad\u0131klar\u0131 ske\u00e7, dans, jimnastik ve \u015fiir g\u00f6sterilerini izleyicilere sergiledi.<\/p>\n\n\n\n<p>\u00d6\u011frencilerin performans\u0131 izleyenlerden tam not ald\u0131. Manavgat Belediye Ba\u015fkan yard\u0131mc\u0131s\u0131 Mustafa \u00d6zt\u00fcrk Manavgat Belediyesi\u2019nin e\u011fitim kurumlar\u0131nda \u00f6\u011frenim g\u00f6ren \u00e7ocuklar\u0131n \u00e7ok y\u00f6nl\u00fc bir \u015fekilde gelece\u011fe haz\u0131rland\u0131\u011f\u0131n\u0131 belirtti. \u00d6zt\u00fcrk \u201cBelediye Ba\u015fkan\u0131m\u0131z Niyazi Nefi Kara\u2019n\u0131n hepinize selam\u0131 var. Bug\u00fcn burada \u00e7ocuklar\u0131m\u0131z\u0131n \u00e7al\u0131\u015fmalar\u0131n\u0131 izledi\u011fimiz \u00f6zel g\u00fcnde sizlerle bir arada olmaktan belediye olarak, ba\u015fkanl\u0131k olarak mutluluk duyuyoruz. \u00d6ncelikle bu etkinlikte eme\u011fi ge\u00e7en t\u00fcm \u00f6\u011fretmenlerimize, \u00f6\u011frencilerimize ve \u00e7al\u0131\u015fma arkada\u015flar\u0131m\u0131za te\u015fekk\u00fcrlerimizi sunuyoruz. Mustafa Kemal Atat\u00fcrk\u2019\u00fcn g\u00f6sterdi\u011fi bu yolda bizlerde \u00e7ocuklar\u0131m\u0131z\u0131n gelece\u011fe umutla bakabilmesi i\u00e7in \u00e7al\u0131\u015f\u0131yoruz. \u00c7ocuklar\u0131m\u0131z\u0131n bilin\u00e7li bir e\u011fitim almas\u0131n\u0131 ve ki\u015fisel geli\u015fimlerini en iyi \u015fekilde tamamlanmas\u0131n\u0131 olduk\u00e7a \u00f6nemsiyoruz, onlar bizim gelece\u011fimiz. Bug\u00fcn burada sergilenen resimlerden, dans g\u00f6sterilerine, \u00e7al\u0131nan m\u00fcziklerden, yap\u0131lan el i\u015flerine kadar her bir \u00e7al\u0131\u015fma \u00e7ocuklar\u0131m\u0131z\u0131n ne kadar yetenekli ve yarat\u0131c\u0131 oldu\u011funu bizlere bir kez daha g\u00f6sterdi. Onlar\u0131n bu ba\u015far\u0131lar\u0131 bizim i\u00e7in b\u00fcy\u00fck bir gurur kayna\u011f\u0131d\u0131r. Bu ak\u015fam bizlere unutulmaz g\u00f6steriler sunan \u00f6\u011frencilerimize te\u015fekk\u00fcr ediyoruz. Sevgili \u00e7ocuklar sizlere g\u00fcveniyoruz ve sizlerle gurur duyuyoruz, yolunuz a\u00e7\u0131k olsun\u201d dedi.<\/p>\n\n\n\n<p>Manavgat Belediyesi \/ B\u00fclten<\/p>\n","protected":false},"excerpt":{"rendered":"<p>Manavgat Belediyesi\u2019ne ba\u011fl\u0131 e\u011fitim kurumlar\u0131n\u0131n organize etti\u011fi kutlama program\u0131 kapsam\u0131nda \u00c7ocuk K\u00fclt\u00fcr Merkezi, Engelli ve \u00c7ocuk Aktivite Merkezi, Meliha Ercan Engelsiz Ya\u015fam Merkezi ve Side <a href=\"https:\/\/akdenizhaber.com.tr\/index.php\/2024\/05\/27\/manavgat-belediyesi-egitim-kurumlarindan-muhtesem-yil-sonu-gosterisi\/\" class=\"read-more-link\">[more&#8230;]<\/a><\/p>\n","protected":false},"author":2,"featured_media":24368,"comment_status":"open","ping_status":"open","sticky":false,"template":"","format":"standard","meta":{"footnotes":""},"categories":[1],"tags":[],"class_list":["post-24367","post","type-post","status-publish","format-standard","has-post-thumbnail","hentry","category-blog"],"_links":{"self":[{"href":"https:\/\/akdenizhaber.com.tr\/index.php\/wp-json\/wp\/v2\/posts\/24367","targetHints":{"allow":["GET"]}}],"collection":[{"href":"https:\/\/akdenizhaber.com.tr\/index.php\/wp-json\/wp\/v2\/posts"}],"about":[{"href":"https:\/\/akdenizhaber.com.tr\/index.php\/wp-json\/wp\/v2\/types\/post"}],"author":[{"embeddable":true,"href":"https:\/\/akdenizhaber.com.tr\/index.php\/wp-json\/wp\/v2\/users\/2"}],"replies":[{"embeddable":true,"href":"https:\/\/akdenizhaber.com.tr\/index.php\/wp-json\/wp\/v2\/comments?post=24367"}],"version-history":[{"count":1,"href":"https:\/\/akdenizhaber.com.tr\/index.php\/wp-json\/wp\/v2\/posts\/24367\/revisions"}],"predecessor-version":[{"id":24369,"href":"https:\/\/akdenizhaber.com.tr\/index.php\/wp-json\/wp\/v2\/posts\/24367\/revisions\/24369"}],"wp:featuredmedia":[{"embeddable":true,"href":"https:\/\/akdenizhaber.com.tr\/index.php\/wp-json\/wp\/v2\/media\/24368"}],"wp:attachment":[{"href":"https:\/\/akdenizhaber.com.tr\/index.php\/wp-json\/wp\/v2\/media?parent=24367"}],"wp:term":[{"taxonomy":"category","embeddable":true,"href":"https:\/\/akdenizhaber.com.tr\/index.php\/wp-json\/wp\/v2\/categories?post=24367"},{"taxonomy":"post_tag","embeddable":true,"href":"https:\/\/akdenizhaber.com.tr\/index.php\/wp-json\/wp\/v2\/tags?post=24367"}],"curies":[{"name":"wp","href":"https:\/\/api.w.org\/{rel}","templated":true}]}}