{"id":24286,"date":"2024-05-25T13:38:44","date_gmt":"2024-05-25T10:38:44","guid":{"rendered":"https:\/\/akdenizhaber.com.tr\/?p=24286"},"modified":"2024-05-25T13:38:45","modified_gmt":"2024-05-25T10:38:45","slug":"rektor-ozkan-kemer-ve-goynuku-ziyaret-etti","status":"publish","type":"post","link":"https:\/\/akdenizhaber.com.tr\/index.php\/2024\/05\/25\/rektor-ozkan-kemer-ve-goynuku-ziyaret-etti\/","title":{"rendered":"Rekt\u00f6r \u00d6zkan, Kemer ve G\u00f6yn\u00fck\u2019\u00fc ziyaret etti"},"content":{"rendered":"\n<p>Akdeniz \u00dcniversitesi Rekt\u00f6r\u00fc Prof. Dr. \u00d6zlenen \u00d6zkan, Kemer ve G\u00f6yn\u00fck\u2019de ziyaretlerde bulundu.Akdeniz \u00dcniversitesi Rekt\u00f6r\u00fc Prof. Dr. \u00d6zlenen \u00d6zkan\u2019a ziyaretlerde Rekt\u00f6r Yard\u0131mc\u0131lar\u0131 Prof. Dr. Ay\u015fe G\u00fclbin Ar\u0131c\u0131, Prof. Dr. Cengiz Toker, Prof. Dr. \u015e\u00fckr\u00fc \u00d6zen, Genel Sekreter Dr. Ali Evren \u0130mre de e\u015flik etti.<\/p>\n\n\n\n<p>\u00dcN\u0130VERS\u0130TEN\u0130N MARKA DE\u011eER\u0130N\u0130 KEMER\u2019E KATMASI GEREK\u0130YOR<\/p>\n\n\n\n<p>Kemer Belediye Ba\u015fkan\u0131 Necati Topalo\u011flu\u2019nu makam\u0131nda ziyaret eden Akdeniz \u00dcniversitesi Rekt\u00f6r\u00fc Prof. Dr. \u00d6zlenen \u00d6zkan, hay\u0131rl\u0131 olsun dileklerini iletti. Eski Denizcilik Fak\u00fcltesi binas\u0131n\u0131 Ba\u015fkan Necati Topalo\u011flu ile birlikte ziyaret eden Rekt\u00f6r Prof. Dr. \u00d6zlenen \u00d6zkan, buras\u0131 i\u00e7in Akdeniz \u00dcniversitesi ve Kemer\u2019e yak\u0131\u015fan bir planlama yapt\u0131klar\u0131n\u0131 a\u00e7\u0131klad\u0131. Kendisinin de Kemerli oldu\u011funu hat\u0131rlatan Rekt\u00f6r \u00d6zkan, \u201cYapaca\u011f\u0131m\u0131z projenin Akdeniz \u00dcniversitesi\u2019ne de Kemer\u2019e de faydas\u0131 olsun istiyoruz. Akl\u0131m\u0131zda birka\u00e7 proje var. Yapt\u0131\u011f\u0131m\u0131z i\u015fin Akdeniz \u00dcniversitesi\u2019nin marka de\u011ferini Kemer\u2019e katmas\u0131 gerekiyor. Kemer\u2019de bilime, k\u00fclt\u00fcre katk\u0131 koyacak bir \u00e7al\u0131\u015fma olacak.\u201d diye konu\u015ftu. Rekt\u00f6r Prof. Dr. \u00d6zlenen \u00d6zkan, bu anlamda hay\u0131rsever katk\u0131lar\u0131n\u0131n da \u00e7ok k\u0131ymetli oldu\u011funu s\u00f6zlerine ekledi.<\/p>\n\n\n\n<p>DEN\u0130ZC\u0130L\u0130K FAK\u00dcLTES\u0130\u2019N\u0130N DE OLMASI GEREKEN YER BURASI<\/p>\n\n\n\n<p>Akdeniz \u00dcniversitesi Rekt\u00f6r\u00fc Prof. Dr. \u00d6zlenen \u00d6zkan ve Kemer Belediye Ba\u015fkan\u0131 Necati Topalo\u011flu, daha sonra Kemer Belediyesi ile imzalanan protokol sonras\u0131nda in\u015faat\u0131na ba\u015flanan Kemer Denizcilik Fak\u00fcltesi in\u015faat\u0131n\u0131 ve bir hay\u0131rseverin katk\u0131s\u0131yla yap\u0131m\u0131 s\u00fcren 300 \u00f6\u011frenci kapasiteli yurt binas\u0131n\u0131n in\u015faat\u0131n\u0131 gezdi. \u0130n\u015faat alan\u0131nda bilgi ald\u0131ktan sonra a\u00e7\u0131klamalarda bulunan Akdeniz \u00dcniversitesi Rekt\u00f6r\u00fc Prof. Dr. \u00d6zlenen \u00d6zkan, \u201cKemer Belediye Ba\u015fkan\u0131 Necati Topalo\u011flu \u00e7ok destek verdi. Sonu\u00e7 olarak e\u011fitim yuvas\u0131nda, e\u011fitimden sonra bar\u0131nma en b\u00fcy\u00fck sorun. \u00d6zellikle turizm b\u00f6lgelerinde daha b\u00fcy\u00fck bir sorun. Hem g\u00fcven anlam\u0131nda hem maddi anlamda in\u015fallah en k\u0131sa zamanda bu sorunu \u00e7\u00f6zece\u011fiz.\u201d dedi.Kemer Belediye Ba\u015fkan\u0131 Necati Topalo\u011flu da \u201cRekt\u00f6r Hocam zaten Kemer olunca bize ayr\u0131 bir \u00f6nem veriyor. Kendilerine te\u015fekk\u00fcr ediyoruz. Ekibine te\u015fekk\u00fcr ediyoruz. Projeler yap\u0131ld\u0131, devam ediyor.\u201d \u015feklinde konu\u015ftu.<\/p>\n\n\n\n<p>SUALTI ARKEOLOJ\u0130S\u0130 UYGULAMA VE ARA\u015eTIRMA MERKEZ\u0130 Z\u0130YARET\u0130<\/p>\n\n\n\n<p>Akdeniz \u00dcniversitesi Rekt\u00f6r\u00fc Prof. Dr. \u00d6zlenen \u00d6zkan, Kemer Sualt\u0131 Arkeolojisi Uygulama ve Ara\u015ft\u0131rma Merkezi\u2019ni de ziyaret ederek merkez m\u00fcd\u00fcr\u00fc Do\u00e7. Dr. Hakan \u00d6niz\u2019denKemer ve \u00e7evresinde denizcilik alan\u0131nda yap\u0131lan arkeolojik \u00e7al\u0131\u015fmalarla ilgili bilgi ald\u0131.<\/p>\n\n\n\n<p>\u00d6\u011eRET\u0130M \u00dcYELER\u0130 VE \u00d6\u011eRENC\u0130LERLE B\u0130R ARAYA GELD\u0130<\/p>\n\n\n\n<p>Kemer merkez ziyaretlerinin ard\u0131ndan G\u00f6yn\u00fck Mutfak Sanatlar\u0131 Meslek Y\u00fcksekokulunu ziyaret eden Akdeniz \u00dcniversitesi Rekt\u00f6r\u00fc Prof. Dr. \u00d6zlenen \u00d6zkan\u2019\u0131, Y\u00fcksekokul M\u00fcd\u00fcr\u00fc Do\u00e7. Dr. Adem Arman, M\u00fcd\u00fcr Yard\u0131mc\u0131lar\u0131 Do\u00e7. Dr. Filiz Arslan, \u00d6\u011fr. G\u00f6r. \u00d6zkan Erdem, akademisyenler ve \u00f6\u011frenciler kar\u015f\u0131lad\u0131. Akademisyenler ve \u00f6\u011frencilerle ayr\u0131 ayr\u0131 g\u00f6r\u00fc\u015fen Rekt\u00f6r \u00d6zkan, \u00f6\u011frencilerin talep ve isteklerini dinleyerek yerine getirilmesi talimat\u0131 verdi.<\/p>\n\n\n\n<p>Akdeniz \u00dcniversitesi Rekt\u00f6rl\u00fc\u011f\u00fc \/ B\u00fclten<\/p>\n","protected":false},"excerpt":{"rendered":"<p>Akdeniz \u00dcniversitesi Rekt\u00f6r\u00fc Prof. Dr. \u00d6zlenen \u00d6zkan, Kemer ve G\u00f6yn\u00fck\u2019de ziyaretlerde bulundu.Akdeniz \u00dcniversitesi Rekt\u00f6r\u00fc Prof. Dr. \u00d6zlenen \u00d6zkan\u2019a ziyaretlerde Rekt\u00f6r Yard\u0131mc\u0131lar\u0131 Prof. Dr. Ay\u015fe G\u00fclbin <a href=\"https:\/\/akdenizhaber.com.tr\/index.php\/2024\/05\/25\/rektor-ozkan-kemer-ve-goynuku-ziyaret-etti\/\" class=\"read-more-link\">[more&#8230;]<\/a><\/p>\n","protected":false},"author":2,"featured_media":24287,"comment_status":"open","ping_status":"open","sticky":false,"template":"","format":"standard","meta":{"footnotes":""},"categories":[2],"tags":[],"class_list":["post-24286","post","type-post","status-publish","format-standard","has-post-thumbnail","hentry","category-gundem"],"_links":{"self":[{"href":"https:\/\/akdenizhaber.com.tr\/index.php\/wp-json\/wp\/v2\/posts\/24286","targetHints":{"allow":["GET"]}}],"collection":[{"href":"https:\/\/akdenizhaber.com.tr\/index.php\/wp-json\/wp\/v2\/posts"}],"about":[{"href":"https:\/\/akdenizhaber.com.tr\/index.php\/wp-json\/wp\/v2\/types\/post"}],"author":[{"embeddable":true,"href":"https:\/\/akdenizhaber.com.tr\/index.php\/wp-json\/wp\/v2\/users\/2"}],"replies":[{"embeddable":true,"href":"https:\/\/akdenizhaber.com.tr\/index.php\/wp-json\/wp\/v2\/comments?post=24286"}],"version-history":[{"count":1,"href":"https:\/\/akdenizhaber.com.tr\/index.php\/wp-json\/wp\/v2\/posts\/24286\/revisions"}],"predecessor-version":[{"id":24288,"href":"https:\/\/akdenizhaber.com.tr\/index.php\/wp-json\/wp\/v2\/posts\/24286\/revisions\/24288"}],"wp:featuredmedia":[{"embeddable":true,"href":"https:\/\/akdenizhaber.com.tr\/index.php\/wp-json\/wp\/v2\/media\/24287"}],"wp:attachment":[{"href":"https:\/\/akdenizhaber.com.tr\/index.php\/wp-json\/wp\/v2\/media?parent=24286"}],"wp:term":[{"taxonomy":"category","embeddable":true,"href":"https:\/\/akdenizhaber.com.tr\/index.php\/wp-json\/wp\/v2\/categories?post=24286"},{"taxonomy":"post_tag","embeddable":true,"href":"https:\/\/akdenizhaber.com.tr\/index.php\/wp-json\/wp\/v2\/tags?post=24286"}],"curies":[{"name":"wp","href":"https:\/\/api.w.org\/{rel}","templated":true}]}}