{"id":24282,"date":"2024-05-24T15:22:48","date_gmt":"2024-05-24T12:22:48","guid":{"rendered":"https:\/\/akdenizhaber.com.tr\/?p=24282"},"modified":"2024-05-24T15:22:49","modified_gmt":"2024-05-24T12:22:49","slug":"namik-karamanci-fen-lisesi-ogrencileri-208-bitki-turunu-kurutup-sergi-acti","status":"publish","type":"post","link":"https:\/\/akdenizhaber.com.tr\/index.php\/2024\/05\/24\/namik-karamanci-fen-lisesi-ogrencileri-208-bitki-turunu-kurutup-sergi-acti\/","title":{"rendered":"Nam\u0131k Karamanc\u0131 Fen Lisesi \u00f6\u011frencileri 208 bitki t\u00fcr\u00fcn\u00fc kurutup Sergi a\u00e7t\u0131"},"content":{"rendered":"\n<p>Nam\u0131k Karamanc\u0131 Fen Lisesi \u00f6\u011frencileri, iki y\u0131ll\u0131k titiz bir \u00e7al\u0131\u015fman\u0131n ard\u0131ndan Manavgat\u2019\u0131n zengin bitki \u00e7e\u015fitlili\u011fini bir araya getiren \u2018Herbaryum\u2019 sergisi d\u00fczenleyerek Manavgat Atat\u00fcrk K\u00fclt\u00fcr Merkezi Sergi Alan\u0131\u2019nda ziyaret\u00e7ilerin ilgisine sundu.<\/p>\n\n\n\n<p><strong>208 bitki t\u00fcr\u00fc kurutup kay\u0131t alt\u0131na al\u0131nd\u0131<\/strong><\/p>\n\n\n\n<p>208 farkl\u0131 bitki t\u00fcr\u00fcn\u00fc i\u00e7eren sergi, \u00f6\u011frencilerin ve \u00f6\u011fretmenlerin do\u011fadan toplad\u0131klar\u0131 \u00f6rneklerle Manavgat\u2019\u0131n kapal\u0131 tohumlu bitkilerini sergiliyor. Sergilenen bitkiler, preslenip kurutulduktan sonra \u00f6zel kartonlar \u00fczerine yap\u0131\u015ft\u0131r\u0131larak ve bilimsel bilgileri ile etiketlenerek haz\u0131rland\u0131.<\/p>\n\n\n\n<p>Do\u011fa bilinci ve bitki \u00e7e\u015fitlili\u011fine olan ilgi artacak<\/p>\n\n\n\n<p>Serginin a\u00e7\u0131l\u0131\u015f\u0131na kat\u0131lan Manavgat Turizm Fak\u00fcltesi Dekan Yard\u0131mc\u0131s\u0131 Do\u00e7. Dr. \u0130lker \u00c7inbilgel, serginin gen\u00e7lerin do\u011fa bilinci ve bitki \u00e7e\u015fitlili\u011fine olan ilgisini art\u0131raca\u011f\u0131n\u0131 belirterek, \u201cNam\u0131k Karamanc\u0131 Fen Lisesi\u2019nin bu giri\u015fimi, cumhuriyet tarihinin en b\u00fcy\u00fck yang\u0131n afeti sonras\u0131nda Manavgat\u2019\u0131n nas\u0131l yeniden ye\u015ferdi\u011fini de g\u00f6zler \u00f6n\u00fcne seriyor.\u201d dedi.&nbsp;<\/p>\n\n\n\n<p>B\u00fc\u015fra Deveci \/ Haber<\/p>\n","protected":false},"excerpt":{"rendered":"<p>Nam\u0131k Karamanc\u0131 Fen Lisesi \u00f6\u011frencileri, iki y\u0131ll\u0131k titiz bir \u00e7al\u0131\u015fman\u0131n ard\u0131ndan Manavgat\u2019\u0131n zengin bitki \u00e7e\u015fitlili\u011fini bir araya getiren \u2018Herbaryum\u2019 sergisi d\u00fczenleyerek Manavgat Atat\u00fcrk K\u00fclt\u00fcr Merkezi <a href=\"https:\/\/akdenizhaber.com.tr\/index.php\/2024\/05\/24\/namik-karamanci-fen-lisesi-ogrencileri-208-bitki-turunu-kurutup-sergi-acti\/\" class=\"read-more-link\">[more&#8230;]<\/a><\/p>\n","protected":false},"author":2,"featured_media":24283,"comment_status":"open","ping_status":"open","sticky":false,"template":"","format":"standard","meta":{"footnotes":""},"categories":[2],"tags":[],"class_list":["post-24282","post","type-post","status-publish","format-standard","has-post-thumbnail","hentry","category-gundem"],"_links":{"self":[{"href":"https:\/\/akdenizhaber.com.tr\/index.php\/wp-json\/wp\/v2\/posts\/24282","targetHints":{"allow":["GET"]}}],"collection":[{"href":"https:\/\/akdenizhaber.com.tr\/index.php\/wp-json\/wp\/v2\/posts"}],"about":[{"href":"https:\/\/akdenizhaber.com.tr\/index.php\/wp-json\/wp\/v2\/types\/post"}],"author":[{"embeddable":true,"href":"https:\/\/akdenizhaber.com.tr\/index.php\/wp-json\/wp\/v2\/users\/2"}],"replies":[{"embeddable":true,"href":"https:\/\/akdenizhaber.com.tr\/index.php\/wp-json\/wp\/v2\/comments?post=24282"}],"version-history":[{"count":1,"href":"https:\/\/akdenizhaber.com.tr\/index.php\/wp-json\/wp\/v2\/posts\/24282\/revisions"}],"predecessor-version":[{"id":24284,"href":"https:\/\/akdenizhaber.com.tr\/index.php\/wp-json\/wp\/v2\/posts\/24282\/revisions\/24284"}],"wp:featuredmedia":[{"embeddable":true,"href":"https:\/\/akdenizhaber.com.tr\/index.php\/wp-json\/wp\/v2\/media\/24283"}],"wp:attachment":[{"href":"https:\/\/akdenizhaber.com.tr\/index.php\/wp-json\/wp\/v2\/media?parent=24282"}],"wp:term":[{"taxonomy":"category","embeddable":true,"href":"https:\/\/akdenizhaber.com.tr\/index.php\/wp-json\/wp\/v2\/categories?post=24282"},{"taxonomy":"post_tag","embeddable":true,"href":"https:\/\/akdenizhaber.com.tr\/index.php\/wp-json\/wp\/v2\/tags?post=24282"}],"curies":[{"name":"wp","href":"https:\/\/api.w.org\/{rel}","templated":true}]}}