{"id":24227,"date":"2024-05-23T14:32:38","date_gmt":"2024-05-23T11:32:38","guid":{"rendered":"https:\/\/akdenizhaber.com.tr\/?p=24227"},"modified":"2024-05-23T14:32:40","modified_gmt":"2024-05-23T11:32:40","slug":"cicek-desenleri-festivali-basliyor","status":"publish","type":"post","link":"https:\/\/akdenizhaber.com.tr\/index.php\/2024\/05\/23\/cicek-desenleri-festivali-basliyor\/","title":{"rendered":"\u00c7i\u00e7ek Desenleri Festivali ba\u015fl\u0131yor"},"content":{"rendered":"\n<p>Antalya Muratpa\u015fa Belediye Ba\u015fkan\u0131 \u00dcmit Uysal, gelecek y\u0131ldan itibaren her may\u0131s ay\u0131nda 20 okulun yar\u0131\u015faca\u011f\u0131 \u00c7i\u00e7ek Desenleri Festivali d\u00fczenleyecekleri m\u00fcjdesini verdi. Uysal, Sicilya-Antalya Sokak Yemekleri Festivali\u2019ni de ba\u015flatacaklar\u0131n\u0131 s\u00f6yledi.<\/p>\n\n\n\n<p>Ba\u015fkan Uysal, hafta sonu Akdeniz\u2019in en b\u00fcy\u00fck adas\u0131 Sicilya\u2019n\u0131n UNESCO D\u00fcnya Miras\u0131 Listesi\u2019nde yer alan \u2018Alt\u0131n \u015eehir\u2019 Noto\u2019dayd\u0131. Uysal, Muratpa\u015fa Belediyesi\u2019nin d\u00fczenlendi\u011fi Uluslararas\u0131 Kalei\u00e7i Old Town Festivali\u2019ne kat\u0131lan Noto\u2019da, davet \u00fczerine, 20 y\u0131l\u0131 a\u015fk\u0131n s\u00fcredir d\u00fczenlenen \u00c7i\u00e7ek Festivali\u2019ne kat\u0131ld\u0131. Ba\u015fkan Uysal, festivalin yan\u0131 s\u0131ra aralar\u0131nda Noto Belediye Ba\u015fkan\u0131 Corrado Figura\u2019n\u0131n da yer ald\u0131\u011f\u0131 heyetlerle g\u00f6r\u00fc\u015ft\u00fc.<br>Ba\u015fkan Uysal, g\u00f6r\u00fc\u015fmelerin ard\u0131ndan, gelecek y\u0131l Antalya\u2019ya yeni bir festival kazand\u0131racaklar\u0131n\u0131 a\u00e7\u0131klad\u0131. Uysal, \u2018\u00c7i\u00e7ek Desenleri Festivali\u2019nin 2025\u2019ten itibaren her y\u0131l may\u0131s ay\u0131nda d\u00fczenleyeceklerini s\u00f6yledi. Festival i\u00e7in kas\u0131m ay\u0131nda \u0130talya\u2019dan bir heyetin Antalya\u2019ya gelece\u011fini aktaran Ba\u015fkan Uysal, \u201c20 lise bu festivalde yar\u0131\u015facak. Kendilerine ay\u0131raca\u011f\u0131m\u0131z alanda en g\u00fczel \u00e7i\u00e7ek desenini olu\u015fturmak i\u00e7in okullar\u0131m\u0131z m\u00fccadele edecek\u201d diye konu\u015ftu. Ba\u015fkan Uysal, \u00e7i\u00e7eklerin ise belediyenin \u00fcretim tesislerinde yeti\u015ftirilece\u011fini s\u00f6yledi.<br>Uysal, ikinci bir festivalin ise Sicilya-Antalya Sokak Yemekleri Festivali olaca\u011f\u0131n\u0131n m\u00fcjdesini verdi. Sokak yemeklerinin adan\u0131n genelinde \u00e7ok \u00f6nemli oldu\u011funu ve seyyar arabalarda, b\u00fcfe tipi k\u00fc\u00e7\u00fck d\u00fckkanlarda bu k\u00fclt\u00fcrle kar\u015f\u0131la\u015fman\u0131n m\u00fcmk\u00fcn oldu\u011funu aktard\u0131. Akdeniz co\u011frafyas\u0131n\u0131 payla\u015fan Sicilya ve Antalya\u2019n\u0131n lezzetler farkl\u0131 olsa da benzer bir k\u00fclt\u00fcr\u00fc payla\u015ft\u0131\u011f\u0131n\u0131n alt\u0131n\u0131 \u00e7izen Uysal, Sicilya-Antalya Sokak Yemekleri Festivali\u2019nin Kalei\u00e7i merkezli bir festival olaca\u011f\u0131n\u0131 s\u00f6yledi.<\/p>\n\n\n\n<p>Muratpa\u015fa Belediyesi \/ B\u00fclten<\/p>\n","protected":false},"excerpt":{"rendered":"<p>Antalya Muratpa\u015fa Belediye Ba\u015fkan\u0131 \u00dcmit Uysal, gelecek y\u0131ldan itibaren her may\u0131s ay\u0131nda 20 okulun yar\u0131\u015faca\u011f\u0131 \u00c7i\u00e7ek Desenleri Festivali d\u00fczenleyecekleri m\u00fcjdesini verdi. Uysal, Sicilya-Antalya Sokak Yemekleri <a href=\"https:\/\/akdenizhaber.com.tr\/index.php\/2024\/05\/23\/cicek-desenleri-festivali-basliyor\/\" class=\"read-more-link\">[more&#8230;]<\/a><\/p>\n","protected":false},"author":2,"featured_media":24229,"comment_status":"open","ping_status":"open","sticky":false,"template":"","format":"standard","meta":{"footnotes":""},"categories":[2],"tags":[],"class_list":["post-24227","post","type-post","status-publish","format-standard","has-post-thumbnail","hentry","category-gundem"],"_links":{"self":[{"href":"https:\/\/akdenizhaber.com.tr\/index.php\/wp-json\/wp\/v2\/posts\/24227","targetHints":{"allow":["GET"]}}],"collection":[{"href":"https:\/\/akdenizhaber.com.tr\/index.php\/wp-json\/wp\/v2\/posts"}],"about":[{"href":"https:\/\/akdenizhaber.com.tr\/index.php\/wp-json\/wp\/v2\/types\/post"}],"author":[{"embeddable":true,"href":"https:\/\/akdenizhaber.com.tr\/index.php\/wp-json\/wp\/v2\/users\/2"}],"replies":[{"embeddable":true,"href":"https:\/\/akdenizhaber.com.tr\/index.php\/wp-json\/wp\/v2\/comments?post=24227"}],"version-history":[{"count":1,"href":"https:\/\/akdenizhaber.com.tr\/index.php\/wp-json\/wp\/v2\/posts\/24227\/revisions"}],"predecessor-version":[{"id":24230,"href":"https:\/\/akdenizhaber.com.tr\/index.php\/wp-json\/wp\/v2\/posts\/24227\/revisions\/24230"}],"wp:featuredmedia":[{"embeddable":true,"href":"https:\/\/akdenizhaber.com.tr\/index.php\/wp-json\/wp\/v2\/media\/24229"}],"wp:attachment":[{"href":"https:\/\/akdenizhaber.com.tr\/index.php\/wp-json\/wp\/v2\/media?parent=24227"}],"wp:term":[{"taxonomy":"category","embeddable":true,"href":"https:\/\/akdenizhaber.com.tr\/index.php\/wp-json\/wp\/v2\/categories?post=24227"},{"taxonomy":"post_tag","embeddable":true,"href":"https:\/\/akdenizhaber.com.tr\/index.php\/wp-json\/wp\/v2\/tags?post=24227"}],"curies":[{"name":"wp","href":"https:\/\/api.w.org\/{rel}","templated":true}]}}