{"id":24221,"date":"2024-05-23T14:31:17","date_gmt":"2024-05-23T11:31:17","guid":{"rendered":"https:\/\/akdenizhaber.com.tr\/?p=24221"},"modified":"2024-05-23T14:31:18","modified_gmt":"2024-05-23T11:31:18","slug":"baskan-kotan-bizlere-anadolu-coskusu-yasatiyorsunuz","status":"publish","type":"post","link":"https:\/\/akdenizhaber.com.tr\/index.php\/2024\/05\/23\/baskan-kotan-bizlere-anadolu-coskusu-yasatiyorsunuz\/","title":{"rendered":"Ba\u015fkan Kotan: &#8220;Bizlere Anadolu co\u015fkusu ya\u015fat\u0131yorsunuz&#8221;"},"content":{"rendered":"\n<p><\/p>\n\n\n\n<p>Konyaalt\u0131 Belediyesi Halk Oyunlar\u0131 Toplulu\u011fu ile bir araya gelen Konyaalt\u0131 Belediye Ba\u015fkan\u0131 Cem Kotan, \u201cG\u00f6n\u00fcll\u00fclerden olu\u015fan \u00e7ok g\u00fczel bir ekipsiniz. Bizlere danslar\u0131n\u0131zla Anadolu co\u015fkusu ya\u015fat\u0131yorsunuz. Sizlere \u00e7ok te\u015fekk\u00fcr ediyorum\u201d dedi.<\/p>\n\n\n\n<p>Konyaalt\u0131 Belediye Ba\u015fkan\u0131 Cem Kotan, g\u00f6n\u00fcll\u00fclerden olu\u015fturulan Konyaalt\u0131 Belediyesi Halk Oyunlar\u0131 Toplulu\u011fu ekibini ziyaret etti. Ba\u015fkan Kotan\u2019\u0131 ziyarette Konyaalt\u0131 Belediyesi Halk Oyunlar\u0131 Toplulu\u011fu E\u011fitmeni Mehmet Ba\u011fc\u0131 ve g\u00f6n\u00fcll\u00fclerden olu\u015fan ekip kar\u015f\u0131lad\u0131.&nbsp;<\/p>\n\n\n\n<p>G\u00d6N\u00dcLL\u00dcLERDEN OLU\u015eUYOR<\/p>\n\n\n\n<p>Dans\u00e7\u0131lar\u0131 ba\u015far\u0131l\u0131 performanslar\u0131ndan dolay\u0131 tek tek tebrik eden Ba\u015fkan Kotan, \u201cKonyaalt\u0131 Belediyemizde sizin gibi g\u00f6n\u00fcll\u00fc arkada\u015flar\u0131m\u0131z\u0131n olu\u015fturdu\u011fu b\u00f6ylesine g\u00fczel bir halk oyunlar\u0131 toplulu\u011fu olmas\u0131 benim i\u00e7in gurur verici. G\u00f6n\u00fcll\u00fclerden olu\u015fan \u00e7ok g\u00fczel bir ekipsiniz. Olanaklar el verdi\u011fince sizlerin yan\u0131nda olaca\u011f\u0131m ve sizleri destekleyece\u011fim\u201d dedi.&nbsp;&nbsp;<\/p>\n\n\n\n<p>\u201cGEN\u00c7LERE \u00d6RNEK OLUYORSUNUZ\u201d<\/p>\n\n\n\n<p>Sergiledikleri oyunlarla Anadolu\u2019nun 7 b\u00f6lgesindeki dans k\u00fclt\u00fcr\u00fcn\u00fc gelecek nesillere aktard\u0131klar\u0131n\u0131 ifade eden Ba\u015fkan Kotan, \u201cHalk danslar\u0131 demek k\u00fclt\u00fcr demek. Bu k\u00fclt\u00fcr\u00fc ya\u015fatman\u0131z \u00e7ok de\u011ferli. B\u00f6lgelerin oyunlar\u0131n\u0131 sahneledi\u011finizde asl\u0131nda bizlere ve gen\u00e7lerimize Anadolu\u2019yu izletiyor, bizlere Anadolu co\u015fkusunu ya\u015fat\u0131yorsunuz. Gen\u00e7lerimize \u00f6rnek oluyor bu k\u00fclt\u00fcr\u00fcn tan\u0131t\u0131lmas\u0131na katk\u0131 sa\u011fl\u0131yorsunuz. Sizlere emekleriniz i\u00e7in \u00e7ok te\u015fekk\u00fcr ediyorum. Son olarak 19 May\u0131s Atat\u00fcrk&#8217;\u00fc Anma Gen\u00e7lik ve Spor Bayram\u0131&#8217;nda Kent Meydan\u0131\u2019nda yapt\u0131\u011f\u0131n\u0131z g\u00f6steriniz de \u00e7ok g\u00fczeldi. Bizleri hem duyguland\u0131rd\u0131n\u0131z, hem de co\u015fturdunuz. 19 May\u0131s\u2019\u0131 sizlerle \u00e7ok daha g\u00fczel kutlad\u0131k\u201d diye konu\u015ftu.<\/p>\n\n\n\n<p>Konyaalt\u0131 Belediyesi \/ B\u00fclten<\/p>\n","protected":false},"excerpt":{"rendered":"<p>Konyaalt\u0131 Belediyesi Halk Oyunlar\u0131 Toplulu\u011fu ile bir araya gelen Konyaalt\u0131 Belediye Ba\u015fkan\u0131 Cem Kotan, \u201cG\u00f6n\u00fcll\u00fclerden olu\u015fan \u00e7ok g\u00fczel bir ekipsiniz. Bizlere danslar\u0131n\u0131zla Anadolu co\u015fkusu ya\u015fat\u0131yorsunuz. <a href=\"https:\/\/akdenizhaber.com.tr\/index.php\/2024\/05\/23\/baskan-kotan-bizlere-anadolu-coskusu-yasatiyorsunuz\/\" class=\"read-more-link\">[more&#8230;]<\/a><\/p>\n","protected":false},"author":2,"featured_media":24223,"comment_status":"open","ping_status":"open","sticky":false,"template":"","format":"standard","meta":{"footnotes":""},"categories":[2],"tags":[],"class_list":["post-24221","post","type-post","status-publish","format-standard","has-post-thumbnail","hentry","category-gundem"],"_links":{"self":[{"href":"https:\/\/akdenizhaber.com.tr\/index.php\/wp-json\/wp\/v2\/posts\/24221","targetHints":{"allow":["GET"]}}],"collection":[{"href":"https:\/\/akdenizhaber.com.tr\/index.php\/wp-json\/wp\/v2\/posts"}],"about":[{"href":"https:\/\/akdenizhaber.com.tr\/index.php\/wp-json\/wp\/v2\/types\/post"}],"author":[{"embeddable":true,"href":"https:\/\/akdenizhaber.com.tr\/index.php\/wp-json\/wp\/v2\/users\/2"}],"replies":[{"embeddable":true,"href":"https:\/\/akdenizhaber.com.tr\/index.php\/wp-json\/wp\/v2\/comments?post=24221"}],"version-history":[{"count":1,"href":"https:\/\/akdenizhaber.com.tr\/index.php\/wp-json\/wp\/v2\/posts\/24221\/revisions"}],"predecessor-version":[{"id":24224,"href":"https:\/\/akdenizhaber.com.tr\/index.php\/wp-json\/wp\/v2\/posts\/24221\/revisions\/24224"}],"wp:featuredmedia":[{"embeddable":true,"href":"https:\/\/akdenizhaber.com.tr\/index.php\/wp-json\/wp\/v2\/media\/24223"}],"wp:attachment":[{"href":"https:\/\/akdenizhaber.com.tr\/index.php\/wp-json\/wp\/v2\/media?parent=24221"}],"wp:term":[{"taxonomy":"category","embeddable":true,"href":"https:\/\/akdenizhaber.com.tr\/index.php\/wp-json\/wp\/v2\/categories?post=24221"},{"taxonomy":"post_tag","embeddable":true,"href":"https:\/\/akdenizhaber.com.tr\/index.php\/wp-json\/wp\/v2\/tags?post=24221"}],"curies":[{"name":"wp","href":"https:\/\/api.w.org\/{rel}","templated":true}]}}