{"id":24215,"date":"2024-05-23T14:28:44","date_gmt":"2024-05-23T11:28:44","guid":{"rendered":"https:\/\/akdenizhaber.com.tr\/?p=24215"},"modified":"2024-05-23T14:29:31","modified_gmt":"2024-05-23T11:29:31","slug":"kepezin-yks-kurs-kayitlari-basladi","status":"publish","type":"post","link":"https:\/\/akdenizhaber.com.tr\/index.php\/2024\/05\/23\/kepezin-yks-kurs-kayitlari-basladi\/","title":{"rendered":"Kepez\u2019in YKS kurs kay\u0131tlar\u0131 ba\u015flad\u0131"},"content":{"rendered":"\n<p>Kepez Belediyesi\u2019nin, Y\u00fcksek\u00f6\u011fretim Kurumlar\u0131 S\u0131nav\u0131na(YKS) girecek \u00f6\u011frenciler i\u00e7in her y\u0131l d\u00fczenledi\u011fi TYT ve AYT haz\u0131rl\u0131k kurslar\u0131n\u0131n kay\u0131tlar\u0131 ba\u015flad\u0131. Yasin Naci A\u011faro\u011flu E\u011fitim Merkezi&#8217;nde ger\u00e7ekle\u015ftirilen kurslar, 11. ve 12. s\u0131n\u0131f \u00f6\u011frencileri ile mezunlara y\u00f6nelik olarak d\u00fczenleniyor.<\/p>\n\n\n\n<p>E\u011fitime \u00f6nemli katk\u0131lar sunan Kepez Belediyesi, Y\u00fcksek\u00f6\u011fretim Kurumlar\u0131 S\u0131nav\u0131(YKS) haz\u0131rl\u0131k kurslar\u0131yla \u00f6\u011frencilerin s\u0131nav ba\u015far\u0131lar\u0131n\u0131 art\u0131rmay\u0131 ve hedeflerine ula\u015fmalar\u0131n\u0131 sa\u011fl\u0131yor. &nbsp;Kepez Belediyesi\u2019nin gen\u00e7lerin e\u011fitim hayatlar\u0131na katk\u0131da bulunmak ve onlar\u0131n gelecekteki ba\u015far\u0131lar\u0131na destek olmak ad\u0131na Yasin Naci A\u011faro\u011flu E\u011fitim Merkezi\u2019nde d\u00fczenledi\u011fi YKS haz\u0131rl\u0131k kurslar\u0131 her y\u0131l y\u00fczlerce \u00f6\u011frenciye \u00fcniversite kap\u0131lar\u0131n\u0131 aral\u0131yor. Kepez Belediyesi, \u00f6n\u00fcm\u00fczdeki y\u0131llarda YKS\u2019ye girecek \u00fcniversite adaylar\u0131 i\u00e7in kurs kay\u0131tlar\u0131n\u0131n ba\u015flad\u0131\u011f\u0131n\u0131 duyurdu. 11. ve 12. s\u0131n\u0131f \u00f6\u011frencileri ile mezunlara y\u00f6nelik olarak d\u00fczenlenen kurslara kat\u0131lmak isteyenler, detaylar i\u00e7in 0 242 503 94 77 numaral\u0131 telefondan ya da Teomanpa\u015fa Mahallesi\u2019nde bulunan Yasin Naci A\u011faro\u011flu E\u011fitim Merkezi\u2019nden gerekli bilgilere ula\u015fabilirler.<\/p>\n\n\n\n<p>Kepez Belediyesi, YKS\u2019ye girecek adaylar i\u00e7in y\u0131l boyunca da deneme s\u0131navlar\u0131 d\u00fczenliyor. Temel Yeterlilik Testi(TYT) ve Alan Yeterlilik Testi(AYT) olmak \u00fczere 2 oturumda ger\u00e7ekle\u015ftirilen deneme s\u0131navlar\u0131, adaylar\u0131n mevcut bilgilerini \u00f6l\u00e7me a\u00e7\u0131s\u0131ndan b\u00fcy\u00fck bir \u00f6nem ta\u015f\u0131yor.&nbsp;<\/p>\n\n\n\n<p>Kepez Belediyesi \/ B\u00fclten<\/p>\n","protected":false},"excerpt":{"rendered":"<p>Kepez Belediyesi\u2019nin, Y\u00fcksek\u00f6\u011fretim Kurumlar\u0131 S\u0131nav\u0131na(YKS) girecek \u00f6\u011frenciler i\u00e7in her y\u0131l d\u00fczenledi\u011fi TYT ve AYT haz\u0131rl\u0131k kurslar\u0131n\u0131n kay\u0131tlar\u0131 ba\u015flad\u0131. Yasin Naci A\u011faro\u011flu E\u011fitim Merkezi&#8217;nde ger\u00e7ekle\u015ftirilen kurslar, <a href=\"https:\/\/akdenizhaber.com.tr\/index.php\/2024\/05\/23\/kepezin-yks-kurs-kayitlari-basladi\/\" class=\"read-more-link\">[more&#8230;]<\/a><\/p>\n","protected":false},"author":2,"featured_media":24216,"comment_status":"open","ping_status":"open","sticky":false,"template":"","format":"standard","meta":{"footnotes":""},"categories":[2],"tags":[],"class_list":["post-24215","post","type-post","status-publish","format-standard","has-post-thumbnail","hentry","category-gundem"],"_links":{"self":[{"href":"https:\/\/akdenizhaber.com.tr\/index.php\/wp-json\/wp\/v2\/posts\/24215","targetHints":{"allow":["GET"]}}],"collection":[{"href":"https:\/\/akdenizhaber.com.tr\/index.php\/wp-json\/wp\/v2\/posts"}],"about":[{"href":"https:\/\/akdenizhaber.com.tr\/index.php\/wp-json\/wp\/v2\/types\/post"}],"author":[{"embeddable":true,"href":"https:\/\/akdenizhaber.com.tr\/index.php\/wp-json\/wp\/v2\/users\/2"}],"replies":[{"embeddable":true,"href":"https:\/\/akdenizhaber.com.tr\/index.php\/wp-json\/wp\/v2\/comments?post=24215"}],"version-history":[{"count":1,"href":"https:\/\/akdenizhaber.com.tr\/index.php\/wp-json\/wp\/v2\/posts\/24215\/revisions"}],"predecessor-version":[{"id":24217,"href":"https:\/\/akdenizhaber.com.tr\/index.php\/wp-json\/wp\/v2\/posts\/24215\/revisions\/24217"}],"wp:featuredmedia":[{"embeddable":true,"href":"https:\/\/akdenizhaber.com.tr\/index.php\/wp-json\/wp\/v2\/media\/24216"}],"wp:attachment":[{"href":"https:\/\/akdenizhaber.com.tr\/index.php\/wp-json\/wp\/v2\/media?parent=24215"}],"wp:term":[{"taxonomy":"category","embeddable":true,"href":"https:\/\/akdenizhaber.com.tr\/index.php\/wp-json\/wp\/v2\/categories?post=24215"},{"taxonomy":"post_tag","embeddable":true,"href":"https:\/\/akdenizhaber.com.tr\/index.php\/wp-json\/wp\/v2\/tags?post=24215"}],"curies":[{"name":"wp","href":"https:\/\/api.w.org\/{rel}","templated":true}]}}