{"id":24212,"date":"2024-05-23T14:28:14","date_gmt":"2024-05-23T11:28:14","guid":{"rendered":"https:\/\/akdenizhaber.com.tr\/?p=24212"},"modified":"2024-05-23T14:28:15","modified_gmt":"2024-05-23T11:28:15","slug":"baskan-menderes-dal-yol-calismalarini-inceledi","status":"publish","type":"post","link":"https:\/\/akdenizhaber.com.tr\/index.php\/2024\/05\/23\/baskan-menderes-dal-yol-calismalarini-inceledi\/","title":{"rendered":"Ba\u015fkan Menderes Dal yol \u00e7al\u0131\u015fmalar\u0131n\u0131 inceledi"},"content":{"rendered":"\n<p>D\u00f6\u015femealt\u0131 Belediye Ba\u015fkan\u0131 Menderes Dal, \u00c7\u0131\u011fl\u0131k ve Yenik\u00f6y mahallelerinde devam eden yol \u00e7al\u0131\u015fmalar\u0131n\u0131 yerinde inceledi.<\/p>\n\n\n\n<p>D\u00f6\u015femealt\u0131 Belediyesi, yaz ay\u0131n\u0131n gelmesiyle birlikte il\u00e7ede yol a\u00e7ma ve onar\u0131m \u00e7al\u0131\u015fmalar\u0131na h\u0131z verdi. K\u0131rsaldan merkeze mahalle mahalle, sokak sokak yol \u00e7al\u0131\u015fmalar\u0131na devam eden D\u00f6\u015femealt\u0131 Belediyesi Fen \u0130\u015fleri M\u00fcd\u00fcrl\u00fc\u011f\u00fc, planl\u0131 yol yap\u0131m, bak\u0131m ve onar\u0131m \u00e7al\u0131\u015fmalar\u0131n\u0131 merkez ve k\u0131rsal mahallelerde aral\u0131ks\u0131z s\u00fcrd\u00fcr\u00fcyor.<\/p>\n\n\n\n<p>\u00c7ALI\u015eMALAR HAKKINDA B\u0130LG\u0130 ALDI<\/p>\n\n\n\n<p>D\u00f6\u015femealt\u0131 Belediye Ba\u015fkan\u0131 Menderes Dal, \u00c7\u0131\u011fl\u0131k ve Yenik\u00f6y mahalleleri aras\u0131nda bulunan ve k\u0131\u015f aylar\u0131nda yo\u011fun ya\u011f\u0131\u015flarda sular alt\u0131nda kalan Sar\u0131me\u015felik mevkiinde ekiplerin s\u00fcrd\u00fcrd\u00fc\u011f\u00fc yol a\u00e7ma ve onar\u0131m \u00e7al\u0131\u015fmalar\u0131n\u0131 yerinde inceledi. Ba\u015fkan Menderes Dal&#8217;a incelemede Ba\u015fkan Yard\u0131mc\u0131s\u0131 \u00d6mer K\u0131vrak da e\u015flik etti. Yol a\u00e7ma \u00e7al\u0131\u015fmalar\u0131n\u0131 y\u00fcr\u00fcten i\u015f\u00e7ilere kolayl\u0131klar dileyen Ba\u015fkan Dal, \u00e7al\u0131\u015fmalar hakk\u0131nda bilgi ald\u0131.<\/p>\n\n\n\n<p>&#8216;D\u00d6\u015eEMEALTI&#8217;NI DAHA YA\u015eANIR HALE GET\u0130RECE\u011e\u0130Z&#8217;<\/p>\n\n\n\n<p>Ba\u015fkan Menderes Dal, &#8220;Hem\u015fehrilerimizin \u00f6zellikle altyap\u0131 konusundaki talep ve beklentilerinin fark\u0131nday\u0131z. Bir yandan mali disiplini sa\u011flamaya \u00e7al\u0131\u015f\u0131rken bir yandan da altyap\u0131 \u00e7al\u0131\u015fmalar\u0131m\u0131z\u0131 aral\u0131ks\u0131z s\u00fcrd\u00fcr\u00fcyoruz. D\u00f6\u015femealt\u0131m\u0131z\u0131 daha ya\u015fan\u0131r hale getirmek i\u00e7in planl\u0131 \u00e7al\u0131\u015fmalar\u0131m\u0131z\u0131 y\u00fcr\u00fct\u00fcyoruz&#8221; dedi.<\/p>\n\n\n\n<p>D\u00f6\u015femealt\u0131 Belediyesi \/ B\u00fclten<\/p>\n","protected":false},"excerpt":{"rendered":"<p>D\u00f6\u015femealt\u0131 Belediye Ba\u015fkan\u0131 Menderes Dal, \u00c7\u0131\u011fl\u0131k ve Yenik\u00f6y mahallelerinde devam eden yol \u00e7al\u0131\u015fmalar\u0131n\u0131 yerinde inceledi. D\u00f6\u015femealt\u0131 Belediyesi, yaz ay\u0131n\u0131n gelmesiyle birlikte il\u00e7ede yol a\u00e7ma ve <a href=\"https:\/\/akdenizhaber.com.tr\/index.php\/2024\/05\/23\/baskan-menderes-dal-yol-calismalarini-inceledi\/\" class=\"read-more-link\">[more&#8230;]<\/a><\/p>\n","protected":false},"author":2,"featured_media":24213,"comment_status":"open","ping_status":"open","sticky":false,"template":"","format":"standard","meta":{"footnotes":""},"categories":[2],"tags":[],"class_list":["post-24212","post","type-post","status-publish","format-standard","has-post-thumbnail","hentry","category-gundem"],"_links":{"self":[{"href":"https:\/\/akdenizhaber.com.tr\/index.php\/wp-json\/wp\/v2\/posts\/24212","targetHints":{"allow":["GET"]}}],"collection":[{"href":"https:\/\/akdenizhaber.com.tr\/index.php\/wp-json\/wp\/v2\/posts"}],"about":[{"href":"https:\/\/akdenizhaber.com.tr\/index.php\/wp-json\/wp\/v2\/types\/post"}],"author":[{"embeddable":true,"href":"https:\/\/akdenizhaber.com.tr\/index.php\/wp-json\/wp\/v2\/users\/2"}],"replies":[{"embeddable":true,"href":"https:\/\/akdenizhaber.com.tr\/index.php\/wp-json\/wp\/v2\/comments?post=24212"}],"version-history":[{"count":1,"href":"https:\/\/akdenizhaber.com.tr\/index.php\/wp-json\/wp\/v2\/posts\/24212\/revisions"}],"predecessor-version":[{"id":24214,"href":"https:\/\/akdenizhaber.com.tr\/index.php\/wp-json\/wp\/v2\/posts\/24212\/revisions\/24214"}],"wp:featuredmedia":[{"embeddable":true,"href":"https:\/\/akdenizhaber.com.tr\/index.php\/wp-json\/wp\/v2\/media\/24213"}],"wp:attachment":[{"href":"https:\/\/akdenizhaber.com.tr\/index.php\/wp-json\/wp\/v2\/media?parent=24212"}],"wp:term":[{"taxonomy":"category","embeddable":true,"href":"https:\/\/akdenizhaber.com.tr\/index.php\/wp-json\/wp\/v2\/categories?post=24212"},{"taxonomy":"post_tag","embeddable":true,"href":"https:\/\/akdenizhaber.com.tr\/index.php\/wp-json\/wp\/v2\/tags?post=24212"}],"curies":[{"name":"wp","href":"https:\/\/api.w.org\/{rel}","templated":true}]}}