{"id":24207,"date":"2024-05-23T14:08:01","date_gmt":"2024-05-23T11:08:01","guid":{"rendered":"https:\/\/akdenizhaber.com.tr\/?p=24207"},"modified":"2024-05-23T14:08:02","modified_gmt":"2024-05-23T11:08:02","slug":"baskan-ali-bahar-dogru-islere-destek-verecek-yanlisi-dile-getirecegiz","status":"publish","type":"post","link":"https:\/\/akdenizhaber.com.tr\/index.php\/2024\/05\/23\/baskan-ali-bahar-dogru-islere-destek-verecek-yanlisi-dile-getirecegiz\/","title":{"rendered":"Ba\u015fkan Ali Bahar: Do\u011fru \u0130\u015flere Destek Verecek Yanl\u0131\u015f\u0131 Dile Getirece\u011fiz"},"content":{"rendered":"\n<p><strong>ATSO Ba\u015fkan\u0131 Ali Bahar, \u201c\u00dclkemizin \u015fu anda uygulanmakta olan politikalar d\u0131\u015f\u0131nda bir se\u00e7ene\u011fi bulunmamaktad\u0131r. O y\u00fczden biz her zaman oldu\u011fu gibi yap\u0131lan do\u011fru i\u015flere destek verece\u011fiz, yap\u0131lan yanl\u0131\u015flar\u0131 da \u00e7\u00f6z\u00fcm\u00fcn\u00fc de s\u00f6ylemek suretiyle dile getirece\u011fiz\u201d dedi.<\/strong><\/p>\n\n\n\n<p>Antalya Ticaret ve Sanayi Odas\u0131 (ATSO) May\u0131s Ay\u0131 Ola\u011fan Meclis Toplant\u0131s\u0131, ATSO Meclis Salonu\u2019nda yap\u0131ld\u0131. Meclis Ba\u015fkan\u0131 Ahmet \u00d6zt\u00fcrk&#8217;\u00fcn a\u00e7\u0131l\u0131\u015f konu\u015fmas\u0131yla ba\u015flayan Meclis\u2019te ATSO Y\u00f6netim Kurulu Ba\u015fkan\u0131 Ali Bahar, 19 May\u0131s Atat\u00fcrk\u2019\u00fc Anma, Gen\u00e7lik ve Spor Bayram\u0131\u2019n\u0131 kutlayarak, ekonomi, enflasyon ile m\u00fccadele, fiyat istikrar\u0131, Antalya ekonomisi ve ATSO g\u00fcndemine ili\u015fkin de\u011ferlendirmelerde bulundu. Hesaplar\u0131 \u0130nceleme Komisyonu raporunda yer alan ATSO\u2019da yap\u0131lan \u00f6demeler tart\u0131\u015fmas\u0131na ili\u015fkin s\u00f6z alan Ba\u015fkan Bahar, \u201cBu k\u0131s\u0131r tart\u0131\u015fmalar ile u\u011fra\u015fmayal\u0131m, \u00fcyelerimiz kendi sekt\u00f6rleri ile ilgili \u00e7al\u0131\u015fmalar yapmal\u0131. Bunu yapmayanlar\u0131 da 62 bin ATSO \u00fcyesi cezaland\u0131rmal\u0131\u201d diye konu\u015ftu.<\/p>\n\n\n\n<p><strong>YEN\u0130DEN AYA\u011eA KALKMA ZAMANI<\/strong><\/p>\n\n\n\n<p>Ekonomide ya\u015fanan geli\u015fmelere ili\u015fkin yapt\u0131klar\u0131 de\u011ferlendirmelerin ele\u015ftiri konusu olmas\u0131 hakk\u0131nda konu\u015fan Ba\u015fkan Bahar, s\u00f6zlerini \u015f\u00f6yle s\u00fcrd\u00fcrd\u00fc;<\/p>\n\n\n\n<p>\u201c\u015eimdi baz\u0131lar\u0131 bizi \u201cekonomi y\u00f6netimine destek vermekle\u201d ele\u015ftiriyor. \u201c\u0130\u015f d\u00fcnyas\u0131n\u0131 temsil edenler, nas\u0131l olur da bu politikay\u0131 destekler!\u201d diyenler var. Tekrar ediyorum, bu bir tercih de\u011fil, bu bir zorunluluktur. \u00dclkemizin \u015fu anda uygulanmakta olan politikalar d\u0131\u015f\u0131nda bir se\u00e7ene\u011fi de bulunmamaktad\u0131r. T\u00fcrkiye, hi\u00e7bir d\u0131\u015f etki olmadan, bir zorlama olmadan, tamamen kendi tercihi ile 2021 sonunda bir faiz indirim s\u00fcrecine girdi ve \u00fclke risk priminden, cari dengeye, enflasyondan d\u00f6viz rezervlerimize, do\u011frudan yat\u0131r\u0131mlardan portf\u00f6y yat\u0131r\u0131mlar\u0131na, \u00fcretim maliyetlerindeki s\u0131\u00e7ramadan, bozulan t\u00fcketim al\u0131\u015fkanl\u0131klar\u0131na, gayrimenkul ve araba fiyatlar\u0131na kadar t\u00fcm dengeler bozuldu; gelir da\u011f\u0131l\u0131m\u0131 a\u015f\u0131r\u0131 derecede bozuldu. \u015eimdi yeniden aya\u011fa kalkma, bunlar\u0131 d\u00fczeltme zaman\u0131 ve bu s\u00fcrecin olmazsa olmas\u0131 s\u0131k\u0131 para politikas\u0131d\u0131r o y\u00fczden biz her zaman oldu\u011fu gibi yap\u0131lan do\u011fru i\u015flere destek verece\u011fiz, yap\u0131lan yanl\u0131\u015flar\u0131 da \u00e7\u00f6z\u00fcm\u00fcn\u00fc de s\u00f6ylemek suretiyle dile getirece\u011fiz.\u201d<\/p>\n\n\n\n<p><strong>ATSO\u2019YU TAK\u0130P ED\u0130N<\/strong><\/p>\n\n\n\n<p>Y\u0131l\u0131n be\u015finci ay\u0131n\u0131 geride b\u0131rak\u0131rken, ekonominin kademeli olarak yava\u015flamaya ba\u015flad\u0131\u011f\u0131n\u0131, \u00fcretim ve t\u00fcketimde b\u00fcy\u00fcmenin devam etmekle birlikte h\u0131z kaybetti\u011fini belirten Ba\u015fkan Ali Bahar, \u201cBunlarla birlikte finansal g\u00f6stergelerimizin iyile\u015fmeye ba\u015flad\u0131\u011f\u0131n\u0131, cari a\u00e7\u0131\u011f\u0131n geriledi\u011fini, d\u00f6viz rezervlerimizin ve \u00fclkemize yabanc\u0131 fon giri\u015flerinin artmaya ba\u015flad\u0131\u011f\u0131n\u0131, CDS primlerimizin geriledi\u011fini di\u011fer \u00f6nceki meclislerimizde ki \u00f6ng\u00f6r\u00fclerimize uygun, s\u00f6ylediklerimizi teyit edecek \u015fekilde ger\u00e7ekle\u015fti\u011fini g\u00f6r\u00fcyoruz. Bununda odam\u0131z\u0131n Ar-Ge\u2019sinin, ekonomik geli\u015fmeleri de\u011ferlendiren kadrolar\u0131m\u0131z\u0131n ne kadar tutarl\u0131 oldu\u011funu g\u00f6r\u00fcyoruz. Ekonomik gelece\u011fe bakmak isterseniz, Antalya Ticaret ve Sanayi Odas\u0131 \u00f6ng\u00f6r\u00fclerini, a\u00e7\u0131klamalar\u0131n\u0131 ve b\u00fcltenleri takip edip, kendinize rehber yapabilirsiniz. T\u00fcm profesyonel kadrolar\u0131ma bu anlamda te\u015fekk\u00fcr ediyorum, \u00e7al\u0131\u015fmalar\u0131nda ba\u015far\u0131lar diliyorum\u201d ifadelerini kulland\u0131.<\/p>\n\n\n\n<p><br><strong>BU B\u0130R TERC\u0130H DE\u011e\u0130L ZORUNLULUKTUR<\/strong><\/p>\n\n\n\n<p>Meclis toplant\u0131lar\u0131nda Hazine ve Maliye Bakan\u0131 Mehmet \u015eim\u015fek ile yap\u0131lan g\u00f6r\u00fc\u015fmeleri hat\u0131rlatan Bahar, ekonomide ani bir yava\u015flama olmamas\u0131 gerekti\u011fini her zaman dile getirdiklerini kaydetti. Y\u00fcksek enflasyonla, artan maliyetlerle yorulmu\u015f bir i\u015f d\u00fcnyas\u0131n\u0131n s\u0131k\u0131 para politikas\u0131na ge\u00e7i\u015fle darbe yiyece\u011fini ifade eden Bahar, \u201c\u00c7ok say\u0131da i\u015fletmenin kap\u0131s\u0131na kilit vurmak zorunda kalaca\u011f\u0131n\u0131, i\u015fsizli\u011fin bir anda y\u00fckselebilece\u011fini; bunun yerine kademeli bir faiz art\u0131r\u0131m s\u00fcrecinin uygulanmas\u0131 gerekti\u011fini, kredi kartlar\u0131 ve di\u011fer ba\u015fl\u0131klardaki makro-ihtiyati tedbirlerin kademeli olarak hayata ge\u00e7irilmesi gerekti\u011fini s\u00f6ylemi\u015ftik.&nbsp; \u015eu ana kadar da b\u00f6yle oldu. Zorlan\u0131yor muyuz? Evet, elbette zorlan\u0131yoruz. Y\u00fcksek kredi maliyetleri hepimize a\u011f\u0131r geliyor. Elbette, kimse y\u00fcksek faizden memnun de\u011fil. Ama arkada\u015flar bu bir tercih de\u011fil, geldi\u011fimiz noktada bu bir zorunluluktur\u201d diye konu\u015ftu.<\/p>\n\n\n\n<p><strong>\u015e\u0130MD\u0130 \u0130\u015eLER TERS\u0130NE D\u00d6N\u00dcYOR<\/strong><\/p>\n\n\n\n<p>Son enflasyon raporunda 2024 y\u0131lsonu enflasyon tahmininin y\u00fczde 36\u2019dan y\u00fczde 38\u2019e \u00e7\u0131kar\u0131lmas\u0131n\u0131 de\u011ferlendiren ATSO Y\u00f6netim Kurulu Ba\u015fkan\u0131 Ali Bahar;<\/p>\n\n\n\n<p>\u201cMerkez Bankas\u0131 dedi ki: \u2018Enflasyonda gerileme benim \u00f6ng\u00f6rd\u00fc\u011f\u00fcmden daha yava\u015f ger\u00e7ekle\u015fiyor. \u00c7\u00fcnk\u00fc hizmet sekt\u00f6r\u00fcnde fiyatlar hala kat\u0131, i\u00e7 talep hala canl\u0131 ve petrol fiyatlar\u0131 benim tahmin etti\u011fimin \u00fczerinde. Ama \u015fu anda y\u00fczde 70\u2019e yak\u0131n olan enflasyon 7 ay sonra y\u00fczde 38\u2019e inecek.\u2019 Pek \u00e7ok insan ve \u015firket, se\u00e7imlerden sonra d\u00f6vizde bir s\u0131\u00e7rama bekliyordu. Bu nedenle, se\u00e7imden \u00f6nceki bir ayda y\u00fckl\u00fc miktarda d\u00f6viz ve alt\u0131n alanlar oldu. Fiyatlar daha da y\u00fckselecek diye talebin erkene \u00e7ekildi\u011fi bir d\u00f6nem ge\u00e7irdik. Enflasyonla m\u00fccadeleyi bir kenara b\u0131rak\u0131n, enflasyonu k\u0131\u015fk\u0131rtan bir politika ile \u00fc\u00e7 y\u0131l ge\u00e7irdikten sonra, \u015fimdi i\u015fler terse d\u00f6n\u00fcyor. D\u00f6vizdeki y\u00fckseli\u015fin bitti\u011fini g\u00f6renler ellerindekini satmaya ba\u015flad\u0131. Hatta Say\u0131n Hazine ve Maliye bakan\u0131m\u0131z Mehmet \u015eim\u015fek, e\u011fer piyasalardan d\u00f6viz sat\u0131n almazsak dolar\u0131n 20\u2019li rakamlara 30\u2019un alt\u0131na gerileyece\u011fini dahi ifade etti. Nisan ba\u015f\u0131ndan bu yana, Merkez Bankas\u0131 hem d\u00f6viz kuru d\u00fc\u015fmesin diye,&nbsp; hem rezervlerini art\u0131rmak i\u00e7in 41 milyar dolar al\u0131m yapt\u0131. D\u00f6viz rezervleri yeniden artmaya ba\u015flad\u0131 ve \u00f6n\u00fcm\u00fczdeki aylarda bu s\u00fcre\u00e7 devam edecek\u201d a\u00e7\u0131klamas\u0131nda bulundu.<\/p>\n\n\n\n<p><strong>G\u00dcVEN \u0130\u00c7\u0130N \u00d6NEML\u0130 B\u0130R G\u00d6STERGE<\/strong><\/p>\n\n\n\n<p>Yaz aylar\u0131nda asgari \u00fccret art\u0131\u015f\u0131 yap\u0131lmamas\u0131n\u0131n getirece\u011fi baz etkisiyle birlikte s\u0131k\u0131 para politikas\u0131n\u0131n etkilerinin hissedilece\u011fini belirten Ba\u015fkan Bahar, \u201cEnflasyonda h\u0131zl\u0131 bir gerileme ya\u015fayaca\u011f\u0131z. Ama eksik yok mu, yanl\u0131\u015f yok mu, elbette var. Bak\u0131n Cumhurba\u015fkan\u0131 Yard\u0131mc\u0131m\u0131z Cevdet Y\u0131lmaz Bey ve Maliye Bakan\u0131m\u0131z Mehmet \u015eim\u015fek Bey, \u201cbir y\u0131ld\u0131r kamu harcamalar\u0131nda tasarruf \u00e7al\u0131\u015fmalar\u0131n\u0131n devam etti\u011fini\u201d s\u00f6ylediler. Sonunda bu tasarruf paketi bundan iki hafta \u00f6nce a\u00e7\u0131kland\u0131. Yaln\u0131zca merkezi y\u00f6netim b\u00fct\u00e7esinde de\u011fil, yerel y\u00f6netim b\u00fct\u00e7elerine y\u00f6nelik tedbirler i\u00e7eren program olduk\u00e7a geni\u015f kapsaml\u0131 ve T\u00fcrkiye ekonomisine olan g\u00fcvenin artmas\u0131 anlam\u0131nda da \u00e7ok \u00f6nemli bir g\u00f6stergedir\u201d dedi.&nbsp;<\/p>\n\n\n\n<p><strong>TASARRUF \u0130LE B\u0130RL\u0130KTE VER\u0130ML\u0130L\u0130K<\/strong><\/p>\n\n\n\n<p>Son al\u0131nan kararlarla beraber kamunun da tasarrufa ortak oldu\u011funu s\u00f6zlerine ekleyen Ba\u015fkan Bahar, \u201cBug\u00fcne kadar enflasyonun yaratt\u0131\u011f\u0131 tahribat kimin \u00fczerindeydi, vatanda\u015f\u0131n ve i\u015f d\u00fcnyas\u0131n\u0131n \u00fczerinde. \u201cBiz sebebi olmad\u0131\u011f\u0131m\u0131z enflasyonu d\u00fc\u015f\u00fcrmek i\u00e7in y\u00fck alt\u0131na giriyoruz, kamu neden girmiyor?\u201d dedik. Kamu harcamalar\u0131nda tasarruf s\u00fcreci bir an \u00f6nce ve kapsaml\u0131 bir \u015fekilde ba\u015flamal\u0131 dedik. \u0130\u015fte bu son kararlar ile kamuda fedak\u00e2rl\u0131\u011fa ortak oldu. \u0130kincisi, a\u00e7\u0131klanan tedbirlere bak\u0131yoruz. Hepsi do\u011fru, hepsi g\u00fczel ama bunlar zaten olmas\u0131 gereken \u015feyler. Yani tasarruf edece\u011fiz zihniyeti ile de\u011fil, ideal bir kamu y\u00f6netiminde s\u00fcrekli olmas\u0131 gereken ilkelerdir bunlar. \u00dc\u00e7\u00fcnc\u00fcs\u00fc bunlar\u0131n ekonomik b\u00fcy\u00fckl\u00fc\u011f\u00fc \u00e7ok da y\u00fcksek de\u011fil. Mutlaka ba\u015fka tedbirlerde desteklenmeleri gerekiyor. Kapsam\u0131n geni\u015fletilmesi gerekiyor ve ayn\u0131 zamanda tasarruf ile birlikte as\u0131l girdinin verimlilik anlay\u0131\u015f\u0131 \u00fczerinde olaca\u011f\u0131na inan\u0131yoruz ve bunun alt\u0131n\u0131 \u00e7iziyoruz\u201d diye konu\u015ftu.<\/p>\n\n\n\n<p><strong>\u00c7ALI\u015eAN N\u00dcFUSUMUZU AZALTIYORUZ<\/strong><\/p>\n\n\n\n<p>20 milyon ki\u015finin devletten sosyal yard\u0131m ald\u0131\u011f\u0131na i\u015faret eden ATSO Ba\u015fkan\u0131 Ali Bahar, s\u00f6zlerini \u015f\u00f6yle devam ettirdi;<\/p>\n\n\n\n<p>\u201cBu ne demek biliyor musunuz? Her 4 ki\u015fiden biri yard\u0131m al\u0131yor. T\u00fcrkiye&#8217;deki sosyal yard\u0131m oran\u0131 d\u00fcnya geneline ve \u00f6zellikle OECD \u00fclkelerine g\u00f6re y\u00fcksek seviyededir. Peki bu bizim hangi \u00e7arklar\u0131m\u0131z\u0131 i\u015fletmemize engel oluyor? Asgari \u00fccretle hatta bunun da \u00fczerinde bir \u00fccretle \u00e7al\u0131\u015ft\u0131racak insan bulam\u0131yoruz. Sanayici de bulam\u0131yor, \u00e7ift\u00e7i de bulam\u0131yor, b\u00f6rek\u00e7ide bulam\u0131yor, berberde bulam\u0131yor. Geli\u015fmekte olan bir \u00fclke olarak \u00e7al\u0131\u015fmaya ihtiyac\u0131m\u0131z varken, b\u00f6yle b\u00fcy\u00fck bir \u00fclke, b\u00f6yle gen\u00e7 n\u00fcfusa sahip \u00fclke, b\u00f6yle kadim bir \u00fclke \u00e7al\u0131\u015fan n\u00fcfusumuzu azalt\u0131yoruz. B\u00f6yle bir sosyal devlet anlay\u0131\u015f\u0131 yok. \u00c7al\u0131\u015fmamak demek \u00e7al\u0131\u015ft\u0131rmamak demek \u00e7al\u0131\u015ft\u0131ramamak demek sosyal devlet anlay\u0131\u015f\u0131 de\u011fildir.\u201d<\/p>\n\n\n\n<p>E\u011fitim kalitesinin velilerin ve i\u015fverenlerin ortak sorunu ve \u015fik\u00e2yeti haline geldi\u011fini dile getiren Bahar, \u201cHer y\u0131l \u00fcniversitelerimizden 1 milyona yak\u0131n \u00e7ocu\u011fumuz mezun oluyor. Ancak bunlar\u0131n b\u00fcy\u00fck k\u0131sm\u0131 ya gerekli niteliklere sahip de\u011filler, ya da i\u015f be\u011fenmiyorlar. Mesleki e\u011fitimde b\u00fcy\u00fck bir zafiyet i\u00e7indeyiz. \u00dcniversite e\u011fitimi, i\u015fsizli\u011fi 4 y\u0131l \u00f6teleyen bir tampona d\u00f6n\u00fc\u015ft\u00fc. Bu kadar istihdam ihtiyac\u0131m\u0131z varken, i\u015fsizim diyenlerin \u00fcniversite okumu\u015f gen\u00e7lerimizden olu\u015fmas\u0131 ya\u015fad\u0131\u011f\u0131m\u0131z paradoksun en trajik g\u00f6stergesidir\u201d diye konu\u015ftu.<\/p>\n\n\n\n<p><strong>FONLAR YEN\u0130DEN P\u0130YASAYA D\u00d6NMEYE BA\u015eLADI<\/strong><\/p>\n\n\n\n<p>Mali g\u00f6stergelerin bir sonucu olarak T\u00fcrkiye\u2019nin 5 y\u0131ll\u0131k kredi risk primi CDS\u2019in 276 baz puan geriledi\u011fini kaydeden Ba\u015fkan Bahar, \u201c2020 \u015eubat ay\u0131ndan bu yana en d\u00fc\u015f\u00fck seviyeye indi\u011fini g\u00f6r\u00fcyoruz. Bu, do\u011fru kararlar ve do\u011fru politikalar\u0131n meyve vermeye ba\u015flad\u0131\u011f\u0131n\u0131 g\u00f6steriyor. Nitekim 2-3 y\u0131l \u00f6nce T\u00fcrkiye piyasas\u0131n\u0131 terk eden fonlar yeniden piyasaya d\u00f6nmeye ba\u015flad\u0131. Hisse senedi piyasas\u0131nda yabanc\u0131 pay\u0131 y\u00fczde 40\u2019a y\u00fckseldi. \u0130\u015fler b\u00f6yle giderse, disiplinimizi koruyabilirsek, do\u011frudan yat\u0131r\u0131mlarda da yeniden art\u0131\u015f g\u00f6rece\u011fimiz g\u00fcnler \u00e7ok da uzak de\u011fil\u201d dedi.<\/p>\n\n\n\n<p><strong>TERS\u0130NE \u00c7EV\u0130RMEK B\u0130Z\u0130M EL\u0130M\u0130ZDE<\/strong><\/p>\n\n\n\n<p>ATSO Y\u00f6netim Kurulu Ba\u015fkan\u0131 Ali Bahar; \u201cYak\u0131n ge\u00e7mi\u015fte y\u0131ll\u0131k 15-20 milyar dolar net do\u011frudan alan \u00fclkemiz, son y\u0131llarda bunun tam tersi bir g\u00f6r\u00fcn\u00fcm i\u00e7inde. Gayrimenkul sat\u0131\u015flar\u0131n\u0131 d\u0131\u015far\u0131da b\u0131rak\u0131rsak, T\u00fcrkiye\u2019ye gelen do\u011frudan yat\u0131r\u0131mlar negatif. Yani nette sermaye gelmedi\u011fi gibi gidiyor. Bunu tersine \u00e7evirmek de bizim elimizde. \u015eimdi \u00f6n\u00fcm\u00fczde yeniden bir f\u0131rsat penceresi a\u00e7\u0131l\u0131yor. D\u00f6viz rezervlerimiz artmaya ba\u015flad\u0131, dedi\u011fim gibi CDS\u2019lerimiz d\u00fc\u015f\u00fcyor, kredi notlar\u0131m\u0131z artmaya ba\u015flad\u0131 ve bu y\u0131lsonuna do\u011fru devam\u0131 da gelecek, yaz aylar\u0131ndan sonra enflasyon h\u0131zla gerilemeye ba\u015flayacak. \u0130\u015fte art\u0131k bunlar\u0131 da ba\u015fard\u0131\u011f\u0131m\u0131zda kal\u0131c\u0131 sosyal ve istikrarl\u0131 bir ekonomi politikas\u0131n\u0131 disiplinle korumal\u0131y\u0131z.\u201d<\/p>\n\n\n\n<p><strong>11 KOOPERAT\u0130F \u0130LE TOPLU \u0130\u015eYER\u0130 PROJES\u0130<\/strong><\/p>\n\n\n\n<p>Komitelerden gelen talepler do\u011frultusunda, ruhsats\u0131z ya da sa\u011fl\u0131ks\u0131z yap\u0131lardan olu\u015fan i\u015f yerleri i\u00e7in \u00e7al\u0131\u015fma ba\u015flatt\u0131klar\u0131n\u0131 kaydeden ATSO Y\u00f6netim Kurulu Ba\u015fkan\u0131 Ali Bahar, \u201cGe\u00e7ti\u011fimiz g\u00fcnlerde sizlerle bir araya gelerek Toplu \u0130\u015f Yeri Kooperatifleri Projesini g\u00f6r\u00fc\u015ft\u00fck. Buradaki amac\u0131m\u0131z \u015fehrimizde farkl\u0131 meslek gruplar\u0131n\u0131n k\u00fcmele\u015fmesi sa\u011flayarak toplu i\u015fyerleri olu\u015fturmak, Komitelerimizden farkl\u0131 meslek gruplar\u0131n\u0131n konu\u015flanaca\u011f\u0131 toplu i\u015f yeri projesini, 11 kooperatif marifeti ile sa\u011flamakt\u0131r. \u00c7\u00fcnk\u00fc biz ticaretimizin konutlardan, bina altlar\u0131ndan \u00e7\u0131kmas\u0131 gerekti\u011fine inan\u0131yoruz. Maalesef kentimizde ticari alan planlamam\u0131z \u00e7ok zay\u0131f. Bundan dolay\u0131, ticaret ihtisas alanlar\u0131 ve toplu i\u015f yerlerine ihtiyac\u0131m\u0131z var. Bunun hem D\u00fcnyada hem T\u00fcrkiye\u2019de \u00f6rnekleri var. Sizlerden bu \u00e7al\u0131\u015fmaya destek vermenizi bekliyoruz. Antalya\u2019y\u0131 her alanda \u00f6rnek bir \u015fehir yapmak i\u00e7in birlikte \u00e7al\u0131\u015fmam\u0131z gerekiyor\u201d dedi.<\/p>\n\n\n\n<p><strong>ANTALYA R\u0130SKL\u0130 \u0130LLERDEN B\u0130R\u0130 OLARAK YER ALIYOR<\/strong><\/p>\n\n\n\n<p>Antalya\u2019n\u0131n T\u00fcrkiye\u2019nin en h\u0131zl\u0131 b\u00fcy\u00fcyen illerinden biri olmas\u0131na ra\u011fmen alt yap\u0131 yat\u0131r\u0131mlar\u0131n\u0131n yetersizli\u011fi nedeniyle b\u00fcy\u00fcmeyi kalk\u0131nmaya \u00e7eviremedi\u011fini vurgulayan Ba\u015fkan Bahar, \u201cTEPAV ge\u00e7ti\u011fimiz haftalarda b\u00f6lgesel kalk\u0131nma ile ilgili bir rapor a\u00e7\u0131klad\u0131. \u015eimdi \u201cbu nas\u0131l olur\u201d diyeceksiniz ama Antalya bu raporda, b\u00f6lgesel kalk\u0131nma alan\u0131nda riskli illerden biri olarak yer al\u0131yor. Biliyorsunuz b\u00fcy\u00fcme ve kalk\u0131nma birbirinden farkl\u0131 konular. B\u00fcy\u00fcme, ekonomide yap\u0131lan \u00fcretimin artmas\u0131n\u0131 ifade ederken, kalk\u0131nma b\u00fcy\u00fcmenin ki\u015filer aras\u0131nda adil b\u00f6l\u00fc\u015f\u00fcm\u00fcn\u00fc, e\u011fitim-sa\u011fl\u0131k ve sosyal imk\u00e2nlar\u0131n geli\u015fmesini, toplam refah\u0131n ve ya\u015fam kalitesinin artmas\u0131n\u0131 i\u00e7erir. Biz Antalya olarak T\u00fcrkiye\u2019nin en h\u0131zl\u0131 b\u00fcy\u00fcyen illerinden biriyiz. Ancak gerek i\u00e7 ve d\u0131\u015f g\u00f6\u00e7 ile gerek alt yap\u0131 yat\u0131r\u0131mlar\u0131n\u0131n yetersiz kalmas\u0131 ile bu b\u00fcy\u00fcmeyi kalk\u0131nmaya \u00e7evirme konusunda geride kal\u0131yoruz. ATSO olarak yol g\u00f6stermemiz, fikir \u00fcretmemiz ve bunlar\u0131 g\u00fcndeme getirmemiz gerekiyor. \u0130\u015fte, toplu i\u015fyerleri projemizi bunun bir \u00f6rne\u011fi olarak kabul etmeliyiz\u201d ifadelerini kulland\u0131.<\/p>\n\n\n\n<p><strong>YEN\u0130LENEB\u0130L\u0130R ENERJ\u0130DE T\u00dcRK\u0130YE\u2019DE B\u0130R \u0130LK<\/strong><\/p>\n\n\n\n<p>Enerjiye olan d\u0131\u015fa ba\u011f\u0131ml\u0131l\u0131k sebebiyle 2022\u2019de 96 milyar dolar, 2023\u2019te 69 milyar dolar enerji ithalat\u0131 yap\u0131lmas\u0131na i\u015faret eden Bahar, s\u00f6zlerini \u015f\u00f6yle devam ettirdi;<\/p>\n\n\n\n<p>\u201cBu y\u0131l\u0131n ilk 4 ay\u0131ndaki enerji ithalat\u0131m\u0131z ise 23 milyar dolara ula\u015ft\u0131. Toplam turizm gelirimizden \u00e7ok daha fazlas\u0131n\u0131 petrol-do\u011falgaz ve k\u00f6m\u00fcr almak i\u00e7in harc\u0131yoruz. Bir tarafta bu kalemlerin yurti\u00e7i \u00fcretimini art\u0131r\u0131rken, bir taraftan da yenilenebilir enerjiye a\u011f\u0131rl\u0131k vermemiz gerekiyor. Biz Antalya Ticaret ve Sanayi Odas\u0131 olarak bu konuda gerek kendi kullan\u0131m\u0131m\u0131z\u0131 art\u0131rarak gerek bu konuyu s\u00fcrekli g\u00fcndemde tutarak, yenilenebilir enerjinin yayg\u0131nla\u015fmas\u0131na \u00e7al\u0131\u015f\u0131yoruz. Ge\u00e7ti\u011fimiz g\u00fcnlerde ATSO hizmet binas\u0131 ve Antalya K\u00fclt\u00fcr Sanat \u00e7at\u0131s\u0131nda enerji \u00fcretmeye ba\u015flayan G\u00fcne\u015f Enerji Sistemimiz YEK-G belgesi ile \u00f6d\u00fcllendirildi. CK Akdeniz Elektrik Genel M\u00fcd\u00fcr\u00fc Fahrettin Bey, 2023 y\u0131l\u0131nda 576 MWh\u2019l\u0131k elektrik t\u00fcketimini yenilenebilir enerji kaynaklar\u0131ndan elde eden ATSO\u2019ya, s\u00fcrd\u00fcr\u00fclebilir enerjiye verdi\u011fi destek i\u00e7in bize bu belgeyi takdim etti. Biz bu proje ile T\u00fcrkiye\u2019de Odalar aras\u0131nda bir ilki ger\u00e7ekle\u015ftirdik. \u00d6n\u00fcm\u00fczdeki y\u0131llarda gerek turizm sekt\u00f6r\u00fcnde, gerek sanayi sekt\u00f6r\u00fcnde, gerek \u015fehir i\u00e7i kullan\u0131mda yenilenebilir enerjinin yayg\u0131nla\u015fmas\u0131n\u0131 arzu ediyoruz.<\/p>\n\n\n\n<p><strong>KOM\u0130TEM\u0130ZE VE SEKT\u00d6R\u00dcM\u00dcZE HAYIRLI OLSUN<\/strong><\/p>\n\n\n\n<p>ATSO olarak yerle i\u015f d\u00fcnyas\u0131n\u0131n sesini Ankara\u2019da ve t\u00fcm T\u00fcrkiye\u2019de g\u00fcr bir \u015fekilde temsil etmek i\u00e7in \u00f6zveriyle \u00e7al\u0131\u015ft\u0131klar\u0131n\u0131, bu kapsamda \u00fcye ziyaretleri ger\u00e7ekle\u015ftirdiklerini ayr\u0131ca t\u00fcm komitelerin faaliyet alanlar\u0131n\u0131 kapsayacak \u015fekilde yurtd\u0131\u015f\u0131 giri\u015fimlerine a\u011f\u0131rl\u0131k verdiklerini belirten Bahar, Gazipa\u015fa\u2019da ger\u00e7ekle\u015ftirecekleri \u00fcye bulu\u015fmas\u0131na ATSO Meclis \u00dcyelerini davet etti. ATSO Y\u00f6netim Kurulu Ba\u015fkan\u0131 Ali Bahar: 37. Grup Komite \u00fcyelerinin, \u0130\u015eKUR taraf\u0131ndan d\u00fczenlenen i\u015fba\u015f\u0131 e\u011fitim programlar\u0131ndan, NACE kodunda \u201cfastfood\u201d ibaresi ge\u00e7mesi halinde, bu i\u015fletmelerde garsona ihtiya\u00e7 olmad\u0131\u011f\u0131 ve masaya servis hizmeti sunmaya gerek kalmad\u0131\u011f\u0131 gerek\u00e7esiyle, verilen te\u015fviklerden faydalanamam\u0131\u015f olmalar\u0131 konusunda mecliste dile getirdikleri konuyu hat\u0131rlatt\u0131. Bahar, \u201cGer\u00e7ekle\u015ftirdi\u011fimiz yo\u011fun \u00e7al\u0131\u015fmalar ve g\u00f6r\u00fc\u015fmeler neticesinde FastFood Haz\u0131rlay\u0131c\u0131 olarak \u00e7al\u0131\u015fanlar art\u0131k \u201c5246 Birim Grup Yiyecek Servis Tezg\u00e2h\u0131 \u00c7al\u0131\u015fanlar\u0131 kodu\u201d ile SGK\u2019a giri\u015finin yap\u0131lmas\u0131 durumunda \u0130\u015fkur \u0130\u015fba\u015f\u0131 E\u011fitim Program\u0131ndan ve te\u015fviklerden yararlanabileceklerdir. Komitemize ve sekt\u00f6re hay\u0131rl\u0131 u\u011furlu olsun diyorum\u201d dedi.<\/p>\n\n\n\n<p><strong>ATSO B2B NETWORKING ETK\u0130NL\u0130\u011e\u0130NE DAVET<\/strong><\/p>\n\n\n\n<p>B\u00f6lge i\u00e7i ticaret ve yat\u0131r\u0131m imk\u00e2nlar\u0131n\u0131n geli\u015ftirilmesi amac\u0131yla, yerli bir teknoloji kullanarak geli\u015ftirilen yapay zek\u00e2 teknolojisi ile ATSO B2B Networking etkinli\u011fi hakk\u0131nda bilgi veren Bahar, \u201cATSO olarak d\u00fczenledi\u011fimiz etkinlikler ve faaliyetlerin \u00fcyelerimize do\u011frudan katk\u0131 sa\u011flamas\u0131 ve ayn\u0131 zamanda sonu\u00e7lar\u0131n\u0131n da en h\u0131zl\u0131 \u015fekilde al\u0131nmas\u0131 en b\u00fcy\u00fck amac\u0131m\u0131zd\u0131r. 23 May\u0131s 2024 Per\u015fembe g\u00fcn\u00fc d\u00fczenleyece\u011fimiz ATSO B2B Networking etkinli\u011fini hat\u0131rlatmak, sizleri ve t\u00fcm \u00fcyelerimizi bu etkinli\u011fe bekledi\u011fimizi ifade etmek istiyorum. Birbirimiz ile ne kadar fazla i\u015f yaparsak, o kadar b\u00fcy\u00fcr\u00fcz, o kadar sa\u011fl\u0131kl\u0131 bir yap\u0131ya kavu\u015furuz ve birbirimizden o kadar \u00e7ok \u00f6\u011freniriz\u201d ifadelerini kulland\u0131.<\/p>\n\n\n\n<p>Antalya Ticaret ve Sanayi Odas\u0131 \/ B\u00fclten<\/p>\n","protected":false},"excerpt":{"rendered":"<p>ATSO Ba\u015fkan\u0131 Ali Bahar, \u201c\u00dclkemizin \u015fu anda uygulanmakta olan politikalar d\u0131\u015f\u0131nda bir se\u00e7ene\u011fi bulunmamaktad\u0131r. O y\u00fczden biz her zaman oldu\u011fu gibi yap\u0131lan do\u011fru i\u015flere destek <a href=\"https:\/\/akdenizhaber.com.tr\/index.php\/2024\/05\/23\/baskan-ali-bahar-dogru-islere-destek-verecek-yanlisi-dile-getirecegiz\/\" class=\"read-more-link\">[more&#8230;]<\/a><\/p>\n","protected":false},"author":2,"featured_media":24208,"comment_status":"open","ping_status":"open","sticky":false,"template":"","format":"standard","meta":{"footnotes":""},"categories":[2],"tags":[],"class_list":["post-24207","post","type-post","status-publish","format-standard","has-post-thumbnail","hentry","category-gundem"],"_links":{"self":[{"href":"https:\/\/akdenizhaber.com.tr\/index.php\/wp-json\/wp\/v2\/posts\/24207","targetHints":{"allow":["GET"]}}],"collection":[{"href":"https:\/\/akdenizhaber.com.tr\/index.php\/wp-json\/wp\/v2\/posts"}],"about":[{"href":"https:\/\/akdenizhaber.com.tr\/index.php\/wp-json\/wp\/v2\/types\/post"}],"author":[{"embeddable":true,"href":"https:\/\/akdenizhaber.com.tr\/index.php\/wp-json\/wp\/v2\/users\/2"}],"replies":[{"embeddable":true,"href":"https:\/\/akdenizhaber.com.tr\/index.php\/wp-json\/wp\/v2\/comments?post=24207"}],"version-history":[{"count":1,"href":"https:\/\/akdenizhaber.com.tr\/index.php\/wp-json\/wp\/v2\/posts\/24207\/revisions"}],"predecessor-version":[{"id":24209,"href":"https:\/\/akdenizhaber.com.tr\/index.php\/wp-json\/wp\/v2\/posts\/24207\/revisions\/24209"}],"wp:featuredmedia":[{"embeddable":true,"href":"https:\/\/akdenizhaber.com.tr\/index.php\/wp-json\/wp\/v2\/media\/24208"}],"wp:attachment":[{"href":"https:\/\/akdenizhaber.com.tr\/index.php\/wp-json\/wp\/v2\/media?parent=24207"}],"wp:term":[{"taxonomy":"category","embeddable":true,"href":"https:\/\/akdenizhaber.com.tr\/index.php\/wp-json\/wp\/v2\/categories?post=24207"},{"taxonomy":"post_tag","embeddable":true,"href":"https:\/\/akdenizhaber.com.tr\/index.php\/wp-json\/wp\/v2\/tags?post=24207"}],"curies":[{"name":"wp","href":"https:\/\/api.w.org\/{rel}","templated":true}]}}