{"id":24204,"date":"2024-05-23T14:06:47","date_gmt":"2024-05-23T11:06:47","guid":{"rendered":"https:\/\/akdenizhaber.com.tr\/?p=24204"},"modified":"2024-05-23T14:06:49","modified_gmt":"2024-05-23T11:06:49","slug":"kadin-liderligi-akdeniz-universitesinde-one-cikiyor","status":"publish","type":"post","link":"https:\/\/akdenizhaber.com.tr\/index.php\/2024\/05\/23\/kadin-liderligi-akdeniz-universitesinde-one-cikiyor\/","title":{"rendered":"Kad\u0131n liderli\u011fi Akdeniz \u00dcniversitesi\u2019nde \u00f6ne \u00e7\u0131k\u0131yor"},"content":{"rendered":"\n<p>Rekt\u00f6r Prof. Dr. \u00d6zlenen \u00d6zkan liderli\u011finde Akdeniz \u00dcniversitesi kad\u0131n y\u00f6neticileri bir araya geldi. Rekt\u00f6r \u00d6zkan, pozitif ayr\u0131mc\u0131l\u0131k yapmadan sadece liyakat esas al\u0131narak kad\u0131n y\u00f6netici say\u0131s\u0131n\u0131n son 4 y\u0131lda \u00fc\u00e7 kat\u0131na \u00e7\u0131kt\u0131\u011f\u0131n\u0131 s\u00f6yledi.<\/p>\n\n\n\n<p>Akdeniz \u00dcniversitesi\u2019nin ilk kad\u0131n rekt\u00f6r\u00fc Prof. Dr. \u00d6zlenen \u00d6zkan\u2019\u0131n g\u00f6reve gelmesinin ard\u0131ndan Akdeniz \u00dcniversitesi\u2019nde kad\u0131n y\u00f6netici say\u0131s\u0131 da art\u0131\u015f g\u00f6sterdi. 2020 y\u0131l\u0131nda 6 olan akademik kad\u0131n y\u00f6netici say\u0131s\u0131 yeni d\u00f6nemde \u00fc\u00e7 kat artarak 18\u2019e y\u00fckseldi. Toplam 3 bin 496 akademisyenin bulundu\u011fu Akdeniz \u00dcniversitesi\u2019nde bin 726 kad\u0131n akademisyen, bin 770 erkek akademisyen yer al\u0131yor. Akdeniz \u00dcniversitesi\u2019nde 24 fak\u00fcltenin 10\u2019u kad\u0131n dekanlar, 7 enstit\u00fcn\u00fcn 2\u2019si kad\u0131n m\u00fcd\u00fcrler, 12 meslek y\u00fcksekokulunun 5\u2019i kad\u0131n m\u00fcd\u00fcrler ve devlet konservatuvar\u0131 da kad\u0131n y\u00f6netici taraf\u0131ndan idare ediliyor. Akdeniz \u00dcniversitesi Senatosunda yer alan 71 ki\u015finin de 28\u2019i de kad\u0131n senat\u00f6rler taraf\u0131ndan temsil ediliyor.<\/p>\n\n\n\n<p><strong>AKADEM\u0130K PERSONEL\u0130N Y\u00dcZDE 49\u2019UNU KADINLAR OLU\u015eTURUYOR<\/strong><\/p>\n\n\n\n<p>Akdeniz \u00dcniversitesi Rekt\u00f6r\u00fc Prof. Dr. \u00d6zlenen \u00d6zkan, \u201cAkdeniz \u00dcniversitesi olarak \u00fcniversitemizde akademik personelin yakla\u015f\u0131k y\u00fczde 49\u2019unu kad\u0131nlar olu\u015fturuyor. \u00dcniversitemizde 3 bin 496 akademisyenimiz bulunuyor. Bin 726&nbsp;&nbsp;&nbsp;&nbsp;&nbsp;&nbsp;&nbsp;&nbsp; kad\u0131n akademisyen, bin 770 erkek akademisyen \u00f6\u011frencilerimizin hayat\u0131na dokunuyor. Gururla s\u00f6yleyebilirim ki \u00fclkemizin bu alandaki oranlar\u0131 d\u00fcnyadaki rakamlar\u0131n \u00fczerinde.\u201d dedi.<\/p>\n\n\n\n<p><strong>KADIN L\u0130DERL\u0130\u011e\u0130NE HER ZAMANK\u0130NDEN \u00c7OK \u0130HT\u0130YACIMIZ VAR<\/strong><\/p>\n\n\n\n<p>Kad\u0131nlar\u0131n y\u00f6netimde daha fazla s\u00f6z sahibi olmas\u0131 gerekti\u011fini s\u00f6yleyen Rekt\u00f6r \u00d6zkan, g\u00f6reve geldi\u011finden buyana kad\u0131nlar\u0131n y\u00f6netimde daha fazla s\u00f6z sahibi olmas\u0131 i\u00e7in kad\u0131n meslekta\u015flar\u0131n\u0131 bu konuda te\u015fvik etti\u011fini ve tercihini yetkin kad\u0131n akademisyenlerden yana kulland\u0131\u011f\u0131n\u0131 belirtti. Akademik ya\u015famda kad\u0131n\u0131n yerini g\u00fc\u00e7lendirme ve kad\u0131n liderli\u011fini art\u0131rma \u00e7al\u0131\u015fmalar\u0131n\u0131n s\u00fcrece\u011fini s\u00f6yleyen Rekt\u00f6r \u00d6zkan, \u201cKad\u0131nlar\u0131m\u0131z ailelerimizin yap\u0131 ta\u015flar\u0131n\u0131n ba\u015f\u0131nda geliyor. Aile ya\u015fam\u0131m\u0131z ve i\u015f d\u00fcnyas\u0131ndaki varolu\u015f \u00e7abam\u0131z her zaman takdire \u015fayand\u0131r. Kad\u0131nlar\u0131m\u0131z her alanda yetkin ve yeterlili\u011fe sahiptirler, pozitif ayr\u0131mc\u0131l\u0131\u011fa gerek yoktur. Yeter ki kad\u0131nd\u0131r yapamaz c\u00fcmlesi art\u0131k bilin\u00e7lerimizde yer almas\u0131n. E\u015fit \u015fartlarda yar\u0131\u015f\u0131ld\u0131\u011f\u0131nda kad\u0131nlar\u0131m\u0131z her zaman fark\u0131ndal\u0131klar\u0131n\u0131 ortaya koymaktad\u0131rlar. Toplumumuzda kad\u0131ns\u0131z bir gelecek in\u015fa edemezsiniz.&nbsp; G\u00fcn\u00fcm\u00fczde kad\u0131n duyarl\u0131l\u0131\u011f\u0131na ve liderli\u011fine her zamankinden \u00e7ok ihtiyac\u0131m\u0131z var.\u201d dedi.<\/p>\n\n\n\n<p><strong>T\u00dcM \u00d6\u011eRENC\u0130LER\u0130M\u0130ZE B\u0130L\u0130N\u00c7 KAZANDIRACA\u011eIZ<\/strong><\/p>\n\n\n\n<p>Toplumda kad\u0131n\u0131n g\u00fc\u00e7lendirilmesinin en temel yolunun bilin\u00e7 kazand\u0131rmak oldu\u011funu bunun da e\u011fitimden ge\u00e7ti\u011fini vurgulayan Rekt\u00f6r \u00d6zkan, bu ama\u00e7la bu y\u0131l itibar\u0131yla Sosyal Bilimler Enstit\u00fcs\u00fc y\u00fcksek lisans ve doktora programlar\u0131nda Toplumsal Cinsiyet E\u015fitli\u011fi dersleri a\u00e7\u0131ld\u0131\u011f\u0131n\u0131 ve 2026 y\u0131l\u0131na kadar bu dersin t\u00fcm enstit\u00fc ve fak\u00fcltelerde a\u00e7\u0131lmas\u0131n\u0131 sa\u011flayacaklar\u0131n\u0131 s\u00f6yledi. Daha \u00f6nce Kad\u0131na \u015eiddetle M\u00fccadele Komisyonu kuruldu\u011funu hat\u0131rlatan Rekt\u00f6r \u00d6zkan, bu konuda e\u011fitim, hukuk, ileti\u015fim, sosyal ve psikolojik destek ba\u015fta olmak \u00fczere farkl\u0131 disiplinlerde \u00e7e\u015fitli faaliyetler y\u00fcr\u00fct\u00fcld\u00fc\u011f\u00fcn\u00fc s\u00f6yledi. Rekt\u00f6r \u00d6zkan ayr\u0131ca k\u0131z \u00f6\u011frenciler i\u00e7in de \u201cG\u00fcvenli Kamp\u00fcs\u201d olu\u015fturmak ad\u0131na gerekli d\u00fczenlemeler yap\u0131ld\u0131\u011f\u0131n\u0131 s\u00f6zlerine ekledi.<\/p>\n\n\n\n<p>Akdeniz \u00dcniversitesi Rekt\u00f6rl\u00fc\u011f\u00fc \/ B\u00fclten<\/p>\n","protected":false},"excerpt":{"rendered":"<p>Rekt\u00f6r Prof. Dr. \u00d6zlenen \u00d6zkan liderli\u011finde Akdeniz \u00dcniversitesi kad\u0131n y\u00f6neticileri bir araya geldi. Rekt\u00f6r \u00d6zkan, pozitif ayr\u0131mc\u0131l\u0131k yapmadan sadece liyakat esas al\u0131narak kad\u0131n y\u00f6netici say\u0131s\u0131n\u0131n <a href=\"https:\/\/akdenizhaber.com.tr\/index.php\/2024\/05\/23\/kadin-liderligi-akdeniz-universitesinde-one-cikiyor\/\" class=\"read-more-link\">[more&#8230;]<\/a><\/p>\n","protected":false},"author":2,"featured_media":24205,"comment_status":"open","ping_status":"open","sticky":false,"template":"","format":"standard","meta":{"footnotes":""},"categories":[2],"tags":[],"class_list":["post-24204","post","type-post","status-publish","format-standard","has-post-thumbnail","hentry","category-gundem"],"_links":{"self":[{"href":"https:\/\/akdenizhaber.com.tr\/index.php\/wp-json\/wp\/v2\/posts\/24204","targetHints":{"allow":["GET"]}}],"collection":[{"href":"https:\/\/akdenizhaber.com.tr\/index.php\/wp-json\/wp\/v2\/posts"}],"about":[{"href":"https:\/\/akdenizhaber.com.tr\/index.php\/wp-json\/wp\/v2\/types\/post"}],"author":[{"embeddable":true,"href":"https:\/\/akdenizhaber.com.tr\/index.php\/wp-json\/wp\/v2\/users\/2"}],"replies":[{"embeddable":true,"href":"https:\/\/akdenizhaber.com.tr\/index.php\/wp-json\/wp\/v2\/comments?post=24204"}],"version-history":[{"count":1,"href":"https:\/\/akdenizhaber.com.tr\/index.php\/wp-json\/wp\/v2\/posts\/24204\/revisions"}],"predecessor-version":[{"id":24206,"href":"https:\/\/akdenizhaber.com.tr\/index.php\/wp-json\/wp\/v2\/posts\/24204\/revisions\/24206"}],"wp:featuredmedia":[{"embeddable":true,"href":"https:\/\/akdenizhaber.com.tr\/index.php\/wp-json\/wp\/v2\/media\/24205"}],"wp:attachment":[{"href":"https:\/\/akdenizhaber.com.tr\/index.php\/wp-json\/wp\/v2\/media?parent=24204"}],"wp:term":[{"taxonomy":"category","embeddable":true,"href":"https:\/\/akdenizhaber.com.tr\/index.php\/wp-json\/wp\/v2\/categories?post=24204"},{"taxonomy":"post_tag","embeddable":true,"href":"https:\/\/akdenizhaber.com.tr\/index.php\/wp-json\/wp\/v2\/tags?post=24204"}],"curies":[{"name":"wp","href":"https:\/\/api.w.org\/{rel}","templated":true}]}}