{"id":24134,"date":"2024-05-21T14:16:07","date_gmt":"2024-05-21T11:16:07","guid":{"rendered":"https:\/\/akdenizhaber.com.tr\/?p=24134"},"modified":"2024-05-21T14:16:08","modified_gmt":"2024-05-21T11:16:08","slug":"gundogdu-alman-emeklisi-maasi-ile-sidede-krallar-gibi-tatil-yapiyor","status":"publish","type":"post","link":"https:\/\/akdenizhaber.com.tr\/index.php\/2024\/05\/21\/gundogdu-alman-emeklisi-maasi-ile-sidede-krallar-gibi-tatil-yapiyor\/","title":{"rendered":"G\u00fcndo\u011fdu; \u2018Alman emeklisi maa\u015f\u0131 ile Side&#8217;de krallar gibi tatil yap\u0131yor\u2019"},"content":{"rendered":"\n<p>Adalet Ve \u0130nsan Haklar\u0131 Platformu(AH\u0130P) Ba\u015fkan\u0131 Av. M\u00fccahit G\u00fcndo\u011fdu, d\u00fcnya \u00fclkeleri i\u00e7inde T\u00fcrkiye kadar SSK ve Ba\u011fkur emeklisinin \u00f6rselendi\u011fi ve alay konusu edilen ba\u015fka bir \u00fclkenin olmad\u0131\u011f\u0131n\u0131 s\u00f6yledi.<\/p>\n\n\n\n<p>&nbsp;&nbsp; AH\u0130P Ba\u015fkan\u0131 M\u00fccahit G\u00fcndo\u011fdu, Manavgat Side&#8217;de yapt\u0131\u011f\u0131 bir butik otelde yapt\u0131\u011f\u0131 a\u00e7\u0131klamada, &#8220;Avrupal\u0131 ve Alman bir turist emeklisi Side&#8217;de be\u015f y\u0131ld\u0131zl\u0131 otelde krallar gibi tatilini yap\u0131yor. Bizde ise ranzadan d\u00fc\u015fme riskine ra\u011fmen&nbsp; turizm y\u00f6relerinde KYK yurtlar\u0131nda emekliler bir ay kalarak tatil yapacaklar diye m\u00fcjde veriliyor. \u00dclkemiz emeklisinin geldi\u011fi&nbsp; son durum bu maalesef a\u011flanacak halimize g\u00fcl\u00fcyoruz.&#8221; dedi.<\/p>\n\n\n\n<p>\u00dclkede banka promosyonlar\u0131n\u0131n bile m\u00fcjde diye kand\u0131r\u0131ld\u0131\u011f\u0131 tuhaf bir zaman diliminde ya\u015fan\u0131ld\u0131\u011f\u0131n\u0131 vurgulayan AH\u0130P Ba\u015fkan\u0131 Av. M\u00fccahit G\u00fcndo\u011fdu,&#8221; \u00dclkemizde Cumhuriyetin ikinci y\u00fczy\u0131l\u0131m\u0131z\u0131n birinci y\u0131l\u0131 2024&#8217;te ilk defa a\u00e7l\u0131k s\u0131n\u0131r\u0131 asgari \u00fccretin \u00fczerine \u00e7\u0131kt\u0131. D\u00f6rt ki\u015filik bir ailenin a\u00e7l\u0131k s\u0131n\u0131r\u0131 17 bin 774 oldu. Yine d\u00f6rt ki\u015filik bir ailenin yoksulluk s\u0131n\u0131r\u0131 ise 61 bin lira oldu. \u015eimdide hi\u00e7 bir \u015fey yokmu\u015f gibi en d\u00fc\u015f\u00fck emekli maa\u015f\u0131 10 bin lira oldu\u011fu \u00fclkemizde yaz\u0131n emeklilerin tatil yapmas\u0131 i\u00e7in turistik y\u00f6relerde Kredi Yurtlar Kurumu(KYK) yurtlar\u0131nda&nbsp; bir ay tatil yapacaklarm\u0131\u015f. Bunu da utanmadan s\u0131k\u0131lmadan &#8216; emekliye m\u00fcjde&#8217; diye sunuyorlar. B\u0131rak\u0131n emekli KYK yurtlar\u0131nda bir ay kalarak tatil yapmay\u0131, bir aydan az bir s\u00fcre sonra Kurban Bayram\u0131&#8217;nda \u00e7ocuklar\u0131n\u0131 ve torunlar\u0131n\u0131 g\u00f6rmek i\u00e7in bir \u015fehirden bir ba\u015fka \u015fehre gidemiyor. De\u011fil ki ;KYK yurtlar\u0131nda emekli tatil yaps\u0131n!. Ayr\u0131ca oldu KYK yurtlar\u0131nda ranzadan d\u00fc\u015fen bir emekli sakatlan\u0131rda sorumlusu kim olacak? Almanya ve Avrupa emeklisi enflasyonun d\u00fc\u015f\u00fck oldu\u011fu Avrupa ve \u0130skandinav \u00fclkelerinde kendi emeklisine y\u00fczde 4,5 zam yap\u0131yor ve Antalya Side&#8217;de istedikleri otelde&nbsp; krallar gibi tatillerini yap\u0131yor biz ise emekliye ranzadan d\u00fc\u015fme pahas\u0131na KYK yurtlar\u0131nda tatil yapmay\u0131 \u00f6neriyoruz. Birde bunu m\u00fcjde diye sunuyor olma rezaletinde hi\u00e7 kimsenin y\u00fcz\u00fcn\u00fcn k\u0131zarmamas\u0131. Emeklinin b\u0131rak\u0131n tatile \u00e7\u0131kmas\u0131 \u00f6n\u00fcm\u00fczde Kurban Bayram\u0131 var,emekli dede torununa nas\u0131l olurda bayram har\u00e7l\u0131\u011f\u0131 veririm derdinde.\u0130ktidar en d\u00fc\u015f\u00fck emekli maa\u015f\u0131 10 bin lira ile dede ile torunun aras\u0131n\u0131 da a\u00e7t\u0131.&#8221;diye konu\u015ftu.<\/p>\n\n\n\n<p>Abdurrahman B\u00fcy\u00fckkeskin \/Haber<\/p>\n","protected":false},"excerpt":{"rendered":"<p>Adalet Ve \u0130nsan Haklar\u0131 Platformu(AH\u0130P) Ba\u015fkan\u0131 Av. M\u00fccahit G\u00fcndo\u011fdu, d\u00fcnya \u00fclkeleri i\u00e7inde T\u00fcrkiye kadar SSK ve Ba\u011fkur emeklisinin \u00f6rselendi\u011fi ve alay konusu edilen ba\u015fka bir <a href=\"https:\/\/akdenizhaber.com.tr\/index.php\/2024\/05\/21\/gundogdu-alman-emeklisi-maasi-ile-sidede-krallar-gibi-tatil-yapiyor\/\" class=\"read-more-link\">[more&#8230;]<\/a><\/p>\n","protected":false},"author":2,"featured_media":24131,"comment_status":"open","ping_status":"open","sticky":false,"template":"","format":"standard","meta":{"footnotes":""},"categories":[2],"tags":[],"class_list":["post-24134","post","type-post","status-publish","format-standard","has-post-thumbnail","hentry","category-gundem"],"_links":{"self":[{"href":"https:\/\/akdenizhaber.com.tr\/index.php\/wp-json\/wp\/v2\/posts\/24134","targetHints":{"allow":["GET"]}}],"collection":[{"href":"https:\/\/akdenizhaber.com.tr\/index.php\/wp-json\/wp\/v2\/posts"}],"about":[{"href":"https:\/\/akdenizhaber.com.tr\/index.php\/wp-json\/wp\/v2\/types\/post"}],"author":[{"embeddable":true,"href":"https:\/\/akdenizhaber.com.tr\/index.php\/wp-json\/wp\/v2\/users\/2"}],"replies":[{"embeddable":true,"href":"https:\/\/akdenizhaber.com.tr\/index.php\/wp-json\/wp\/v2\/comments?post=24134"}],"version-history":[{"count":1,"href":"https:\/\/akdenizhaber.com.tr\/index.php\/wp-json\/wp\/v2\/posts\/24134\/revisions"}],"predecessor-version":[{"id":24135,"href":"https:\/\/akdenizhaber.com.tr\/index.php\/wp-json\/wp\/v2\/posts\/24134\/revisions\/24135"}],"wp:featuredmedia":[{"embeddable":true,"href":"https:\/\/akdenizhaber.com.tr\/index.php\/wp-json\/wp\/v2\/media\/24131"}],"wp:attachment":[{"href":"https:\/\/akdenizhaber.com.tr\/index.php\/wp-json\/wp\/v2\/media?parent=24134"}],"wp:term":[{"taxonomy":"category","embeddable":true,"href":"https:\/\/akdenizhaber.com.tr\/index.php\/wp-json\/wp\/v2\/categories?post=24134"},{"taxonomy":"post_tag","embeddable":true,"href":"https:\/\/akdenizhaber.com.tr\/index.php\/wp-json\/wp\/v2\/tags?post=24134"}],"curies":[{"name":"wp","href":"https:\/\/api.w.org\/{rel}","templated":true}]}}