{"id":24130,"date":"2024-05-21T14:15:15","date_gmt":"2024-05-21T11:15:15","guid":{"rendered":"https:\/\/akdenizhaber.com.tr\/?p=24130"},"modified":"2024-05-21T14:15:47","modified_gmt":"2024-05-21T11:15:47","slug":"akdeniz-universitesi-iletisim-fakultesi-panelinde-ajans-haberciligi-ele-alindi","status":"publish","type":"post","link":"https:\/\/akdenizhaber.com.tr\/index.php\/2024\/05\/21\/akdeniz-universitesi-iletisim-fakultesi-panelinde-ajans-haberciligi-ele-alindi\/","title":{"rendered":"Akdeniz \u00dcniversitesi \u0130leti\u015fim Fak\u00fcltesi panelinde ajans habercili\u011fi ele al\u0131nd\u0131"},"content":{"rendered":"\n<p>Akdeniz \u00dcniversitesi \u0130leti\u015fim Fak\u00fcltesi taraf\u0131ndan d\u00fczenlenen panelde, ajans habercili\u011finin \u00f6nemi ve i\u015flevi tart\u0131\u015f\u0131ld\u0131. Akdeniz \u00dcniversitesi Rekt\u00f6r\u00fc Prof. Dr. \u00d6zlenen \u00d6zkan\u2019\u0131n da kat\u0131ld\u0131\u011f\u0131 programa Akdeniz \u00dcniversitesi Rekt\u00f6r Yard\u0131mc\u0131lar\u0131 Prof. Dr. Ay\u015fe G\u00fclbin Ar\u0131c\u0131, Prof. Dr. Cengiz Toker, Prof. Dr. \u015e\u00fckr\u00fc \u00d6zen, Akdeniz \u00dcniversitesi \u0130leti\u015fim Fak\u00fcltesi Dekan\u0131 Prof. Dr. Se\u00e7il Deren Van HetHof, dekan yar\u0131mc\u0131lar\u0131 Do\u00e7. Dr. Hediye Aydo\u011fan, Do\u00e7. Dr. Ay\u015fad G\u00fcdekli, akademisyenler ve \u00f6\u011frenciler kat\u0131ld\u0131.<\/p>\n\n\n\n<p>Akdeniz \u00dcniversitesi \u0130leti\u015fim Fak\u00fcltesi Konferans Salonu\u2019nda ger\u00e7ekle\u015ftirilen panel, sayg\u0131 duru\u015fu ve \u0130stiklal Mar\u015f\u0131&#8217;n\u0131n okunmas\u0131yla ba\u015flad\u0131. A\u00e7\u0131l\u0131\u015fta konu\u015fan \u0130leti\u015fim Fak\u00fcltesi Gazetecilik B\u00f6l\u00fcm\u00fc \u00d6\u011fr. \u00dcyesi Prof. Dr. Mustafa \u015eeker, panelin amac\u0131n\u0131 ve i\u00e7eri\u011fini \u00f6zetledi. Ajans habercili\u011finin temel yap\u0131s\u0131n\u0131 vurgulayan \u015eeker \u201cYerel bas\u0131n ba\u011flam\u0131nda Akdeniz \u00dcniversitesi \u0130leti\u015fim Fak\u00fcltesi Gazetecilik B\u00f6l\u00fcm\u00fc olarak bir seri toplant\u0131 yapt\u0131k. Panelin ikincisini d\u00fczenliyoruz. \u0130lk panelde yerel gazetelerin temsilcilerini \u00f6\u011frencilerle bulu\u015fturduk, panelin ikincisini de ajans habercili\u011fi temas\u0131yla ger\u00e7ekle\u015ftirmeye karar verdik\u201d dedi. \u015eeker\u2019in konu\u015fmas\u0131n\u0131n ard\u0131ndan DHA Antalya B\u00f6lge Temsilcisi Salih U\u00e7ar, DHA Muhabiri Alparslan \u00c7\u0131nar, DHA Foto Muhabiri Semih Ers\u00f6zler ve DHA Haber Kameraman\u0131 Burak Yalman, panelde deneyimlerini payla\u015fmak \u00fczere sahneye \u00e7\u0131kt\u0131.<\/p>\n\n\n\n<p>TEMEL\u0130 HIZ VE DO\u011eRULUK<\/p>\n\n\n\n<p>Salih U\u00e7ar&#8217;\u0131n konu\u015fmas\u0131yla devam eden panelde, ajans habercili\u011finin \u00f6nemli unsurlar\u0131 ve i\u015fleyi\u015fi ele al\u0131nd\u0131. U\u00e7ar, ajans habercili\u011finin en \u00f6nemli \u00f6zelliklerinden birinin h\u0131zl\u0131 ve do\u011fru haber vermeye dayand\u0131\u011f\u0131n\u0131 vurgulad\u0131. DHA olarak g\u00fcnl\u00fck gazetelere, televizyon kanallar\u0131na, radyolara ve yurtd\u0131\u015f\u0131ndaki haber ajanslar\u0131na haber servisi yapt\u0131klar\u0131n\u0131 s\u00f6yleyen U\u00e7ar, \u201cAjans habercili\u011fi, 7 g\u00fcn 24 saat aktif habercilik yap\u0131lan bir alan. Ajans habercili\u011finde en \u00f6nemli iki unsur var. Birincisi h\u0131zl\u0131 olmak. \u0130kincisi ise bilgiyi do\u011fru vermek. Ajans habercili\u011finde her zaman heyecan var. E\u011fer aktif olmak, heyecanla i\u015f yapmak istiyorsan\u0131z ajans habercili\u011fine y\u00f6nelebilirsiniz\u201d dedi.<\/p>\n\n\n\n<p>ALTIN KURALLARI PAYLA\u015eTI<\/p>\n\n\n\n<p>Ajans habercili\u011finin yedi alt\u0131n kural\u0131n\u0131 payla\u015farak, bu alanda ba\u015far\u0131l\u0131 olman\u0131n \u00f6nemli ad\u0131mlar\u0131n\u0131 a\u00e7\u0131klayan Salih U\u00e7ar, \u201cBizim mesle\u011fimizle ilgili yedi alt\u0131n kural\u0131m\u0131z var. Sizlere uyuyorsa buyrun gelin ancak size uygun de\u011filse ba\u015fka alanlar\u0131 tercih etmenizi \u00f6neririm. Birincisi ilgi ve merak duygusu. \u0130kincisi, ayr\u0131nt\u0131lar\u0131 kapsayabilecek tahlil yetene\u011fi. \u00dc\u00e7\u00fcnc\u00fcs\u00fc, yapt\u0131\u011f\u0131n\u0131z haberle ilgili geli\u015fmeleri takip etmek. D\u00f6rd\u00fcnc\u00fcs\u00fc yabanc\u0131 kaynaklar\u0131 izleyebilecek derecede yabanc\u0131 dil bilgisi. Be\u015fincisi, medyan\u0131n gerektirdi\u011fi h\u0131za uyum sa\u011flama, alt\u0131nc\u0131s\u0131 iyi ileti\u015fim kurabilme yetene\u011fi, yedincisi ise d\u00fcr\u00fcstl\u00fck\u201d dedi. E\u011fitim sistemine de de\u011finen Salih U\u00e7ar, \u201c\u0130leti\u015fim fak\u00fcltelerinden maalesef donan\u0131ml\u0131 mezun alam\u0131yoruz. Ekipman, bilgisayar ar\u0131zas\u0131 gibi fak\u00fclte y\u00f6netiminden kaynaklanan sorunlar oldu\u011funu biliyorum. \u00d6\u011frenci kaynakl\u0131 sorunlar aras\u0131nda ise yeterince kendilerini mesle\u011fe haz\u0131rlam\u0131yorlar. \u0130leti\u015fim fak\u00fcltesi \u00f6\u011frencilerinde i\u015f bulamama korkusu var. Arkada\u015flar karamsar olman\u0131za gerek yok. Biz muhabir ar\u0131yor bulam\u0131yoruz, siz i\u015f ar\u0131yorsunuz bulam\u0131yorsunuz. Bizim ortak noktada bulu\u015fmam\u0131z laz\u0131m. Siz biraz yeti\u015fmi\u015f gelecekseniz, bizler de size sahip \u00e7\u0131kaca\u011f\u0131z. Meslekta\u015f olaca\u011f\u0131z. E\u011fer bunu ba\u015faramazsak bizi \u00e7ok g\u00fczel g\u00fcnler beklemiyor\u201d dedi.<\/p>\n\n\n\n<p>AJANS HABERC\u0130LER\u0130 DENEY\u0130MLER\u0130N\u0130 PAYLA\u015eTI<\/p>\n\n\n\n<p>Salih U\u00e7ar\u2019\u0131n ard\u0131ndan mesleki deneyimlerini anlatan Alparslan \u00c7\u0131nar, kamera ile g\u00f6r\u00fcnt\u00fcleri nas\u0131l televizyon kanallar\u0131na servis edildi\u011fini detayl\u0131 bir \u015fekilde aktard\u0131. Ard\u0131ndan kameraman Burak Yalman\u2019la birlikte canl\u0131 ba\u011flant\u0131 uygulamas\u0131 ger\u00e7ekle\u015ftirerek, yap\u0131lan panel etkinli\u011finin anonsunu sunum yapt\u0131. Kameraman Yalman ise hangi durumlarda kamera sehpas\u0131 kulland\u0131klar\u0131n\u0131, hangi \u015fartlarda kameray\u0131 elde kulland\u0131klar\u0131n\u0131 anlatarak kamera kullanmaya y\u00f6nelik teknik bilgileri \u00f6\u011frencilerle payla\u015ft\u0131.<\/p>\n\n\n\n<p>Akdeniz \u00dcniversitesi \u0130leti\u015fim Fak\u00fcltesi\u2019nin mezunlar\u0131ndan, Foto Muhabiri Semih Ers\u00f6zler ise sekt\u00f6rdeki deneyimlerini aktararak, meslekte prati\u011fin \u00f6nemini vurgulad\u0131. Ers\u00f6zler, \u00f6\u011frencilere sekt\u00f6rdeki dinamikleri ve pratik bilgileri aktararak, mezuniyet sonras\u0131 kariyerlerine haz\u0131rlanmalar\u0131na katk\u0131 sa\u011flad\u0131.<\/p>\n\n\n\n<p>\u00d6ZLENEN \u00d6ZKAN HABERC\u0130L\u0130\u011e\u0130N GELECE\u011e\u0130N\u0130 SORDU<\/p>\n\n\n\n<p>Konuklar\u0131n konu\u015fmalar\u0131n ard\u0131ndan soru-cevap k\u0131sm\u0131na ge\u00e7ildi. Bu b\u00f6l\u00fcmde, Rekt\u00f6r Prof. Dr. \u00d6zlenen \u00d6zkan \u201cBen de k\u0131smen bu i\u015fin i\u00e7erisindeyim. \u00c7ok k\u0131ymetli bir i\u015f yap\u0131yorsunuz. \u015eunu merak ediyorum, internet siteleriyle desteklenen, \u00e7ok h\u0131zl\u0131, anl\u0131k video, foto\u011fraf payla\u015fan sosyal medya profilleri \u00e7\u0131kt\u0131ktan sonra, yirmi y\u0131l sonra yapt\u0131\u011f\u0131n\u0131z i\u015fi nerede g\u00f6r\u00fcyorsunuz? \u00d6zellikle bu t\u00fcr siteler sizleri \u00e7ok etkiledi\u011fini d\u00fc\u015f\u00fcn\u00fcyorum. 20 y\u0131l sonra hala ayn\u0131 yerde olur musunuz? Nerede olaca\u011f\u0131n\u0131z\u0131 \u00f6ng\u00f6r\u00fcyorsunuz?\u201d diye sordu. Rekt\u00f6r\u2019\u00fcn sorusunu cevaplayan Salih U\u00e7ar, \u201cSosyal medyadaki bu t\u00fcr siteler muhbir habercili\u011fi yap\u0131yor. Bizler ise muhabir habercili\u011fi\u2026 \u0130kisi aras\u0131nda \u00e7ok fark var. 1 milyon takip\u00e7isi olan bir sayfan\u0131n 1 milyon muhbiri var demektir. Toplumda g\u00f6rd\u00fc\u011f\u00fcn\u00fc hemen \u00e7ekip payla\u015fma gibi bir merak var. Bu t\u00fcr payla\u015f\u0131mlarda do\u011fru bilgiyi bulmak \u00e7ok zor. \u0130lk s\u0131cak g\u00f6r\u00fcnt\u00fc, sosyal medya habercisi i\u00e7in bulunmaz f\u0131rsat. Fakat \u00e7o\u011fu zaman do\u011fru bilgiden uzak, haberin unsurlar\u0131 tam olmadan kulaktan duyma bilgileri g\u00f6r\u00fcyoruz. Haberde mutlaka do\u011fru bilgiye ula\u015fmaya ihtiya\u00e7 var, buna ula\u015fmak da ancak ve ancak ger\u00e7ek habercilerle m\u00fcmk\u00fcnd\u00fcr\u201d dedi. Bunun \u00fczerine s\u00f6z alan Rekt\u00f6r Prof. Dr. \u00d6zkan, \u201cEskiden sadece alayl\u0131larla rekabet i\u00e7erisinde olan mezunlar\u0131m\u0131z, art\u0131k sosyal medyas\u0131 olan herkesle m\u00fccadele i\u00e7erisinde. \u00c7\u00fcnk\u00fc herkes bir yerlerden bir \u015feyler g\u00f6nderiyor. Herkes gazeteci gibi davran\u0131yor. Buna benzer s\u0131k\u0131nt\u0131lar var ama bence as\u0131l mesle\u011fi hakk\u0131yla yapan gazetecilerin kolay kolay yapt\u0131klar\u0131n\u0131n kar\u015f\u0131l\u0131\u011f\u0131 yok orada. \u00c7\u00fcnk\u00fc saha deneyimi, gazetecinin yapt\u0131\u011f\u0131 analizler, haberle\u015ftirme deneyimi gibi bunlar \u00e7ok farkl\u0131 \u015feyler. Elbette ki ben de gazetecili\u011fin yerini koruyaca\u011f\u0131n\u0131 d\u00fc\u015f\u00fcn\u00fcyorum\u201d dedi.<\/p>\n\n\n\n<p>Panelin sonunda salonda bulunan \u00f6\u011frenciler konuklarla an\u0131 foto\u011fraf\u0131 \u00e7ektirdi. Panelin ard\u0131ndan ise Gazeteci Salih U\u00e7ar, \u00f6\u011frencilere \u201cKalk\u0131\u015fma &#8211; 24 Saat\u201d isimli kitab\u0131n\u0131 imzalad\u0131.<\/p>\n\n\n\n<p>Akdeniz \u00dcniversitesi Rekt\u00f6rl\u00fc\u011f\u00fc \/ B\u00fclten<\/p>\n","protected":false},"excerpt":{"rendered":"<p>Akdeniz \u00dcniversitesi \u0130leti\u015fim Fak\u00fcltesi taraf\u0131ndan d\u00fczenlenen panelde, ajans habercili\u011finin \u00f6nemi ve i\u015flevi tart\u0131\u015f\u0131ld\u0131. Akdeniz \u00dcniversitesi Rekt\u00f6r\u00fc Prof. Dr. \u00d6zlenen \u00d6zkan\u2019\u0131n da kat\u0131ld\u0131\u011f\u0131 programa Akdeniz \u00dcniversitesi <a href=\"https:\/\/akdenizhaber.com.tr\/index.php\/2024\/05\/21\/akdeniz-universitesi-iletisim-fakultesi-panelinde-ajans-haberciligi-ele-alindi\/\" class=\"read-more-link\">[more&#8230;]<\/a><\/p>\n","protected":false},"author":2,"featured_media":24133,"comment_status":"open","ping_status":"open","sticky":false,"template":"","format":"standard","meta":{"footnotes":""},"categories":[2],"tags":[],"class_list":["post-24130","post","type-post","status-publish","format-standard","has-post-thumbnail","hentry","category-gundem"],"_links":{"self":[{"href":"https:\/\/akdenizhaber.com.tr\/index.php\/wp-json\/wp\/v2\/posts\/24130","targetHints":{"allow":["GET"]}}],"collection":[{"href":"https:\/\/akdenizhaber.com.tr\/index.php\/wp-json\/wp\/v2\/posts"}],"about":[{"href":"https:\/\/akdenizhaber.com.tr\/index.php\/wp-json\/wp\/v2\/types\/post"}],"author":[{"embeddable":true,"href":"https:\/\/akdenizhaber.com.tr\/index.php\/wp-json\/wp\/v2\/users\/2"}],"replies":[{"embeddable":true,"href":"https:\/\/akdenizhaber.com.tr\/index.php\/wp-json\/wp\/v2\/comments?post=24130"}],"version-history":[{"count":1,"href":"https:\/\/akdenizhaber.com.tr\/index.php\/wp-json\/wp\/v2\/posts\/24130\/revisions"}],"predecessor-version":[{"id":24132,"href":"https:\/\/akdenizhaber.com.tr\/index.php\/wp-json\/wp\/v2\/posts\/24130\/revisions\/24132"}],"wp:featuredmedia":[{"embeddable":true,"href":"https:\/\/akdenizhaber.com.tr\/index.php\/wp-json\/wp\/v2\/media\/24133"}],"wp:attachment":[{"href":"https:\/\/akdenizhaber.com.tr\/index.php\/wp-json\/wp\/v2\/media?parent=24130"}],"wp:term":[{"taxonomy":"category","embeddable":true,"href":"https:\/\/akdenizhaber.com.tr\/index.php\/wp-json\/wp\/v2\/categories?post=24130"},{"taxonomy":"post_tag","embeddable":true,"href":"https:\/\/akdenizhaber.com.tr\/index.php\/wp-json\/wp\/v2\/tags?post=24130"}],"curies":[{"name":"wp","href":"https:\/\/api.w.org\/{rel}","templated":true}]}}