{"id":24127,"date":"2024-05-21T14:14:39","date_gmt":"2024-05-21T11:14:39","guid":{"rendered":"https:\/\/akdenizhaber.com.tr\/?p=24127"},"modified":"2024-05-21T14:14:41","modified_gmt":"2024-05-21T11:14:41","slug":"chpden-turk-yatirim-fonu-aciklamasi","status":"publish","type":"post","link":"https:\/\/akdenizhaber.com.tr\/index.php\/2024\/05\/21\/chpden-turk-yatirim-fonu-aciklamasi\/","title":{"rendered":"Chp\u2019den \u201cT\u00fcrk Yat\u0131r\u0131m Fonu\u201d A\u00e7\u0131klamas\u0131"},"content":{"rendered":"\n<p>CHP Genel Ba\u015fkan Yard\u0131mc\u0131s\u0131 \u00d6zg\u00fcr Karabat, Maliye Bakan\u0131 Mehmet \u015eim\u015fek\u2019in duyurdu\u011fu T\u00fcrk Yat\u0131r\u0131m Fonu\u2019nun (TYF) kurulu\u015funa ili\u015fkin bir a\u00e7\u0131klama yaparak \u015eim\u015fek\u2019e: \u201cFon oyunlar\u0131n\u0131 b\u0131rak, vatanda\u015f\u0131n derdine bak.\u201d dedi.<\/p>\n\n\n\n<p>AKP\u2019N\u0130N G\u00dcNDEM\u0130NDE HALK YOK<\/p>\n\n\n\n<p>Ge\u00e7ti\u011fimiz hafta Maliye Bakan\u0131 taraf\u0131ndan a\u00e7\u0131klanan ve 500 milyon dolar kay\u0131tl\u0131 sermaye ile kurulu\u015fu duyurulan Yat\u0131r\u0131m Fonu\u2019nun T\u00fcrk devletleri aras\u0131nda ekonomik ve ticari ili\u015fkileri geli\u015ftirmesi beklenirken CHP\u2019den konuya ili\u015fkin a\u00e7\u0131klama yap\u0131ld\u0131.<\/p>\n\n\n\n<p>Sosyal medya hesab\u0131ndan bir a\u00e7\u0131klama yay\u0131nlayan CHP Genel Ba\u015fkan Yard\u0131mc\u0131s\u0131 \u00d6zg\u00fcr Karabat; AKP\u2019nin milletin ihtiya\u00e7lar\u0131n\u0131 g\u00f6zetmeyen politikalar\u0131n\u0131 ele\u015ftirerek; \u201cEnflasyon sorunu \u00e7\u0131kmaz bir hal almaya devam ediyor. Mehmet \u015eim\u015fek\u2019in g\u00fcndeminde ise fonlar yer al\u0131yor.\u201d diyerek konuya ili\u015fkin \u00e7ekingenlerinin alt\u0131n\u0131 \u00e7izdi.<\/p>\n\n\n\n<p>FONLAR DENETLENM\u0130YOR, KAYNAKLAR BEL\u0130RS\u0130Z<\/p>\n\n\n\n<p>\u201cTYF\u2019ye hangi kaynaktan sermaye aktar\u0131ld\u0131? Pay\u0131m\u0131za en az 100 milyon dolar d\u00fc\u015ft\u00fc\u011f\u00fc ifade ediliyor. Yani 3,2 milyar TL. Memurlar\u0131n servislerini kald\u0131r\u0131nca sa\u011flanacak tasarruftan daha fazla bir bedelden s\u00f6z ediyoruz. Bunu, milletimiz ad\u0131na sorgulamak zorunday\u0131z.\u201d diyen CHP\u2019li Karabat; fonlara ili\u015fkin en \u00f6nemli sorunun denetimsizlik oldu\u011funun alt\u0131n\u0131 \u00e7izdi.<\/p>\n\n\n\n<p>Bu fonlar\u0131n, devletlerin himayesinde uluslararas\u0131 piyasalardan milyarlarca dolarl\u0131k bor\u00e7lanma yapt\u0131\u011f\u0131n\u0131 da belirten Karabat T\u00fcrkiye Varl\u0131k Fonu\u2019nu hat\u0131rlatarak; \u201cT\u00fcrkiye Varl\u0131k Fonu kuruldu ve bu fon denetiminden ka\u00e7\u0131r\u0131l\u0131yor. S\u00f6zde TVF ile de yat\u0131r\u0131mlar artacakt\u0131 ama AKP\u2019lilere ikinci maa\u015f sa\u011flamaktan \u00f6teye gidemiyor.\u201d dedi.<\/p>\n\n\n\n<p>Haber Merkezi<\/p>\n","protected":false},"excerpt":{"rendered":"<p>CHP Genel Ba\u015fkan Yard\u0131mc\u0131s\u0131 \u00d6zg\u00fcr Karabat, Maliye Bakan\u0131 Mehmet \u015eim\u015fek\u2019in duyurdu\u011fu T\u00fcrk Yat\u0131r\u0131m Fonu\u2019nun (TYF) kurulu\u015funa ili\u015fkin bir a\u00e7\u0131klama yaparak \u015eim\u015fek\u2019e: \u201cFon oyunlar\u0131n\u0131 b\u0131rak, vatanda\u015f\u0131n <a href=\"https:\/\/akdenizhaber.com.tr\/index.php\/2024\/05\/21\/chpden-turk-yatirim-fonu-aciklamasi\/\" class=\"read-more-link\">[more&#8230;]<\/a><\/p>\n","protected":false},"author":2,"featured_media":24128,"comment_status":"open","ping_status":"open","sticky":false,"template":"","format":"standard","meta":{"footnotes":""},"categories":[2],"tags":[],"class_list":["post-24127","post","type-post","status-publish","format-standard","has-post-thumbnail","hentry","category-gundem"],"_links":{"self":[{"href":"https:\/\/akdenizhaber.com.tr\/index.php\/wp-json\/wp\/v2\/posts\/24127","targetHints":{"allow":["GET"]}}],"collection":[{"href":"https:\/\/akdenizhaber.com.tr\/index.php\/wp-json\/wp\/v2\/posts"}],"about":[{"href":"https:\/\/akdenizhaber.com.tr\/index.php\/wp-json\/wp\/v2\/types\/post"}],"author":[{"embeddable":true,"href":"https:\/\/akdenizhaber.com.tr\/index.php\/wp-json\/wp\/v2\/users\/2"}],"replies":[{"embeddable":true,"href":"https:\/\/akdenizhaber.com.tr\/index.php\/wp-json\/wp\/v2\/comments?post=24127"}],"version-history":[{"count":1,"href":"https:\/\/akdenizhaber.com.tr\/index.php\/wp-json\/wp\/v2\/posts\/24127\/revisions"}],"predecessor-version":[{"id":24129,"href":"https:\/\/akdenizhaber.com.tr\/index.php\/wp-json\/wp\/v2\/posts\/24127\/revisions\/24129"}],"wp:featuredmedia":[{"embeddable":true,"href":"https:\/\/akdenizhaber.com.tr\/index.php\/wp-json\/wp\/v2\/media\/24128"}],"wp:attachment":[{"href":"https:\/\/akdenizhaber.com.tr\/index.php\/wp-json\/wp\/v2\/media?parent=24127"}],"wp:term":[{"taxonomy":"category","embeddable":true,"href":"https:\/\/akdenizhaber.com.tr\/index.php\/wp-json\/wp\/v2\/categories?post=24127"},{"taxonomy":"post_tag","embeddable":true,"href":"https:\/\/akdenizhaber.com.tr\/index.php\/wp-json\/wp\/v2\/tags?post=24127"}],"curies":[{"name":"wp","href":"https:\/\/api.w.org\/{rel}","templated":true}]}}