{"id":24112,"date":"2024-05-21T14:10:51","date_gmt":"2024-05-21T11:10:51","guid":{"rendered":"https:\/\/akdenizhaber.com.tr\/?p=24112"},"modified":"2024-05-21T14:10:52","modified_gmt":"2024-05-21T11:10:52","slug":"teskilat-yasasi-talebi","status":"publish","type":"post","link":"https:\/\/akdenizhaber.com.tr\/index.php\/2024\/05\/21\/teskilat-yasasi-talebi\/","title":{"rendered":"Te\u015fkilat Yasas\u0131 talebi"},"content":{"rendered":"\n<p>B\u00fcro Memur-Sen Antalya \u015eube Ba\u015fkan\u0131 \u00dcnal Hisarkaya, &#8220;Gen\u00e7li\u011fin ve sporun ana \u00f6znesi Gen\u00e7lik ve Spor Bakanl\u0131\u011f\u0131 Personeli, Gen\u00e7lik Haftas\u0131\u2019nda sorunlar\u0131n\u0131 kal\u0131c\u0131 bir \u015fekilde \u00e7\u00f6zecek Te\u015fkilat Yasas\u0131 istiyor&#8221; dedi.<\/p>\n\n\n\n<p>SORUNLAR KRON\u0130KLE\u015eT\u0130<\/p>\n\n\n\n<p>Hisarkaya, &#8220;15-21 May\u0131s 2024 tarihleri aras\u0131nda kutlanan Gen\u00e7lik Haftas\u0131 m\u00fcnasebetiyle sporunun geli\u015fmesi, gen\u00e7lerimiz ve \u00e7ocuklar\u0131m\u0131z\u0131n sa\u011fl\u0131kl\u0131 bireyler olmalar\u0131 ve iyi bir gelece\u011fe kavu\u015fmalar\u0131 i\u00e7in b\u00fcy\u00fck \u00f6zveri g\u00f6steren, gen\u00e7lik ve sporun ana \u00f6znesi olan antren\u00f6r, spor uzman\u0131, sportif e\u011fitim uzman\u0131, yurt y\u00f6netim memuru, gen\u00e7lik hizmetleri memuru ve di\u011fer Bakanl\u0131k \u00e7al\u0131\u015fanlar\u0131, B\u00fcro Memur-Sen olarak bizim s\u00fcrekli ilgili makam ve platformlarda dile getirdi\u011fimiz kronikle\u015fmi\u015f sorunlar\u0131na \u00e7\u00f6z\u00fcm bekliyor&#8221; ifadelerini kulland\u0131.<\/p>\n\n\n\n<p>D\u00d6RT G\u00d6ZLE BEKLEN\u0130YOR<\/p>\n\n\n\n<p>Bakanl\u0131k personelinin d\u00f6rt g\u00f6zle bekledi\u011fi iyile\u015ftirmelere de\u011finen Ba\u015fkan \u00dcnal Hisarkaya \u015f\u00f6yle konu\u015ftu; &#8221; Antren\u00f6rlerin ellerinden al\u0131nan giyim yard\u0131m\u0131n\u0131n g\u00fcn\u00fcn ko\u015fullar\u0131na uygun \u015fekilde nakdi olarak yeniden verilmesi, Bakanl\u0131k nezdindeki yurtlarda g\u00f6rev yapan yurt y\u00f6netim memuru, yurt y\u00f6netim personeli ve yurt y\u00f6netim m\u00fcd\u00fcr yard\u0131mc\u0131lar\u0131 taraf\u0131ndan tutulan n\u00f6betler kar\u015f\u0131l\u0131\u011f\u0131 n\u00f6bet \u00fccreti \u00f6denmesi, Antren\u00f6r, spor uzman\u0131, yurt y\u00f6netim memuru, gen\u00e7lik hizmetleri memuru ve di\u011fer unvanlarda ki s\u00f6zle\u015fmeli ve kadrolu \u00e7al\u0131\u015fanlar\u0131n beklentilerinin kar\u015f\u0131lanmas\u0131, Yard\u0131mc\u0131 Hizmetler, destek personeli ve Koruma ve G\u00fcvenlik G\u00f6revlisi arkada\u015flar\u0131m\u0131z\u0131n s\u0131k\u0131nt\u0131lar\u0131n\u0131n \u00e7\u00f6z\u00fclmesi beklentilerimiz aras\u0131nda.&#8221;<\/p>\n\n\n\n<p>\u00c7\u00d6Z\u00dcM KARARNAME DE\u011e\u0130\u015e\u0130KL\u0130\u011e\u0130<\/p>\n\n\n\n<p>\u00c7\u00f6z\u00fcm\u00fcn yolunun kararname de\u011fi\u015fikli\u011fi oldu\u011funu aktaran \u00dcnal Hisarkaya, &#8220;Hususlar\u0131nda etkili ve ivedi \u00e7\u00f6z\u00fcm yolu 638 say\u0131l\u0131 Gen\u00e7lik ve Spor Bakanl\u0131\u011f\u0131n\u0131n Te\u015fkilat ve G\u00f6revleri Hakk\u0131nda Kanun H\u00fckm\u00fcnde Kararname\u2019de de\u011fi\u015fikli\u011fe gidilmesidir. Bakanl\u0131\u011f\u0131n te\u015fkilat yasas\u0131nda, ya\u015fanan de\u011fi\u015fim, geli\u015fim ve g\u00fcn\u00fcn \u015fartlar\u0131na uygunluk g\u00f6steren, hizmet sunumunda verimlilik ve personel memnuniyetini sa\u011flayacak bir de\u011fi\u015fiklik yap\u0131lmas\u0131 talebimizi Gen\u00e7lik Haftas\u0131\u2019nda bir kez daha kararl\u0131l\u0131kla vurguluyoruz&#8221; \u015feklinde konu\u015ftu.<\/p>\n\n\n\n<p>Memur-Sen \/ B\u00fclten<\/p>\n","protected":false},"excerpt":{"rendered":"<p>B\u00fcro Memur-Sen Antalya \u015eube Ba\u015fkan\u0131 \u00dcnal Hisarkaya, &#8220;Gen\u00e7li\u011fin ve sporun ana \u00f6znesi Gen\u00e7lik ve Spor Bakanl\u0131\u011f\u0131 Personeli, Gen\u00e7lik Haftas\u0131\u2019nda sorunlar\u0131n\u0131 kal\u0131c\u0131 bir \u015fekilde \u00e7\u00f6zecek Te\u015fkilat <a href=\"https:\/\/akdenizhaber.com.tr\/index.php\/2024\/05\/21\/teskilat-yasasi-talebi\/\" class=\"read-more-link\">[more&#8230;]<\/a><\/p>\n","protected":false},"author":2,"featured_media":24113,"comment_status":"open","ping_status":"open","sticky":false,"template":"","format":"standard","meta":{"footnotes":""},"categories":[2],"tags":[],"class_list":["post-24112","post","type-post","status-publish","format-standard","has-post-thumbnail","hentry","category-gundem"],"_links":{"self":[{"href":"https:\/\/akdenizhaber.com.tr\/index.php\/wp-json\/wp\/v2\/posts\/24112","targetHints":{"allow":["GET"]}}],"collection":[{"href":"https:\/\/akdenizhaber.com.tr\/index.php\/wp-json\/wp\/v2\/posts"}],"about":[{"href":"https:\/\/akdenizhaber.com.tr\/index.php\/wp-json\/wp\/v2\/types\/post"}],"author":[{"embeddable":true,"href":"https:\/\/akdenizhaber.com.tr\/index.php\/wp-json\/wp\/v2\/users\/2"}],"replies":[{"embeddable":true,"href":"https:\/\/akdenizhaber.com.tr\/index.php\/wp-json\/wp\/v2\/comments?post=24112"}],"version-history":[{"count":1,"href":"https:\/\/akdenizhaber.com.tr\/index.php\/wp-json\/wp\/v2\/posts\/24112\/revisions"}],"predecessor-version":[{"id":24114,"href":"https:\/\/akdenizhaber.com.tr\/index.php\/wp-json\/wp\/v2\/posts\/24112\/revisions\/24114"}],"wp:featuredmedia":[{"embeddable":true,"href":"https:\/\/akdenizhaber.com.tr\/index.php\/wp-json\/wp\/v2\/media\/24113"}],"wp:attachment":[{"href":"https:\/\/akdenizhaber.com.tr\/index.php\/wp-json\/wp\/v2\/media?parent=24112"}],"wp:term":[{"taxonomy":"category","embeddable":true,"href":"https:\/\/akdenizhaber.com.tr\/index.php\/wp-json\/wp\/v2\/categories?post=24112"},{"taxonomy":"post_tag","embeddable":true,"href":"https:\/\/akdenizhaber.com.tr\/index.php\/wp-json\/wp\/v2\/tags?post=24112"}],"curies":[{"name":"wp","href":"https:\/\/api.w.org\/{rel}","templated":true}]}}