{"id":24106,"date":"2024-05-21T14:10:00","date_gmt":"2024-05-21T11:10:00","guid":{"rendered":"https:\/\/akdenizhaber.com.tr\/?p=24106"},"modified":"2024-05-21T14:10:01","modified_gmt":"2024-05-21T11:10:01","slug":"kepezli-ozdemir-sirbistan-yolunda","status":"publish","type":"post","link":"https:\/\/akdenizhaber.com.tr\/index.php\/2024\/05\/21\/kepezli-ozdemir-sirbistan-yolunda\/","title":{"rendered":"Kepezli \u00d6zdemir S\u0131rbistan yolunda"},"content":{"rendered":"\n<p>\u00c7ocuk Fitness T\u00fcrkiye \u015eampiyonas\u0131 ve Milli Tak\u0131m Se\u00e7meleri finalinde T\u00fcrkiye 3\u2019nc\u00fcs\u00fc olan Kepezli \u00d6zdemir, milli tak\u0131ma se\u00e7ilirse S\u0131rbistan\u2019daki d\u00fcnya \u015fampiyonas\u0131na kat\u0131lacak<\/p>\n\n\n\n<p>Kepez Belediyesi Spor Kul\u00fcb\u00fc cimnastik\u00e7isi Sevin\u00e7 \u00d6zdemir, \u00c7ocuk Fitness T\u00fcrkiye \u015eampiyonas\u0131 ve Milli Tak\u0131m Se\u00e7meleri finalinde T\u00fcrkiye 3\u2019nc\u00fcs\u00fc olarak d\u00fcnya \u015fampiyonas\u0131na kat\u0131lma bileti ald\u0131. Ayd\u0131n Ku\u015fadas\u0131\u2019ndaki se\u00e7melerde 128 k\u0131z rakibi olan \u00d6zdemir, cimnastik ge\u00e7mi\u015fi, sundu\u011fu koreografi ve g\u00fc\u00e7l\u00fc fizi\u011fi ile rakiplerinin \u00e7o\u011funlu\u011funu eledi. T\u00fcrkiye Cimnastik Federasyonu\u2019nun d\u00fczenledi\u011fi se\u00e7me puanlamas\u0131nda y\u00fczde 70 federasyon hakemleri, y\u00fczde 30 puanlamay\u0131 ise T\u00fcrkiye V\u00fccut Geli\u015ftirme ve Fitness Federasyonu hakemleri verdi.<\/p>\n\n\n\n<p>SON 1YILDIR F\u0130TNESS \u00c7ALI\u015eIYOR<\/p>\n\n\n\n<p>Kepezli \u00d6zdemir, bu sonu\u00e7la Teknik Merkez Hakem Kurulu uygun g\u00f6rmesi halinde \u00e7ocuk fitness milli tak\u0131m\u0131na davet edilecek. Davet edilmesiyle Haziran ay\u0131nda S\u0131rbistan\u2019da d\u00fczenlenecek d\u00fcnya \u015fampiyonas\u0131na kat\u0131lacak olan 13 ya\u015f\u0131ndaki \u00d6zdemir, b\u00fcy\u00fck sevin\u00e7 ya\u015fad\u0131. \u00d6zdemir\u2019in spora ba\u015flad\u0131\u011f\u0131 8 y\u0131ld\u0131r \u00e7al\u0131\u015ft\u0131r\u0131c\u0131l\u0131\u011f\u0131n\u0131 yapan \u0130smail Tafl\u0131, son 1 y\u0131ld\u0131r bu yar\u0131\u015fmaya kat\u0131lma karar\u0131 alarak \u00e7al\u0131\u015fmalara ba\u015flad\u0131klar\u0131n\u0131 s\u00f6yledi. Kat\u0131lmas\u0131 halinde d\u00fcnya \u015fampiyonas\u0131nda iyi bir derece almak i\u00e7in \u015fimdiden \u00e7al\u0131\u015fmalara ba\u015flad\u0131klar\u0131n\u0131 belirten antren\u00f6r Tafl\u0131, koreografilerini geli\u015ftireceklerini s\u00f6yledi.&nbsp;<\/p>\n\n\n\n<p>Kepez Belediyesi \/ B\u00fclten<\/p>\n","protected":false},"excerpt":{"rendered":"<p>\u00c7ocuk Fitness T\u00fcrkiye \u015eampiyonas\u0131 ve Milli Tak\u0131m Se\u00e7meleri finalinde T\u00fcrkiye 3\u2019nc\u00fcs\u00fc olan Kepezli \u00d6zdemir, milli tak\u0131ma se\u00e7ilirse S\u0131rbistan\u2019daki d\u00fcnya \u015fampiyonas\u0131na kat\u0131lacak Kepez Belediyesi Spor Kul\u00fcb\u00fc <a href=\"https:\/\/akdenizhaber.com.tr\/index.php\/2024\/05\/21\/kepezli-ozdemir-sirbistan-yolunda\/\" class=\"read-more-link\">[more&#8230;]<\/a><\/p>\n","protected":false},"author":2,"featured_media":24107,"comment_status":"open","ping_status":"open","sticky":false,"template":"","format":"standard","meta":{"footnotes":""},"categories":[2],"tags":[],"class_list":["post-24106","post","type-post","status-publish","format-standard","has-post-thumbnail","hentry","category-gundem"],"_links":{"self":[{"href":"https:\/\/akdenizhaber.com.tr\/index.php\/wp-json\/wp\/v2\/posts\/24106","targetHints":{"allow":["GET"]}}],"collection":[{"href":"https:\/\/akdenizhaber.com.tr\/index.php\/wp-json\/wp\/v2\/posts"}],"about":[{"href":"https:\/\/akdenizhaber.com.tr\/index.php\/wp-json\/wp\/v2\/types\/post"}],"author":[{"embeddable":true,"href":"https:\/\/akdenizhaber.com.tr\/index.php\/wp-json\/wp\/v2\/users\/2"}],"replies":[{"embeddable":true,"href":"https:\/\/akdenizhaber.com.tr\/index.php\/wp-json\/wp\/v2\/comments?post=24106"}],"version-history":[{"count":1,"href":"https:\/\/akdenizhaber.com.tr\/index.php\/wp-json\/wp\/v2\/posts\/24106\/revisions"}],"predecessor-version":[{"id":24108,"href":"https:\/\/akdenizhaber.com.tr\/index.php\/wp-json\/wp\/v2\/posts\/24106\/revisions\/24108"}],"wp:featuredmedia":[{"embeddable":true,"href":"https:\/\/akdenizhaber.com.tr\/index.php\/wp-json\/wp\/v2\/media\/24107"}],"wp:attachment":[{"href":"https:\/\/akdenizhaber.com.tr\/index.php\/wp-json\/wp\/v2\/media?parent=24106"}],"wp:term":[{"taxonomy":"category","embeddable":true,"href":"https:\/\/akdenizhaber.com.tr\/index.php\/wp-json\/wp\/v2\/categories?post=24106"},{"taxonomy":"post_tag","embeddable":true,"href":"https:\/\/akdenizhaber.com.tr\/index.php\/wp-json\/wp\/v2\/tags?post=24106"}],"curies":[{"name":"wp","href":"https:\/\/api.w.org\/{rel}","templated":true}]}}