{"id":24097,"date":"2024-05-20T14:28:11","date_gmt":"2024-05-20T11:28:11","guid":{"rendered":"https:\/\/akdenizhaber.com.tr\/?p=24097"},"modified":"2024-05-20T14:29:38","modified_gmt":"2024-05-20T11:29:38","slug":"antalya-14-uluslararasi-tiyatro-festivali-perdeyi-acti","status":"publish","type":"post","link":"https:\/\/akdenizhaber.com.tr\/index.php\/2024\/05\/20\/antalya-14-uluslararasi-tiyatro-festivali-perdeyi-acti\/","title":{"rendered":"Antalya 14. Uluslararas\u0131 Tiyatro Festivali Perdeyi A\u00e7t\u0131"},"content":{"rendered":"\n<p><br>\u201cTiyatro do\u011fdu\u011fu topraklarda yeniden canlan\u0131yor.\u201d temas\u0131yla bu y\u0131l 14\u2019\u00fcnc\u00fc kez d\u00fczenlenen Antalya 14. Uluslararas\u0131 Tiyatro Festivali, d\u00fczenlenen t\u00f6renle kap\u0131lar\u0131n\u0131 sanatseverlere a\u00e7t\u0131.<\/p>\n\n\n\n<p><br>Antalya Devlet Tiyatrosu&#8217;nun (ADT) ev sahipli\u011finde bu y\u0131l 14&#8217;\u00fcnc\u00fcs\u00fc d\u00fczenlenen \u201cDevlet Tiyatrolar\u0131 Antalya 14. Uluslararas\u0131 Tiyatro Festivali\u201d, \u0130spanya Orthemis Orkestras\u0131&#8217;n\u0131n &#8220;Concerto a Tempo d&#8217;Umore&#8221; adl\u0131 g\u00f6sterisiyle perdelerini a\u00e7t\u0131. Ha\u015fim \u0130\u015fcan K\u00fclt\u00fcr Merkezi\u2019nde ger\u00e7ekle\u015fen a\u00e7\u0131l\u0131\u015f t\u00f6renine Vali Hulusi \u015eahin, e\u015fi Ebru \u015eahin, Vali Yard\u0131mc\u0131s\u0131 Suat Seyito\u011flu, Muratpa\u015fa Kaymakam\u0131 Dr. Orhan Burhan, Devlet Tiyatrolar\u0131 Genel M\u00fcd\u00fcr\u00fc Tamer Karada\u011fl\u0131 ve bir\u00e7ok sanatsever kat\u0131ld\u0131.<\/p>\n\n\n\n<p><br>14 Y\u0131ld\u0131r Antalya\u2019ya \u00c7ok Yak\u0131\u015f\u0131yor<br>Antalya\u2019n\u0131n \u00e7ok \u00f6nemli bir k\u00fclt\u00fcr, sanat ve spor \u015fehri oldu\u011funa dikkat \u00e7eken Vali \u015eahin, \u201cBiz \u015fu anda Antalya\u2019da Filenin Sultanlar\u0131n\u0131 a\u011f\u0131rl\u0131yoruz. Antalya\u2019da bir\u00e7ok bran\u015fta D\u00fcnya ve Avrupa \u015fampiyonalar\u0131 d\u00fczenleniyor, say\u0131s\u0131z festivale ve fuara ev sahipli\u011fi yap\u0131yor. Buras\u0131 bir d\u00fcnya \u015fehri. B\u00f6ylesine g\u00fczel ve anlaml\u0131 bir festival de ger\u00e7ekten 14 y\u0131ld\u0131r Antalya\u2019ya \u00e7ok yak\u0131\u015f\u0131yor. Sizler bu salonlar\u0131 doldurdu\u011funuz m\u00fcddet\u00e7e daha nice g\u00fczel etkinlikleri Antalya\u2019ya getirmeye devam edece\u011fiz. Hepinize iyi seyirler diliyorum.\u201d ifadelerini kulland\u0131.<\/p>\n\n\n\n<p><br>A\u00e7\u0131l\u0131\u015f konu\u015fmalar\u0131n\u0131n ard\u0131ndan sanatseverler, d\u00fcnyaca \u00fcnl\u00fc \u0130spanya Orthemis Orkestras\u0131&#8217;n\u0131n &#8220;Concerto a Tempo d&#8217;Umore&#8221; adl\u0131 eseri b\u00fcy\u00fck be\u011feniyle izledi. 17-27 May\u0131s tarihleri aras\u0131nda sanatseverlerle bulu\u015facak festivalde, yerli ve yabanc\u0131 tiyatro gruplar\u0131n\u0131n oyunlar\u0131 ile \u00e7e\u015fitli tiyatro at\u00f6lyeleri yer alacak.<\/p>\n\n\n\n<p>Antalya Valili\u011fi \/ B\u00fclten<\/p>\n","protected":false},"excerpt":{"rendered":"<p>\u201cTiyatro do\u011fdu\u011fu topraklarda yeniden canlan\u0131yor.\u201d temas\u0131yla bu y\u0131l 14\u2019\u00fcnc\u00fc kez d\u00fczenlenen Antalya 14. Uluslararas\u0131 Tiyatro Festivali, d\u00fczenlenen t\u00f6renle kap\u0131lar\u0131n\u0131 sanatseverlere a\u00e7t\u0131. Antalya Devlet Tiyatrosu&#8217;nun (ADT) <a href=\"https:\/\/akdenizhaber.com.tr\/index.php\/2024\/05\/20\/antalya-14-uluslararasi-tiyatro-festivali-perdeyi-acti\/\" class=\"read-more-link\">[more&#8230;]<\/a><\/p>\n","protected":false},"author":2,"featured_media":24098,"comment_status":"open","ping_status":"open","sticky":false,"template":"","format":"standard","meta":{"footnotes":""},"categories":[2],"tags":[],"class_list":["post-24097","post","type-post","status-publish","format-standard","has-post-thumbnail","hentry","category-gundem"],"_links":{"self":[{"href":"https:\/\/akdenizhaber.com.tr\/index.php\/wp-json\/wp\/v2\/posts\/24097","targetHints":{"allow":["GET"]}}],"collection":[{"href":"https:\/\/akdenizhaber.com.tr\/index.php\/wp-json\/wp\/v2\/posts"}],"about":[{"href":"https:\/\/akdenizhaber.com.tr\/index.php\/wp-json\/wp\/v2\/types\/post"}],"author":[{"embeddable":true,"href":"https:\/\/akdenizhaber.com.tr\/index.php\/wp-json\/wp\/v2\/users\/2"}],"replies":[{"embeddable":true,"href":"https:\/\/akdenizhaber.com.tr\/index.php\/wp-json\/wp\/v2\/comments?post=24097"}],"version-history":[{"count":1,"href":"https:\/\/akdenizhaber.com.tr\/index.php\/wp-json\/wp\/v2\/posts\/24097\/revisions"}],"predecessor-version":[{"id":24099,"href":"https:\/\/akdenizhaber.com.tr\/index.php\/wp-json\/wp\/v2\/posts\/24097\/revisions\/24099"}],"wp:featuredmedia":[{"embeddable":true,"href":"https:\/\/akdenizhaber.com.tr\/index.php\/wp-json\/wp\/v2\/media\/24098"}],"wp:attachment":[{"href":"https:\/\/akdenizhaber.com.tr\/index.php\/wp-json\/wp\/v2\/media?parent=24097"}],"wp:term":[{"taxonomy":"category","embeddable":true,"href":"https:\/\/akdenizhaber.com.tr\/index.php\/wp-json\/wp\/v2\/categories?post=24097"},{"taxonomy":"post_tag","embeddable":true,"href":"https:\/\/akdenizhaber.com.tr\/index.php\/wp-json\/wp\/v2\/tags?post=24097"}],"curies":[{"name":"wp","href":"https:\/\/api.w.org\/{rel}","templated":true}]}}