{"id":24090,"date":"2024-05-20T14:14:53","date_gmt":"2024-05-20T11:14:53","guid":{"rendered":"https:\/\/akdenizhaber.com.tr\/?p=24090"},"modified":"2024-05-20T14:14:53","modified_gmt":"2024-05-20T11:14:53","slug":"elimde-kelimeler","status":"publish","type":"post","link":"https:\/\/akdenizhaber.com.tr\/index.php\/2024\/05\/20\/elimde-kelimeler\/","title":{"rendered":"EL\u0130MDE KEL\u0130MELER"},"content":{"rendered":"\n<p>Sevgili g\u00fcnl\u00fck bug\u00fcn Eyl\u00fcl, d\u00fcnde Eyl\u00fcld\u00fc, yar\u0131nda Eyl\u00fcl olacak\u2026 Ben onu d\u00fc\u015f\u00fcn\u00fcyorum\u2026 Ne sendromlu Pazartesi, ne hi\u00e7 sevmedi\u011fim \u00c7ar\u015famba, ne o muhte\u015fem Pazar\u2026 G\u00fcn yok, gece yok, takvim yok. Saatler sadece bir rakam, zaman yok. Her g\u00fcn Eyl\u00fcl, &#8221;a\u011fa\u00e7lar sonbahara haz\u0131rlan\u0131yor&#8221; b\u00fcy\u00fck \u015fair Atilla \u0130lhan, g\u00f6rmek tan\u0131\u015fmak, konu\u015fmak nasip olmad\u0131. E\u015fiyle tan\u0131\u015ft\u0131m ama, Biket \u0130lhan (Buket de\u011fil, Biket) Cihangir&#8217;de oturuyoruz bir ak\u015fam\u00fcst\u00fc, d\u00fcnya turuncu\u2026 Bana ne i\u015f yap\u0131yorsun dedi Biket, \u015fairim ben dedim\u2026 K\u0131zd\u0131, g\u00fczel bir f\u0131r\u00e7a yedim \u00fcst\u00fcne, hi\u00e7bir \u015fair kendine \u015fairim demez dedi. B\u0131rak ba\u015fkalar\u0131 desin, dedi. Ertesi g\u00fcn \u015fiirlerimi \u00f6yk\u00fclerimi getirdim, al\u0131p gitti. Bir hafta sonra geldi, sen \u015fairmi\u015fsin dedi bana. &#8221;Yaln\u0131zl\u0131\u011f\u0131n Do min\u00f6r Kon\u00e7ertosu&#8221;nu \u00f6ve \u00f6ve bitiremedi, Atilla \u0130lhan ya\u015fasayd\u0131 dedi\u2026 C\u00fcmlesini bitiremedi\u2026 Ne kadar \u00e7ok isterdim bilsen Atilla \u0130lhan&#8217;\u0131n kitaplar\u0131m\u0131 okumas\u0131n\u0131. Oturup &#8221;Yaln\u0131zl\u0131\u011f\u0131n Do min\u00f6r Kon\u00e7ertosu&#8221;nun arka kapak yaz\u0131s\u0131n\u0131 tek tek eliyle se\u00e7ti\u2026 Bu se\u00e7tiklerimi b\u0131rak dedi arka kapa\u011fa. \u00d6ylede yapt\u0131m\u2026 Ben onu d\u00fc\u015f\u00fcn\u00fcyorum\u2026 Yaz b\u00fct\u00fcn sevimsizli\u011fiyle, b\u00fct\u00fcn umutsuzlu\u011fuyla bavulunu haz\u0131rl\u0131yor sahilde. Neyi var ki zaten biraz deniz, biraz g\u00fcne\u015f, biraz kum\u2026 Ne bir damla ya\u011fmur, ne bir nefeslik r\u00fczg\u00e2r. G\u00fcneye gidecek muhtemelen, ku\u015flarla\u2026 Ku\u015flar gitmeyeydi iyiydi. Ama ask\u0131ya alacaklar biliyorum, yine gelecek biliyorum, ku\u015flarla\u2026 Yaz sahte bir mevsim, a\u015fklar\u0131 sahte, storyleri sahte, gelenleri gidenleri sahte, g\u00fczelli\u011fi sahte, sahte o\u011flu sahte\u2026 S\u0131ca\u011f\u0131 ger\u00e7ek ama. G\u00fcne\u015fi ger\u00e7ek. Hele burada, Antalya&#8217;da\u2026 Antalya&#8217;da geceleri bile g\u00fcne\u015f var, d\u00fcnya burada d\u00f6nm\u00fcyor. Sevgili g\u00fcnl\u00fck, bug\u00fcn Eyl\u00fcl\u2026<\/p>\n\n\n\n<p>Elimde kelimeler<br>\u015fiir yap\u0131yorum gecenin bir yar\u0131s\u0131<br>g\u00f6zlerinle harmanlay\u0131p\u2026<br>\u00d6yk\u00fc oluyorlar bazen<br>bazen bir yan\u0131lg\u0131.<br>Ayr\u0131l\u0131k oluyorlar<br>hi\u00e7 bana sormadan\u2026<\/p>\n\n\n\n<p>Sevgili g\u00fcnl\u00fck bug\u00fcn Eyl\u00fcl, bug\u00fcn sonbahar, bug\u00fcn \u015fiir, bug\u00fcn ayr\u0131l\u0131k\u2026 L\u00fczumundan fazla duygusal biliyorum ama mevzu o de\u011fil\u2026 Ben onu d\u00fc\u015f\u00fcn\u00fcyorum, onun bana geli\u015fini. Be\u015fikta\u015f&#8217;tay\u0131m, o vapurdan iniyor. O vapurdan inince Be\u015fikta\u015f g\u00fczelle\u015fiyor. Be\u015fikta\u015f g\u00fczel mi de\u011fil, vallahi de\u011fil. Onun sayesinde g\u00fczel Be\u015fikta\u015f, d\u00fcnya onun sayesinde g\u00fczel. Asla vazge\u00e7emedi\u011fin \u00e7irkin bir sevgilidir \u0130stanbul. Evdeyim o s\u0131rada\u2026 B\u00fct\u00fcn gece resim yapt\u0131m, &#8221;Hand of God&#8221; elliye otuz be\u015f, ya\u011fl\u0131 boya. Tek el yapt\u0131m, Tanr\u0131&#8217;y\u0131 bir metafor olarak i\u015fledim, anlayabilirlerse\u2026 Hi\u00e7 sanm\u0131yorum. Sataca\u011f\u0131m onu satabilirsem, bu sayede bir ay daha ya\u015fayabilirim belki\u2026 S\u0131rt \u00fcst\u00fc yat\u0131yorum tavana bak\u0131p, dokuzuncu senfoniyi dinliyorum. Beethoven&#8217;\u0131 anlamaya \u00e7al\u0131\u015f\u0131yorum, nafile\u2026 O vapurdan iniyor, g\u00f6r\u00fcyorum onu vapurdan inerken. Beni ar\u0131yor g\u00f6zleri\u2026 Onu bekliyorum son bin y\u0131ld\u0131r, son y\u00fcz bin y\u0131ld\u0131r, son bir milyon bin y\u0131ld\u0131r\u2026 Gelirken bira getir dedim ne olur\u2026 Elinde bir po\u015fet dolusuyla geliyor. O gelince her \u015fey d\u00fczeliyor\u2026 Bir tek ba\u015fak bile darg\u0131n kalm\u0131yor, bir tek zeytin dal\u0131 bile yaln\u0131z de\u011fil art\u0131k. A\u00e7 de\u011filim, dolapta yeme\u011fim var, b\u0131rak yeme\u011fi dolab\u0131m bile var art\u0131k. Ka\u00e7 g\u00fcn oldu do\u011fru d\u00fczg\u00fcn bir \u015fey yemeyeli\u2026 Sigaramda var, kimseye borcum yok, ne ev kiras\u0131, ne elektrik faturas\u0131\u2026 Yaz\u0131 yazmaktan ba\u015fka gelirim yok. Ben onu d\u00fc\u015f\u00fcn\u00fcyorum.. Ko\u015fuyolu&#8217;nda g\u00f6rd\u00fcm ilk defa onu. Valideba\u011f Korusu hemen yan\u0131m\u0131zda, Hababam S\u0131n\u0131f\u0131 burada \u00e7ekilmi\u015f, gidip okulu g\u00f6rd\u00fcm, oturdum oturduklar\u0131 merdivene, Mahmut Hoca&#8217;y\u0131 bekledim\u2026 B\u00fcy\u00fck usta R\u0131fat Ilgaz\u2026 Tar\u0131k Akan, Kemal Sunal, Halit Ak\u00e7atepe ve di\u011fer g\u00fczel \u00e7ocuklar, o g\u00fczel atlara binip giden onlard\u0131 i\u015fte\u2026 \u0130lk orada dokundum ellerine onun, kalbimi ilk orada b\u0131rakt\u0131m avu\u00e7lar\u0131na, hala avu\u00e7lar\u0131ndad\u0131r. Gelirken kalbimi de getir ne olur. Her \u015fey d\u00fczeliyor o gelince, \u0130stanbul g\u00fczelle\u015fiyor\u2026 Sevgili g\u00fcnl\u00fck, bug\u00fcn Eyl\u00fcl\u2026<\/p>\n\n\n\n<p>Elimde kelimeler<br>\u0130stanbul oluyorlar<br>durup dururken\u2026<br>Ne bir vapur oysa<br>ne bir mart\u0131,<br>ne Kad\u0131k\u00f6y \u0130skelesi\u2026<br>Gemiler ge\u00e7iyor Montr\u00f6 s\u00f6zle\u015fmesinden\u2026<br>Sevgili g\u00fcnl\u00fck, bug\u00fcn Eyl\u00fcl\u2026<\/p>\n\n\n\n<p>Eyl\u00fcl 2023, Manavgat<br>Murat Efe \u00c7elik<\/p>\n\n\n\n<p>Bir Azeri t\u00fcrk\u00fcs\u00fc, seni bana anlatan, ne g\u00fczeldir Azerice, bize baz\u0131 s\u00f6zc\u00fckleri komik gelsede. T\u00fcrk\u00fcler, hangi dilde s\u00f6ylenirse s\u00f6ylensin, T\u00fcrk\u00e7e, K\u00fcrt\u00e7e, \u0130ngilizce, Azerice\u2026 Ayn\u0131 a\u011f\u0131t\u0131, ayn\u0131 topra\u011fa d\u00f6ker\u2026<\/p>\n\n\n\n<p>elimde kelimler<br>\u00e7o\u011funlu\u011fu T\u00fcrk\u00e7e<br>eski, yeni, ikinci yeni<br>Osmanl\u0131ca, \u0130ngilizce<br>Ahmet Ha\u015fim&#8217;den<br>\u0130lhan Berk&#8217;e<br>Yahya Kemal&#8217;den,<br>Turgut Uyar&#8217;a<br>Gemli\u011fe do\u011fru<br>Orhan Veli&#8217;yi g\u00f6receksin<br>Sak\u0131n \u015fa\u015f\u0131rma<\/p>\n\n\n\n<p>Getmek isteyirsen, behanesiz get<br>Uyartma m\u00fcrg\u00fcl\u00fc hatireleri<\/p>\n\n\n\n<p>elimde kelimeler<br>\u00dcmraniye oluyorlar<br>ba\u015fka hi\u00e7bir \u015fiirde<br>ge\u00e7mezsin \u00dcmraniye&#8217;den<br>Sahray\u0131cedit oluyorlar inad\u0131na<br>hi\u00e7bir zaman bir Taksim olmayacak<br>ama hep sanki bir Taksimmi\u015f<br>hissiyat\u0131yla gezip dola\u015f\u0131p<br>Ba\u011fdat Caddesi oluyorlar\u2026<\/p>\n\n\n\n<p>Sen deniz goynuna at\u0131lm\u0131\u015f \u00e7i\u00e7ek<br>\u00fcst\u00fcne dalgalar at\u0131lacakd\u0131r<br>elimde kelimeler<br>Hakkari&#8217;den<br>Los Angeles&#8217;a ta\u015f\u0131nan<br>netameli bir Aral\u0131k ak\u015fam\u0131<br>yine seveceksin Y\u0131lmaz Abi, mecbur<br>ba\u015flayacak yine ya\u011fmur\u2026<\/p>\n\n\n\n<p>Sahta mehebbetin sahta sened tek<br>Ne vak\u0131tsa \u00fcst\u00fcnde tutulacakd\u0131r<\/p>\n\n\n\n<p>elimde kelimeler<br>\u00e7o\u011funlu\u011fu Azerice<br>bu gece<br>&#8221;T\u00fcrk\u00fcleri anlar\u0131m<br>hangi dilde s\u00f6ylenirse&#8221;<br>\u00e7o\u011funlu\u011fu T\u00fcrk\u00fcce<br>bu gece\u2026<\/p>\n\n\n\n<p>Getmek isteyirsen, o yol, o da sen,<br>bir \u00e7ut g\u00f6z bakacaq arhanca senin\u2026<\/p>\n\n\n\n<p>muhte\u015fem heybetiyle<br>g\u00f6r\u00fcr g\u00f6rmez<br>insan\u0131n akl\u0131n\u0131 ba\u015f\u0131ndan alan<br>Ata\u015fehir Mimar Sinan Camii<br>\u0130slam Medeniyetinde mimarinin<br>yerden ar\u015fa y\u00fckseli\u015fi<\/p>\n\n\n\n<p>ba\u015f \u00f6rt\u00fcs\u00fcn\u00fc savurup atm\u0131\u015f \u00dcsk\u00fcdar<br>Hat\u0131ralar,<br>hat\u0131ralar\u2026<\/p>\n\n\n\n<p>elimde kelimeler<br>babadan o\u011fula devlet<br>y\u00fcksek hisseli \u015firket hissiyat\u0131<br>demokrasi de\u011fil<br>s\u00fcr\u00fc psikolojisi<br>asla kaybetmezsin<br>rakibin yoksa<br>asla kazanamazs\u0131n\u2026<\/p>\n","protected":false},"excerpt":{"rendered":"<p>Sevgili g\u00fcnl\u00fck bug\u00fcn Eyl\u00fcl, d\u00fcnde Eyl\u00fcld\u00fc, yar\u0131nda Eyl\u00fcl olacak\u2026 Ben onu d\u00fc\u015f\u00fcn\u00fcyorum\u2026 Ne sendromlu Pazartesi, ne hi\u00e7 sevmedi\u011fim \u00c7ar\u015famba, ne o muhte\u015fem Pazar\u2026 G\u00fcn yok, <a href=\"https:\/\/akdenizhaber.com.tr\/index.php\/2024\/05\/20\/elimde-kelimeler\/\" class=\"read-more-link\">[more&#8230;]<\/a><\/p>\n","protected":false},"author":2,"featured_media":24091,"comment_status":"open","ping_status":"open","sticky":false,"template":"","format":"standard","meta":{"footnotes":""},"categories":[2],"tags":[],"class_list":["post-24090","post","type-post","status-publish","format-standard","has-post-thumbnail","hentry","category-gundem"],"_links":{"self":[{"href":"https:\/\/akdenizhaber.com.tr\/index.php\/wp-json\/wp\/v2\/posts\/24090","targetHints":{"allow":["GET"]}}],"collection":[{"href":"https:\/\/akdenizhaber.com.tr\/index.php\/wp-json\/wp\/v2\/posts"}],"about":[{"href":"https:\/\/akdenizhaber.com.tr\/index.php\/wp-json\/wp\/v2\/types\/post"}],"author":[{"embeddable":true,"href":"https:\/\/akdenizhaber.com.tr\/index.php\/wp-json\/wp\/v2\/users\/2"}],"replies":[{"embeddable":true,"href":"https:\/\/akdenizhaber.com.tr\/index.php\/wp-json\/wp\/v2\/comments?post=24090"}],"version-history":[{"count":1,"href":"https:\/\/akdenizhaber.com.tr\/index.php\/wp-json\/wp\/v2\/posts\/24090\/revisions"}],"predecessor-version":[{"id":24092,"href":"https:\/\/akdenizhaber.com.tr\/index.php\/wp-json\/wp\/v2\/posts\/24090\/revisions\/24092"}],"wp:featuredmedia":[{"embeddable":true,"href":"https:\/\/akdenizhaber.com.tr\/index.php\/wp-json\/wp\/v2\/media\/24091"}],"wp:attachment":[{"href":"https:\/\/akdenizhaber.com.tr\/index.php\/wp-json\/wp\/v2\/media?parent=24090"}],"wp:term":[{"taxonomy":"category","embeddable":true,"href":"https:\/\/akdenizhaber.com.tr\/index.php\/wp-json\/wp\/v2\/categories?post=24090"},{"taxonomy":"post_tag","embeddable":true,"href":"https:\/\/akdenizhaber.com.tr\/index.php\/wp-json\/wp\/v2\/tags?post=24090"}],"curies":[{"name":"wp","href":"https:\/\/api.w.org\/{rel}","templated":true}]}}