{"id":24055,"date":"2024-05-20T13:41:20","date_gmt":"2024-05-20T10:41:20","guid":{"rendered":"https:\/\/akdenizhaber.com.tr\/?p=24055"},"modified":"2024-05-20T13:41:21","modified_gmt":"2024-05-20T10:41:21","slug":"anadolunun-renkleri-konseri-buyuledi","status":"publish","type":"post","link":"https:\/\/akdenizhaber.com.tr\/index.php\/2024\/05\/20\/anadolunun-renkleri-konseri-buyuledi\/","title":{"rendered":"Anadolu\u2019nun Renkleri Konseri B\u00fcy\u00fcledi"},"content":{"rendered":"\n<p>Antalya B\u00fcy\u00fck\u015fehir Belediyesi 19 May\u0131s\u2019a \u00f6zel \u2018Anadolu\u2019nun Renkleri\u2019 konseri d\u00fczenledi. \u0130smail Baha S\u00fcrelsan Konservatuvar\u0131 T\u00fcrk Halk M\u00fczi\u011fi Gen\u00e7lik Korosu\u2019nun sahne ald\u0131\u011f\u0131 konserde haf\u0131zalara kaz\u0131nan ve unutulmayan y\u00f6resel t\u00fcrk\u00fcler seslendirildi.<\/p>\n\n\n\n<p>Antalya B\u00fcy\u00fck\u015fehir Belediyesi K\u00fclt\u00fcr ve Sosyal \u0130\u015fler Dairesi Ba\u015fkanl\u0131\u011f\u0131\u2019na ba\u011fl\u0131 \u0130smail Baha S\u00fcrelsan Konservatuvar\u0131 THM Gen\u00e7lik Korosu anlaml\u0131 bir konsere imza att\u0131. Gen\u00e7lik Korosu, 19 May\u0131s Atat\u00fcrk\u2019\u00fc Anma Gen\u00e7lik ve Spor Bayram\u0131\u2019na \u00f6zel d\u00fczenlenen \u2018Anadolu\u2019nun Renkleri\u2019 konserinde t\u00fcrk\u00fc ziyafeti verdi.<\/p>\n\n\n\n<p><a><\/a>Dilara \u015eahin \u015fefli\u011finde ger\u00e7ekle\u015ftirilen konserde, Rumeli, \u00c7ukurova, Sivas, Mardin, \u0130zmir, Erzincan, Kars, Antalya, K\u00fctahya, U\u015fak, Erzurum ve Karadeniz y\u00f6relerine ait t\u00fcrk\u00fcler seslendirildi. Anadolu\u2019nun her yerinden eserlere yer verilen konserde \u2018B\u00fclb\u00fcl\u00fcm Alt\u0131n Kafeste\u2019, \u2018Mecnun Gibi Dola\u015f\u0131r\u0131m Yolda\u2019, \u2018G\u00fczelli\u011fin On Par etmez\u2019, \u2018\u00c7ekemedim Ak\u00e7a K\u0131z\u0131n G\u00f6\u00e7\u00fcn\u00fc\u2019 gibi haf\u0131zalara kaz\u0131nan t\u00fcrk\u00fcleri dinleyen davetliler gen\u00e7leri ayakta alk\u0131\u015flad\u0131.<\/p>\n\n\n\n<p>Antalya B\u00fcy\u00fck\u015fehir Belediyesi \/ B\u00fclten<\/p>\n","protected":false},"excerpt":{"rendered":"<p>Antalya B\u00fcy\u00fck\u015fehir Belediyesi 19 May\u0131s\u2019a \u00f6zel \u2018Anadolu\u2019nun Renkleri\u2019 konseri d\u00fczenledi. \u0130smail Baha S\u00fcrelsan Konservatuvar\u0131 T\u00fcrk Halk M\u00fczi\u011fi Gen\u00e7lik Korosu\u2019nun sahne ald\u0131\u011f\u0131 konserde haf\u0131zalara kaz\u0131nan ve <a href=\"https:\/\/akdenizhaber.com.tr\/index.php\/2024\/05\/20\/anadolunun-renkleri-konseri-buyuledi\/\" class=\"read-more-link\">[more&#8230;]<\/a><\/p>\n","protected":false},"author":2,"featured_media":24056,"comment_status":"open","ping_status":"open","sticky":false,"template":"","format":"standard","meta":{"footnotes":""},"categories":[2],"tags":[],"class_list":["post-24055","post","type-post","status-publish","format-standard","has-post-thumbnail","hentry","category-gundem"],"_links":{"self":[{"href":"https:\/\/akdenizhaber.com.tr\/index.php\/wp-json\/wp\/v2\/posts\/24055","targetHints":{"allow":["GET"]}}],"collection":[{"href":"https:\/\/akdenizhaber.com.tr\/index.php\/wp-json\/wp\/v2\/posts"}],"about":[{"href":"https:\/\/akdenizhaber.com.tr\/index.php\/wp-json\/wp\/v2\/types\/post"}],"author":[{"embeddable":true,"href":"https:\/\/akdenizhaber.com.tr\/index.php\/wp-json\/wp\/v2\/users\/2"}],"replies":[{"embeddable":true,"href":"https:\/\/akdenizhaber.com.tr\/index.php\/wp-json\/wp\/v2\/comments?post=24055"}],"version-history":[{"count":1,"href":"https:\/\/akdenizhaber.com.tr\/index.php\/wp-json\/wp\/v2\/posts\/24055\/revisions"}],"predecessor-version":[{"id":24057,"href":"https:\/\/akdenizhaber.com.tr\/index.php\/wp-json\/wp\/v2\/posts\/24055\/revisions\/24057"}],"wp:featuredmedia":[{"embeddable":true,"href":"https:\/\/akdenizhaber.com.tr\/index.php\/wp-json\/wp\/v2\/media\/24056"}],"wp:attachment":[{"href":"https:\/\/akdenizhaber.com.tr\/index.php\/wp-json\/wp\/v2\/media?parent=24055"}],"wp:term":[{"taxonomy":"category","embeddable":true,"href":"https:\/\/akdenizhaber.com.tr\/index.php\/wp-json\/wp\/v2\/categories?post=24055"},{"taxonomy":"post_tag","embeddable":true,"href":"https:\/\/akdenizhaber.com.tr\/index.php\/wp-json\/wp\/v2\/tags?post=24055"}],"curies":[{"name":"wp","href":"https:\/\/api.w.org\/{rel}","templated":true}]}}