{"id":24008,"date":"2024-05-18T12:46:04","date_gmt":"2024-05-18T09:46:04","guid":{"rendered":"https:\/\/akdenizhaber.com.tr\/?p=24008"},"modified":"2024-05-18T12:46:05","modified_gmt":"2024-05-18T09:46:05","slug":"ayanoglu-ve-demirele-kaldirim-hizmeti","status":"publish","type":"post","link":"https:\/\/akdenizhaber.com.tr\/index.php\/2024\/05\/18\/ayanoglu-ve-demirele-kaldirim-hizmeti\/","title":{"rendered":"Ayano\u011flu ve Demirel\u2019e kald\u0131r\u0131m hizmeti"},"content":{"rendered":"\n<p>Kepez Belediyesi, Ayano\u011flu ve Demirel mahallelerinde ba\u015flatt\u0131\u011f\u0131 kald\u0131r\u0131m \u00e7al\u0131\u015fmas\u0131yla \u015fehir sakinlerini rahat ve g\u00fcvenli yaya yollar\u0131yla bulu\u015fturuyor.<\/p>\n\n\n\n<p>Kepez Belediyesi, \u00fcstyap\u0131 \u00e7al\u0131\u015fmalar\u0131yla mahallelere modern bir \u015fehir kimli\u011fi kazand\u0131rmaya devam ediyor.<br>Kepez Belediye Ba\u015fkan\u0131 Mesut Kocag\u00f6z\u2019\u00fcn yat\u0131r\u0131m planlamas\u0131 \u00e7er\u00e7evesinde mahallelerin fen i\u015fleriyle ilgili hizmet talepleri h\u0131zl\u0131 bir \u015fekilde kar\u015f\u0131lan\u0131yor.&nbsp; Mevcut yollar\u0131n bak\u0131m onar\u0131m\u0131n\u0131 s\u00fcrd\u00fcren Kepez Belediyesi Fen \u0130\u015fleri M\u00fcd\u00fcrl\u00fc\u011f\u00fc, yap\u0131m ve asfalt \u00e7al\u0131\u015fmas\u0131 tamamlanan yollar\u0131n kald\u0131r\u0131m\u0131n d\u00fczenlemesini de program d\u00e2hilinde ger\u00e7ekle\u015ftiriyor.<\/p>\n\n\n\n<p>\u0130L\u00c7E SAK\u0130NLER\u0130NE RAHAT VE G\u00dcVENL\u0130 YAYA YOLU<\/p>\n\n\n\n<p>Bu y\u0131l\u0131n yat\u0131r\u0131m planlamas\u0131 kapsam\u0131nda Ayano\u011flu ile Demirel mahallelerinin asfalt ve altyap\u0131 \u00e7al\u0131\u015fmalar\u0131 tamamlanan sokak ve caddelerinde kald\u0131r\u0131m d\u00fczenlemesi yap\u0131l\u0131yor. Ayano\u011flu Mahallesi 1811,1804, 1802 sokaklarda, Demirel Mahallesi Hz Ebukekir Caddesi\u2019nde ve 2008 Sokak\u2019ta rahat ve g\u00fcvenli yaya yollar\u0131 olu\u015fturuluyor.<br>Yaya yollar\u0131, 8 bin metre (m) bord\u00fcr ve 12 bin metrekare (m2) kilit ta\u015f\u0131 \u00e7al\u0131\u015fmas\u0131yla konforlu hale getiriliyor. Kald\u0131r\u0131m d\u00fczenlemesiyle hem b\u00f6lgenin planl\u0131 \u015fekilde geli\u015fmesinin hem de ya\u011fmur suyunun d\u00fczenli olarak tahliye edilmesinin de \u00f6n\u00fc a\u00e7\u0131l\u0131yor.<\/p>\n\n\n\n<p>\u201cH\u0130ZMETLER ARTARAK S\u00dcRECEK\u201d<\/p>\n\n\n\n<p>Fen \u0130\u015fleri M\u00fcd\u00fcrl\u00fc\u011f\u00fc yetkilileri, iki mahallede devam eden kald\u0131r\u0131m \u00e7al\u0131\u015fmas\u0131n\u0131n \u00f6n\u00fcm\u00fczdeki g\u00fcnlerde tamamlanaca\u011f\u0131n\u0131 ifade ettiler.&nbsp;<br>Kepez Belediye Ba\u015fkan Vekili Refik Emre Altekin de, \u015fehir sakinlerine kaliteli kamusal ya\u015fam alanlar\u0131 olu\u015fturmak ve il\u00e7eye estetik bir \u015fehir kimli\u011fi kazand\u0131rmak i\u00e7in altyap\u0131 ve \u00fcstyap\u0131 \u00e7al\u0131\u015fmalar\u0131n\u0131n artarak devam edece\u011fini a\u00e7\u0131klad\u0131.<\/p>\n\n\n\n<p>Kepez Belediyesi \/ B\u00fclten<\/p>\n","protected":false},"excerpt":{"rendered":"<p>Kepez Belediyesi, Ayano\u011flu ve Demirel mahallelerinde ba\u015flatt\u0131\u011f\u0131 kald\u0131r\u0131m \u00e7al\u0131\u015fmas\u0131yla \u015fehir sakinlerini rahat ve g\u00fcvenli yaya yollar\u0131yla bulu\u015fturuyor. Kepez Belediyesi, \u00fcstyap\u0131 \u00e7al\u0131\u015fmalar\u0131yla mahallelere modern bir \u015fehir <a href=\"https:\/\/akdenizhaber.com.tr\/index.php\/2024\/05\/18\/ayanoglu-ve-demirele-kaldirim-hizmeti\/\" class=\"read-more-link\">[more&#8230;]<\/a><\/p>\n","protected":false},"author":2,"featured_media":24009,"comment_status":"open","ping_status":"open","sticky":false,"template":"","format":"standard","meta":{"footnotes":""},"categories":[2],"tags":[],"class_list":["post-24008","post","type-post","status-publish","format-standard","has-post-thumbnail","hentry","category-gundem"],"_links":{"self":[{"href":"https:\/\/akdenizhaber.com.tr\/index.php\/wp-json\/wp\/v2\/posts\/24008","targetHints":{"allow":["GET"]}}],"collection":[{"href":"https:\/\/akdenizhaber.com.tr\/index.php\/wp-json\/wp\/v2\/posts"}],"about":[{"href":"https:\/\/akdenizhaber.com.tr\/index.php\/wp-json\/wp\/v2\/types\/post"}],"author":[{"embeddable":true,"href":"https:\/\/akdenizhaber.com.tr\/index.php\/wp-json\/wp\/v2\/users\/2"}],"replies":[{"embeddable":true,"href":"https:\/\/akdenizhaber.com.tr\/index.php\/wp-json\/wp\/v2\/comments?post=24008"}],"version-history":[{"count":1,"href":"https:\/\/akdenizhaber.com.tr\/index.php\/wp-json\/wp\/v2\/posts\/24008\/revisions"}],"predecessor-version":[{"id":24010,"href":"https:\/\/akdenizhaber.com.tr\/index.php\/wp-json\/wp\/v2\/posts\/24008\/revisions\/24010"}],"wp:featuredmedia":[{"embeddable":true,"href":"https:\/\/akdenizhaber.com.tr\/index.php\/wp-json\/wp\/v2\/media\/24009"}],"wp:attachment":[{"href":"https:\/\/akdenizhaber.com.tr\/index.php\/wp-json\/wp\/v2\/media?parent=24008"}],"wp:term":[{"taxonomy":"category","embeddable":true,"href":"https:\/\/akdenizhaber.com.tr\/index.php\/wp-json\/wp\/v2\/categories?post=24008"},{"taxonomy":"post_tag","embeddable":true,"href":"https:\/\/akdenizhaber.com.tr\/index.php\/wp-json\/wp\/v2\/tags?post=24008"}],"curies":[{"name":"wp","href":"https:\/\/api.w.org\/{rel}","templated":true}]}}