{"id":23992,"date":"2024-05-17T13:39:33","date_gmt":"2024-05-17T10:39:33","guid":{"rendered":"https:\/\/akdenizhaber.com.tr\/?p=23992"},"modified":"2024-05-17T13:39:33","modified_gmt":"2024-05-17T10:39:33","slug":"ozel-ogrencilerden-ve-fen-lisesi-ogrencilerinden-anlamli-bagis","status":"publish","type":"post","link":"https:\/\/akdenizhaber.com.tr\/index.php\/2024\/05\/17\/ozel-ogrencilerden-ve-fen-lisesi-ogrencilerinden-anlamli-bagis\/","title":{"rendered":"\u00d6zel \u00d6\u011frencilerden ve Fen Lisesi \u00d6\u011frencilerinden Anlaml\u0131 Ba\u011f\u0131\u015f"},"content":{"rendered":"\n<p>\u2018\u2019 Ay Y\u0131ld\u0131z\u0131n G\u00f6lgesinde El Birli\u011fiyle G\u00fc\u00e7 Birli\u011fine \u2019\u2019 Projesi kapsam\u0131nda \u00d6zel \u00e7ocuklar pazarda meyve sebze tezgahlar\u0131n\u0131n ba\u015f\u0131na ge\u00e7ti. Yap\u0131lan sat\u0131\u015flar\u0131n gelirini T\u00fcrk Silahl\u0131 Kuvvetlerini G\u00fc\u00e7lendirme Vakf\u0131\u2019na ba\u011f\u0131\u015flad\u0131lar.<\/p>\n\n\n\n<p>Manavgat Kaymakaml\u0131\u011f\u0131 ve Manavgat \u0130l\u00e7e Milli E\u011fitim M\u00fcd\u00fcrl\u00fc\u011f\u00fc himayelerinde, Gevher Nesibe \u00d6zel E\u011fitim Uygulama Okulu M\u00fcd\u00fcr Yard\u0131mc\u0131s\u0131 Y\u00fccel ASLAN\u2019\u0131n y\u00fcr\u00fct\u00fcc\u00fcl\u00fc\u011f\u00fcnde uygulanan \u2018\u2019 Ay Y\u0131ld\u0131z\u0131n G\u00f6lgesinde El Birli\u011fiyle G\u00fc\u00e7 Birli\u011fine \u2019\u2019 Sosyal Sorumluluk Projesi kapsam\u0131nda proje payda\u015flar\u0131 Gevher Nesibe \u00d6zel E\u011fitim Uygulama Okulu ve Nam\u0131k Karamanc\u0131 Fen Lisesi \u00f6\u011frencileri, milli savunma sanayii&nbsp; hamlesine ve T\u00fcrk Silahl\u0131 Kuvvetlerini G\u00fc\u00e7lendirme Vakf\u0131na y\u00f6nelik fark\u0131ndal\u0131\u011f\u0131n olu\u015fturulmas\u0131, \u00f6zel gereksinimli \u00f6\u011frencilerin \u00f6zg\u00fcven becerileri ile ya\u015fad\u0131\u011f\u0131 topluma aidiyet duygusunun geli\u015ftirilmesi ama\u00e7lar\u0131 do\u011frultusunda Per\u015fembe Pazar\u0131\u2019nda sebze ve meyve sat\u0131\u015f\u0131 yapt\u0131lar. Sabah 09.00\u2019da ba\u015flayan sat\u0131\u015f, saat 16.00\u2019da t\u00fcm sebze ve meyvelerin sat\u0131\u015f\u0131n\u0131n tamamlanmas\u0131yla sona erdi. Bu sat\u0131\u015fta elde edilen geliri g\u00f6n\u00fcll\u00fcl\u00fck esas\u0131na ba\u011fl\u0131 olarak T\u00fcrk Silahl\u0131 Kuvvetlerini G\u00fc\u00e7lendirme Vakf\u0131\u2019na ba\u011f\u0131\u015flad\u0131lar.<\/p>\n\n\n\n<p>Ayr\u0131ca proje kapsam\u0131nda Nam\u0131k Karamanc\u0131 Fen Lisesi Konferans Salonunda T\u00fcrk Silahl\u0131 Kuvvetlerini G\u00fc\u00e7lendirme Vakf\u0131 Ba\u011f\u0131\u015f ve Halkla \u0130li\u015fkiler Direkt\u00f6r\u00fc Emekli Tank\u00e7\u0131 Albay Say\u0131n Murat D\u0130R\u0130CAN, \u00f6\u011frencilere ve kat\u0131lan konuklara y\u00f6nelik \u2018\u2019T\u00fcrkiye\u2019nin Savunma Sanayiinde T\u00fcrk Silahl\u0131 Kuvvetlerini G\u00fc\u00e7lendirme Vakf\u0131n\u0131n Rol\u00fc\u2019\u2019 konulu bir konferans verdi. Konferans sonunda Gevher Nesibe \u00d6zel E\u011fitim Uygulama Okulu M\u00fcd\u00fcr\u00fc Say\u0131n \u015eerafettin \u00c7ET\u0130N\u2019e,&nbsp; Nam\u0131k Karamanc\u0131 Fen Lisesi M\u00fcd\u00fcr\u00fc Say\u0131n Hasan K\u00d6K\u00c7\u00dc\u2019ye ve Proje Y\u00fcr\u00fct\u00fcc\u00fcs\u00fc Say\u0131n Y\u00fccel ASLAN\u2019a te\u015fekk\u00fcr belgeleri takdim edildi.<\/p>\n\n\n\n<p>B\u00fc\u015fra Deveci \/ Haber<\/p>\n","protected":false},"excerpt":{"rendered":"<p>\u2018\u2019 Ay Y\u0131ld\u0131z\u0131n G\u00f6lgesinde El Birli\u011fiyle G\u00fc\u00e7 Birli\u011fine \u2019\u2019 Projesi kapsam\u0131nda \u00d6zel \u00e7ocuklar pazarda meyve sebze tezgahlar\u0131n\u0131n ba\u015f\u0131na ge\u00e7ti. Yap\u0131lan sat\u0131\u015flar\u0131n gelirini T\u00fcrk Silahl\u0131 Kuvvetlerini <a href=\"https:\/\/akdenizhaber.com.tr\/index.php\/2024\/05\/17\/ozel-ogrencilerden-ve-fen-lisesi-ogrencilerinden-anlamli-bagis\/\" class=\"read-more-link\">[more&#8230;]<\/a><\/p>\n","protected":false},"author":2,"featured_media":23993,"comment_status":"open","ping_status":"open","sticky":false,"template":"","format":"standard","meta":{"footnotes":""},"categories":[2],"tags":[],"class_list":["post-23992","post","type-post","status-publish","format-standard","has-post-thumbnail","hentry","category-gundem"],"_links":{"self":[{"href":"https:\/\/akdenizhaber.com.tr\/index.php\/wp-json\/wp\/v2\/posts\/23992","targetHints":{"allow":["GET"]}}],"collection":[{"href":"https:\/\/akdenizhaber.com.tr\/index.php\/wp-json\/wp\/v2\/posts"}],"about":[{"href":"https:\/\/akdenizhaber.com.tr\/index.php\/wp-json\/wp\/v2\/types\/post"}],"author":[{"embeddable":true,"href":"https:\/\/akdenizhaber.com.tr\/index.php\/wp-json\/wp\/v2\/users\/2"}],"replies":[{"embeddable":true,"href":"https:\/\/akdenizhaber.com.tr\/index.php\/wp-json\/wp\/v2\/comments?post=23992"}],"version-history":[{"count":1,"href":"https:\/\/akdenizhaber.com.tr\/index.php\/wp-json\/wp\/v2\/posts\/23992\/revisions"}],"predecessor-version":[{"id":23994,"href":"https:\/\/akdenizhaber.com.tr\/index.php\/wp-json\/wp\/v2\/posts\/23992\/revisions\/23994"}],"wp:featuredmedia":[{"embeddable":true,"href":"https:\/\/akdenizhaber.com.tr\/index.php\/wp-json\/wp\/v2\/media\/23993"}],"wp:attachment":[{"href":"https:\/\/akdenizhaber.com.tr\/index.php\/wp-json\/wp\/v2\/media?parent=23992"}],"wp:term":[{"taxonomy":"category","embeddable":true,"href":"https:\/\/akdenizhaber.com.tr\/index.php\/wp-json\/wp\/v2\/categories?post=23992"},{"taxonomy":"post_tag","embeddable":true,"href":"https:\/\/akdenizhaber.com.tr\/index.php\/wp-json\/wp\/v2\/tags?post=23992"}],"curies":[{"name":"wp","href":"https:\/\/api.w.org\/{rel}","templated":true}]}}