{"id":23978,"date":"2024-05-17T13:35:54","date_gmt":"2024-05-17T10:35:54","guid":{"rendered":"https:\/\/akdenizhaber.com.tr\/?p=23978"},"modified":"2024-05-17T13:35:56","modified_gmt":"2024-05-17T10:35:56","slug":"genclik-orkestrasi-ve-korosu-ayakta-alkislandi","status":"publish","type":"post","link":"https:\/\/akdenizhaber.com.tr\/index.php\/2024\/05\/17\/genclik-orkestrasi-ve-korosu-ayakta-alkislandi\/","title":{"rendered":"Gen\u00e7lik Orkestras\u0131 ve Korosu ayakta alk\u0131\u015fland\u0131"},"content":{"rendered":"\n<p>Antalya B\u00fcy\u00fck\u015fehir Belediyesi \u0130smail Baha S\u00fcrelsan Konservatuvar\u0131, Gen\u00e7lik Orkestras\u0131 ve \u00c7oksesli Gen\u00e7lik Korosu 19 May\u0131s\u2019a\u00f6zel ve anlaml\u0131 bir konser verdi.<\/p>\n\n\n\n<p>Mustafa Kemal Atat\u00fcrk\u2019\u00fcn Samsun\u2019a \u00e7\u0131karak kurtulu\u015f m\u00fccadelesini ba\u015flatt\u0131\u011f\u0131 19 May\u0131s 1919&#8217;un 105. y\u0131l\u0131n\u0131 anma etkinlikleri kapsam\u0131nda, Antalya B\u00fcy\u00fck\u015fehir Belediyesi taraf\u0131ndan, d\u00fczenlenen etkinlikler devam ediyor. Antalya B\u00fcy\u00fck\u015fehir Belediyesi \u0130smail Baha S\u00fcrelsan Konservatuvar\u0131 Gen\u00e7lik Orkestras\u0131 ve \u00c7oksesli Gen\u00e7lik Korosu taraf\u0131ndan AKM Aspendos Salonu\u2019nda, 19 May\u0131s \u00d6zel Konseri d\u00fczenlendi.<\/p>\n\n\n\n<p>\u0130ZM\u0130R MAR\u015eI\u2019YLA SONA ERD\u0130<\/p>\n\n\n\n<p>Konserin a\u00e7\u0131l\u0131\u015f\u0131nda, Gen\u00e7lik Orkestras\u0131 ve \u00c7oksesli Gen\u00e7lik Korosu taraf\u0131ndan s\u00f6ylenen \u0130stiklal Mar\u015f\u0131, seyircilerden b\u00fcy\u00fck takdir toplad\u0131. Orkestra \u015fefli\u011fini Sonay Yener\u2019in yapt\u0131\u011f\u0131 \u0130smail Baha S\u00fcrelsan Konservatuvar\u0131 Gen\u00e7lik Orkestras\u0131 taraf\u0131ndan, T\u00fcrkiye Cumhuriyeti\u2019nin yeti\u015ftirdi\u011fi M\u00fcnir Ceyhan, Ziya Ayd\u0131nlatan, Cevat Memduh Altar gibi \u00f6nemli bestekarlar\u0131n eserleri seslendirildi.<\/p>\n\n\n\n<p>GEN\u00c7L\u0130K VE \u0130ZM\u0130R MAR\u015eI AYAKTA ALKI\u015eLANDI<\/p>\n\n\n\n<p>Gen\u00e7lik Bayram\u0131\u2019na \u00f6zel s\u00f6ylenen Gen\u00e7lik Mar\u015f\u0131\u2019ysa, salonda en \u00e7ok alk\u0131\u015f alan eserlerden oldu. \u015eefli\u011fini Nazl\u0131 \u00dcnl\u00fcsoy Ayba\u015f\u2019\u0131n yapt\u0131\u011f\u0131 \u00c7oksesli \u00c7ocuk Korosu ise Matti Hy\u00f6kki, Orlando Di Lasso, Goran Bregovic gibi sanat\u00e7\u0131lar\u0131n eserlerini seslendirdi. Konser, co\u015fkulu bir \u015fekilde s\u00f6ylenen \u0130zmir Mar\u015f\u0131\u2019yla sona erdi.<\/p>\n\n\n\n<p>Antalya B\u00fcy\u00fck\u015fehir Belediyesi \/ B\u00fclten<\/p>\n","protected":false},"excerpt":{"rendered":"<p>Antalya B\u00fcy\u00fck\u015fehir Belediyesi \u0130smail Baha S\u00fcrelsan Konservatuvar\u0131, Gen\u00e7lik Orkestras\u0131 ve \u00c7oksesli Gen\u00e7lik Korosu 19 May\u0131s\u2019a\u00f6zel ve anlaml\u0131 bir konser verdi. Mustafa Kemal Atat\u00fcrk\u2019\u00fcn Samsun\u2019a \u00e7\u0131karak <a href=\"https:\/\/akdenizhaber.com.tr\/index.php\/2024\/05\/17\/genclik-orkestrasi-ve-korosu-ayakta-alkislandi\/\" class=\"read-more-link\">[more&#8230;]<\/a><\/p>\n","protected":false},"author":2,"featured_media":23979,"comment_status":"open","ping_status":"open","sticky":false,"template":"","format":"standard","meta":{"footnotes":""},"categories":[2],"tags":[],"class_list":["post-23978","post","type-post","status-publish","format-standard","has-post-thumbnail","hentry","category-gundem"],"_links":{"self":[{"href":"https:\/\/akdenizhaber.com.tr\/index.php\/wp-json\/wp\/v2\/posts\/23978","targetHints":{"allow":["GET"]}}],"collection":[{"href":"https:\/\/akdenizhaber.com.tr\/index.php\/wp-json\/wp\/v2\/posts"}],"about":[{"href":"https:\/\/akdenizhaber.com.tr\/index.php\/wp-json\/wp\/v2\/types\/post"}],"author":[{"embeddable":true,"href":"https:\/\/akdenizhaber.com.tr\/index.php\/wp-json\/wp\/v2\/users\/2"}],"replies":[{"embeddable":true,"href":"https:\/\/akdenizhaber.com.tr\/index.php\/wp-json\/wp\/v2\/comments?post=23978"}],"version-history":[{"count":1,"href":"https:\/\/akdenizhaber.com.tr\/index.php\/wp-json\/wp\/v2\/posts\/23978\/revisions"}],"predecessor-version":[{"id":23980,"href":"https:\/\/akdenizhaber.com.tr\/index.php\/wp-json\/wp\/v2\/posts\/23978\/revisions\/23980"}],"wp:featuredmedia":[{"embeddable":true,"href":"https:\/\/akdenizhaber.com.tr\/index.php\/wp-json\/wp\/v2\/media\/23979"}],"wp:attachment":[{"href":"https:\/\/akdenizhaber.com.tr\/index.php\/wp-json\/wp\/v2\/media?parent=23978"}],"wp:term":[{"taxonomy":"category","embeddable":true,"href":"https:\/\/akdenizhaber.com.tr\/index.php\/wp-json\/wp\/v2\/categories?post=23978"},{"taxonomy":"post_tag","embeddable":true,"href":"https:\/\/akdenizhaber.com.tr\/index.php\/wp-json\/wp\/v2\/tags?post=23978"}],"curies":[{"name":"wp","href":"https:\/\/api.w.org\/{rel}","templated":true}]}}