{"id":23946,"date":"2024-05-17T13:00:01","date_gmt":"2024-05-17T10:00:01","guid":{"rendered":"https:\/\/akdenizhaber.com.tr\/?p=23946"},"modified":"2024-05-17T13:00:02","modified_gmt":"2024-05-17T10:00:02","slug":"sevgiler-ureten-atolyeden-anlamli-sergi","status":"publish","type":"post","link":"https:\/\/akdenizhaber.com.tr\/index.php\/2024\/05\/17\/sevgiler-ureten-atolyeden-anlamli-sergi\/","title":{"rendered":"Sevgiler \u00fcreten at\u00f6lyeden anlaml\u0131 sergi"},"content":{"rendered":"\n<p>Antalya Down Sendromlular ve Engelliler Derne\u011fi, \u00f6zel bireylerin el becerilerini geli\u015ftirdi\u011fi Sevgi At\u00f6lyesi\u2019nde \u00f6zel bir sergiye imza att\u0131. \u2018\u00d6zel \u00c7ocuklar El Eme\u011fi Sergisi\u2019 nde birbirinden k\u0131ymetli el eme\u011fi g\u00f6z nuru 700 \u00fcr\u00fcn sergilendi. \u00dcr\u00fcnlerin sat\u0131\u015f\u0131ndan elde edilecek gelir eme\u011fin sahibi \u00f6zel \u00e7ocuklar ve annelerine verilecek.<\/p>\n\n\n\n<p>Kepez Belediyesi\u2019nin destekleriyle Antalya Down Sendromlular ve Engelliler Derne\u011fi taraf\u0131ndan kurulan Sevgi At\u00f6lyesi, sevgiler \u00fcretmeye devam ediyor. &nbsp;\u00d6zel bireylerin el sanatlar\u0131n\u0131 \u00f6\u011frenerek, el ve i\u015f becerilerini geli\u015ftirdi\u011fi, aile ekonomilerine katk\u0131 sa\u011flad\u0131\u011f\u0131 ve sosyalle\u015fme imkan\u0131 buldu\u011fu Sevgi At\u00f6lyesi\u2019nde, emek emek \u00fcretilen \u00fcr\u00fcnler sergilendi. \u00d6zel \u00c7ocuklar El Eme\u011fi Sergisi, Kepez Belediyesi Ba\u015fkan Yard\u0131mc\u0131s\u0131 Evrim Yal\u00e7\u0131n, Down Sendromlular ve Engelliler Derne\u011fi Ba\u015fkan\u0131 G\u00fclcan Ay, \u0130l\u00e7e Milli E\u011fitim M\u00fcd\u00fcrl\u00fc\u011f\u00fc, \u00c7aml\u0131bel Halk E\u011fitim Merkezi yetkilileri, \u00f6zel \u00e7ocuklar ve ailelerinin kat\u0131l\u0131mlar\u0131yla a\u00e7\u0131ld\u0131. Serginin ilk a\u00e7\u0131l\u0131\u015f konu\u015fmas\u0131n\u0131 Sevgi At\u00f6lyesinin \u00d6\u011fretmeni Kamile Ku\u015fdemir ger\u00e7ekle\u015ftirdi. Ku\u015fdemir, Sevgi At\u00f6lyesinde sadece \u00f6zel \u00e7ocuklar\u0131n de\u011fil, \u00f6zel annelerin de mesleki e\u011fitimler ald\u0131\u011f\u0131n\u0131 belirterek, her nokta da kendilerine destek sa\u011flayan Kepez Belediyesi\u2019ne te\u015fekk\u00fcr etti. &nbsp;<\/p>\n\n\n\n<p>E\u011e\u0130T\u0130MLERLE \u00dcRETEB\u0130L\u0130R YA\u015eAMA KATILIM<\/p>\n\n\n\n<p>Down Sendromlular ve Engelliler Derne\u011fi Ba\u015fkan\u0131 G\u00fclcan Ay da, derne\u011fin 2013\u2019de, Sevgi At\u00f6lyesi\u2019nin de engelli bireylerin becerilerini geli\u015ftirmek ve aile b\u00fct\u00e7elerine katk\u0131 sa\u011flamak amac\u0131yla 2019\u2019da kuruldu\u011funu hat\u0131rlatt\u0131. Sevgi At\u00f6lyesi ile engelli bireyler ve \u00f6zel annelerin e\u011fitimlerle \u00fcretken ve \u00fcretebilir ya\u015fama kat\u0131l\u0131mlar\u0131n\u0131n sa\u011fland\u0131\u011f\u0131n\u0131 vurgulayan Dernek Ba\u015fkan\u0131 Ay, \u00e7al\u0131\u015fmalar\u0131na destek veren Kepez Belediyesi, Halk E\u011fitim M\u00fcd\u00fcrl\u00fc\u011f\u00fc, \u0130l Milli E\u011fitim M\u00fcd\u00fcrl\u00fc\u011f\u00fc, STK ve t\u00fcm kamu kurumlar\u0131na te\u015fekk\u00fcr etti. Down Sendromlular ve Engelliler Derne\u011fi\u2019nin farkl\u0131 projelerle s\u00fcrd\u00fcr\u00fclebilir ekonomiye katk\u0131 sa\u011flamaya y\u00f6nelik \u00e7al\u0131\u015fmalar ger\u00e7ekle\u015ftirdiklerini de belirterek, yine Kepez Belediyesinin destekleriyle kolonya \u00fcretim tesisi kurarak, Antalya\u2019da bir ilki ger\u00e7ekle\u015ftirme yolunda ad\u0131mlar att\u0131klar\u0131n\u0131 da s\u00f6zlerine ekledi. &nbsp;<\/p>\n\n\n\n<p>BA\u015eKAN KOCAG\u00d6Z\u2019\u00dcN SELAMLARINI \u0130LETT\u0130<\/p>\n\n\n\n<p>Kepez Belediyesi Ba\u015fkan Yard\u0131mc\u0131s\u0131 Evrim Yal\u00e7\u0131n da, sergi a\u00e7\u0131l\u0131\u015f\u0131na kat\u0131larak \u00f6zel \u00e7ocuklar ve \u00f6zel annelerin mutlulu\u011funa ortak oldu. Kepez Belediye Ba\u015fkan\u0131 Mesut Kocag\u00f6z\u2019\u00fcn selamlar\u0131n\u0131 ileterek konu\u015fmas\u0131na ba\u015flayan Ba\u015fkan Yard\u0131mc\u0131 Yal\u00e7\u0131n, \u201cBizler her zaman sizlerin yan\u0131nday\u0131z. Kap\u0131lar\u0131m\u0131z her zaman sizlere a\u00e7\u0131k. L\u00fctfen \u00e7ekinmeden taleplerinizi ve isteklerinizi her zaman bize iletin.\u201d dedi. Ba\u015fkan Yard\u0131mc\u0131s\u0131 Yal\u00e7\u0131n, a\u00e7\u0131l\u0131\u015f konu\u015fmalar\u0131n\u0131n ard\u0131ndan 700 \u00fcr\u00fcn\u00fcn sergilendi\u011fi sergiyi gezdi. Sergilenen \u00fcr\u00fcnler hakk\u0131nda Down Sendromlular ve Engelliler Derne\u011fi Ba\u015fkan\u0131 G\u00fclcan Ay\u2019dan bilgi ald\u0131. &nbsp;<\/p>\n\n\n\n<p>Sevgi At\u00f6lyesinde \u00fcretilen \u00fcr\u00fcnlerin sat\u0131\u015f\u0131ndan elde edilecek gelirler yine eme\u011fin sahibi \u00f6zel \u00e7ocuklar ve annelerine verilecek.<\/p>\n\n\n\n<p>Kepez Belediyesi \/ B\u00fclten<\/p>\n","protected":false},"excerpt":{"rendered":"<p>Antalya Down Sendromlular ve Engelliler Derne\u011fi, \u00f6zel bireylerin el becerilerini geli\u015ftirdi\u011fi Sevgi At\u00f6lyesi\u2019nde \u00f6zel bir sergiye imza att\u0131. \u2018\u00d6zel \u00c7ocuklar El Eme\u011fi Sergisi\u2019 nde birbirinden <a href=\"https:\/\/akdenizhaber.com.tr\/index.php\/2024\/05\/17\/sevgiler-ureten-atolyeden-anlamli-sergi\/\" class=\"read-more-link\">[more&#8230;]<\/a><\/p>\n","protected":false},"author":2,"featured_media":23947,"comment_status":"open","ping_status":"open","sticky":false,"template":"","format":"standard","meta":{"footnotes":""},"categories":[2],"tags":[],"class_list":["post-23946","post","type-post","status-publish","format-standard","has-post-thumbnail","hentry","category-gundem"],"_links":{"self":[{"href":"https:\/\/akdenizhaber.com.tr\/index.php\/wp-json\/wp\/v2\/posts\/23946","targetHints":{"allow":["GET"]}}],"collection":[{"href":"https:\/\/akdenizhaber.com.tr\/index.php\/wp-json\/wp\/v2\/posts"}],"about":[{"href":"https:\/\/akdenizhaber.com.tr\/index.php\/wp-json\/wp\/v2\/types\/post"}],"author":[{"embeddable":true,"href":"https:\/\/akdenizhaber.com.tr\/index.php\/wp-json\/wp\/v2\/users\/2"}],"replies":[{"embeddable":true,"href":"https:\/\/akdenizhaber.com.tr\/index.php\/wp-json\/wp\/v2\/comments?post=23946"}],"version-history":[{"count":1,"href":"https:\/\/akdenizhaber.com.tr\/index.php\/wp-json\/wp\/v2\/posts\/23946\/revisions"}],"predecessor-version":[{"id":23948,"href":"https:\/\/akdenizhaber.com.tr\/index.php\/wp-json\/wp\/v2\/posts\/23946\/revisions\/23948"}],"wp:featuredmedia":[{"embeddable":true,"href":"https:\/\/akdenizhaber.com.tr\/index.php\/wp-json\/wp\/v2\/media\/23947"}],"wp:attachment":[{"href":"https:\/\/akdenizhaber.com.tr\/index.php\/wp-json\/wp\/v2\/media?parent=23946"}],"wp:term":[{"taxonomy":"category","embeddable":true,"href":"https:\/\/akdenizhaber.com.tr\/index.php\/wp-json\/wp\/v2\/categories?post=23946"},{"taxonomy":"post_tag","embeddable":true,"href":"https:\/\/akdenizhaber.com.tr\/index.php\/wp-json\/wp\/v2\/tags?post=23946"}],"curies":[{"name":"wp","href":"https:\/\/api.w.org\/{rel}","templated":true}]}}