{"id":23938,"date":"2024-05-16T14:38:47","date_gmt":"2024-05-16T11:38:47","guid":{"rendered":"https:\/\/akdenizhaber.com.tr\/?p=23938"},"modified":"2024-05-16T14:38:48","modified_gmt":"2024-05-16T11:38:48","slug":"ozel-ogrenciler-doyasiya-eglendi","status":"publish","type":"post","link":"https:\/\/akdenizhaber.com.tr\/index.php\/2024\/05\/16\/ozel-ogrenciler-doyasiya-eglendi\/","title":{"rendered":"\u00d6zel \u00f6\u011frenciler doyas\u0131ya e\u011flendi"},"content":{"rendered":"\n<p>Her y\u0131l 10-16 May\u0131s tarihleri aras\u0131nda kutlanan Engelliler Haftas\u0131 kapsam\u0131nda \u00f6zel \u00f6\u011frencilere y\u00f6nelik festival d\u00fczenlendi.<\/p>\n\n\n\n<p>10-16 May\u0131s Engelliler Haftas\u0131 Etkinlikleri kapsam\u0131nda Manavgat Kaymakaml\u0131\u011f\u0131 ve Manavgat \u0130l\u00e7e Milli E\u011fitim M\u00fcd\u00fcrl\u00fc\u011f\u00fc Himayesinde il\u00e7emiz okullar\u0131ndan Manavgat Mesleki ve Teknik Anadolu Lisesi Koordinat\u00f6rl\u00fc\u011f\u00fcnde, Manavgat Gen\u00e7lik Spor M\u00fcd\u00fcrl\u00fc\u011f\u00fc&#8217;n\u00fcn destekleriyle il\u00e7ede bulunan t\u00fcm \u00f6zel e\u011fitim \u00f6\u011frencilerinin davetli oldu\u011fu bir festival d\u00fczenlendi.<\/p>\n\n\n\n<p>\u2018\u0130\u015fimiz \u00d6zel, G\u00fcc\u00fcm\u00fcz E\u011fitim\u2019 slogan\u0131yla yola \u00e7\u0131kan \u00f6\u011fretmenlerin \u00f6zel \u00f6\u011frenciler i\u00e7in haz\u0131rlad\u0131\u011f\u0131 11 farkl\u0131 parkurda \u00f6\u011frenciler hem e\u011flendiler hem de sosyal becerilerini sergilediler.<\/p>\n\n\n\n<p>400&#8217;\u00fcn \u00fczerinde \u00f6zel \u00f6\u011frencinin kat\u0131ld\u0131\u011f\u0131 festivalde \u00f6\u011frenciler ve veliler bu fark\u0131ndal\u0131\u011f\u0131n olu\u015fturulmas\u0131 sebebiyle ya\u015fad\u0131klar\u0131 mutlulu\u011fu payla\u015ft\u0131.<\/p>\n\n\n\n<p>B\u00fc\u015fra Deveci \/ Haber<\/p>\n","protected":false},"excerpt":{"rendered":"<p>Her y\u0131l 10-16 May\u0131s tarihleri aras\u0131nda kutlanan Engelliler Haftas\u0131 kapsam\u0131nda \u00f6zel \u00f6\u011frencilere y\u00f6nelik festival d\u00fczenlendi. 10-16 May\u0131s Engelliler Haftas\u0131 Etkinlikleri kapsam\u0131nda Manavgat Kaymakaml\u0131\u011f\u0131 ve Manavgat <a href=\"https:\/\/akdenizhaber.com.tr\/index.php\/2024\/05\/16\/ozel-ogrenciler-doyasiya-eglendi\/\" class=\"read-more-link\">[more&#8230;]<\/a><\/p>\n","protected":false},"author":2,"featured_media":23939,"comment_status":"open","ping_status":"open","sticky":false,"template":"","format":"standard","meta":{"footnotes":""},"categories":[2],"tags":[],"class_list":["post-23938","post","type-post","status-publish","format-standard","has-post-thumbnail","hentry","category-gundem"],"_links":{"self":[{"href":"https:\/\/akdenizhaber.com.tr\/index.php\/wp-json\/wp\/v2\/posts\/23938","targetHints":{"allow":["GET"]}}],"collection":[{"href":"https:\/\/akdenizhaber.com.tr\/index.php\/wp-json\/wp\/v2\/posts"}],"about":[{"href":"https:\/\/akdenizhaber.com.tr\/index.php\/wp-json\/wp\/v2\/types\/post"}],"author":[{"embeddable":true,"href":"https:\/\/akdenizhaber.com.tr\/index.php\/wp-json\/wp\/v2\/users\/2"}],"replies":[{"embeddable":true,"href":"https:\/\/akdenizhaber.com.tr\/index.php\/wp-json\/wp\/v2\/comments?post=23938"}],"version-history":[{"count":1,"href":"https:\/\/akdenizhaber.com.tr\/index.php\/wp-json\/wp\/v2\/posts\/23938\/revisions"}],"predecessor-version":[{"id":23940,"href":"https:\/\/akdenizhaber.com.tr\/index.php\/wp-json\/wp\/v2\/posts\/23938\/revisions\/23940"}],"wp:featuredmedia":[{"embeddable":true,"href":"https:\/\/akdenizhaber.com.tr\/index.php\/wp-json\/wp\/v2\/media\/23939"}],"wp:attachment":[{"href":"https:\/\/akdenizhaber.com.tr\/index.php\/wp-json\/wp\/v2\/media?parent=23938"}],"wp:term":[{"taxonomy":"category","embeddable":true,"href":"https:\/\/akdenizhaber.com.tr\/index.php\/wp-json\/wp\/v2\/categories?post=23938"},{"taxonomy":"post_tag","embeddable":true,"href":"https:\/\/akdenizhaber.com.tr\/index.php\/wp-json\/wp\/v2\/tags?post=23938"}],"curies":[{"name":"wp","href":"https:\/\/api.w.org\/{rel}","templated":true}]}}