{"id":23909,"date":"2024-05-16T13:04:33","date_gmt":"2024-05-16T10:04:33","guid":{"rendered":"https:\/\/akdenizhaber.com.tr\/?p=23909"},"modified":"2024-05-16T13:04:34","modified_gmt":"2024-05-16T10:04:34","slug":"yerel-uretici-ile-tuketici-konyaaltinda-bulustu","status":"publish","type":"post","link":"https:\/\/akdenizhaber.com.tr\/index.php\/2024\/05\/16\/yerel-uretici-ile-tuketici-konyaaltinda-bulustu\/","title":{"rendered":"Yerel \u00fcretici ile t\u00fcketici Konyaalt\u0131&#8217;nda bulu\u015ftu"},"content":{"rendered":"\n<p>Konyaalt\u0131 Belediyesi 14 May\u0131s D\u00fcnya \u00c7ift\u00e7iler G\u00fcn\u00fc nedeniyle HayatPark\u2019ta \u201c\u00dcretici Pazar\u0131\u201d kurdu. Yerel \u00fcreticinin \u00fcretti\u011fi b\u00f6lgeye has \u00fcr\u00fcnlerin sat\u0131ld\u0131\u011f\u0131 pazar, \u00e7ift\u00e7i ile t\u00fcketicinin bulu\u015fma noktas\u0131 oldu.<\/p>\n\n\n\n<p>Konyaalt\u0131 Belediyesi yerel \u00fcreticiye destek olmak amac\u0131yla 14 May\u0131s D\u00fcnya \u00c7ift\u00e7iler G\u00fcn\u00fc kapsam\u0131nda HayatPark\u2019ta \u201c\u00dcretici Pazar\u0131\u201d kurdu. Konyaalt\u0131\u2019n\u0131n k\u0131rsal mahallelerindeki yerel \u00fcreticinin b\u00f6lgeye has yerel \u00fcr\u00fcnleri sat\u0131\u015fa sundu\u011fu pazara vatanda\u015flar\u0131n ilgisi yo\u011fun oldu. Pazarda portakaldan domates ve bibere, b\u00f6lgeye has \u00c7and\u0131r fasulyesinden Doyran patl\u0131can\u0131na kadar \u00e7ok say\u0131da \u00fcr\u00fcn sat\u0131\u015fa sunuldu.&nbsp;&nbsp;&nbsp;&nbsp;&nbsp;&nbsp;&nbsp;&nbsp;&nbsp;&nbsp;&nbsp;&nbsp;<\/p>\n\n\n\n<p>\u00c7A\u011eRIMIZ SES GET\u0130RD\u0130<\/p>\n\n\n\n<p>Yerel \u00fcretici pazar\u0131nda \u00fcreticilerle sohbet eden Konyaalt\u0131 Belediye Ba\u015fkan\u0131 Cem Kotan, \u201cYerel \u00fcreticiye ve yerel \u00fcr\u00fcnlere vurgu yapmak i\u00e7in kurdu\u011fumuz yerel \u00fcretici pazar\u0131m\u0131z \u00fcretici ile t\u00fcketicinin adeta bulu\u015fma noktas\u0131 oldu.Ge\u00e7ti\u011fimiz g\u00fcn vatanda\u015flar\u0131m\u0131za \u201cPazar\u0131m\u0131za gelin, yerel \u00fcreticiye bir destek de siz verin\u201d \u00e7a\u011fr\u0131s\u0131nda bulunmu\u015ftu. \u00c7a\u011fr\u0131m\u0131z ses getirdi. Vatanda\u015flar\u0131m\u0131z pazara gelerek yerel \u00fcreticiye destek oldular. Kat\u0131l\u0131mlar\u0131 i\u00e7in hem \u00fcreticilerimize hem de duyarl\u0131l\u0131klar\u0131ndan dolay\u0131 \u00fcreticilerimizi destekleyen vatanda\u015flar\u0131m\u0131za \u00e7ok te\u015fekk\u00fcr ediyorum\u201d dedi.&nbsp;<\/p>\n\n\n\n<p>YEREL \u00dcR\u00dcNLER\u0130N KORUNMASI&nbsp;<\/p>\n\n\n\n<p>Yerel \u00fcreticilere yap\u0131lan her bir deste\u011fin \u00fcretim ve yerel \u00fcr\u00fcnleri koruma noktas\u0131nda olduk\u00e7a \u00f6nemli oldu\u011funa vurgu yapan Ba\u015fkan Kotan, \u201cYerel \u00fcreticiye sahip \u00e7\u0131kmak ve tar\u0131msal \u00fcretimi desteklemek bizim \u00f6ncelikli konular\u0131m\u0131z aras\u0131nda. Bu noktada da \u00f6nemli projeleri hayata ge\u00e7irmeyi hedefliyoruz. Yerel \u00fcreticilerimize verdi\u011fimiz destek hem onlar\u0131 kalk\u0131nd\u0131rarak yok olmalar\u0131n\u0131n \u00f6n\u00fcne ge\u00e7ilmesini sa\u011flayacak, hem de yerel \u00fcr\u00fcnlerin \u00fcretilmeye devam etmesine katk\u0131 sa\u011flayacakt\u0131r\u201d diye konu\u015ftu.<\/p>\n\n\n\n<p>Konyaalt\u0131 Belediyesi \/ B\u00fclten<\/p>\n","protected":false},"excerpt":{"rendered":"<p>Konyaalt\u0131 Belediyesi 14 May\u0131s D\u00fcnya \u00c7ift\u00e7iler G\u00fcn\u00fc nedeniyle HayatPark\u2019ta \u201c\u00dcretici Pazar\u0131\u201d kurdu. Yerel \u00fcreticinin \u00fcretti\u011fi b\u00f6lgeye has \u00fcr\u00fcnlerin sat\u0131ld\u0131\u011f\u0131 pazar, \u00e7ift\u00e7i ile t\u00fcketicinin bulu\u015fma noktas\u0131 <a href=\"https:\/\/akdenizhaber.com.tr\/index.php\/2024\/05\/16\/yerel-uretici-ile-tuketici-konyaaltinda-bulustu\/\" class=\"read-more-link\">[more&#8230;]<\/a><\/p>\n","protected":false},"author":2,"featured_media":23910,"comment_status":"open","ping_status":"open","sticky":false,"template":"","format":"standard","meta":{"footnotes":""},"categories":[2],"tags":[],"class_list":["post-23909","post","type-post","status-publish","format-standard","has-post-thumbnail","hentry","category-gundem"],"_links":{"self":[{"href":"https:\/\/akdenizhaber.com.tr\/index.php\/wp-json\/wp\/v2\/posts\/23909","targetHints":{"allow":["GET"]}}],"collection":[{"href":"https:\/\/akdenizhaber.com.tr\/index.php\/wp-json\/wp\/v2\/posts"}],"about":[{"href":"https:\/\/akdenizhaber.com.tr\/index.php\/wp-json\/wp\/v2\/types\/post"}],"author":[{"embeddable":true,"href":"https:\/\/akdenizhaber.com.tr\/index.php\/wp-json\/wp\/v2\/users\/2"}],"replies":[{"embeddable":true,"href":"https:\/\/akdenizhaber.com.tr\/index.php\/wp-json\/wp\/v2\/comments?post=23909"}],"version-history":[{"count":1,"href":"https:\/\/akdenizhaber.com.tr\/index.php\/wp-json\/wp\/v2\/posts\/23909\/revisions"}],"predecessor-version":[{"id":23911,"href":"https:\/\/akdenizhaber.com.tr\/index.php\/wp-json\/wp\/v2\/posts\/23909\/revisions\/23911"}],"wp:featuredmedia":[{"embeddable":true,"href":"https:\/\/akdenizhaber.com.tr\/index.php\/wp-json\/wp\/v2\/media\/23910"}],"wp:attachment":[{"href":"https:\/\/akdenizhaber.com.tr\/index.php\/wp-json\/wp\/v2\/media?parent=23909"}],"wp:term":[{"taxonomy":"category","embeddable":true,"href":"https:\/\/akdenizhaber.com.tr\/index.php\/wp-json\/wp\/v2\/categories?post=23909"},{"taxonomy":"post_tag","embeddable":true,"href":"https:\/\/akdenizhaber.com.tr\/index.php\/wp-json\/wp\/v2\/tags?post=23909"}],"curies":[{"name":"wp","href":"https:\/\/api.w.org\/{rel}","templated":true}]}}