{"id":23906,"date":"2024-05-16T13:04:04","date_gmt":"2024-05-16T10:04:04","guid":{"rendered":"https:\/\/akdenizhaber.com.tr\/?p=23906"},"modified":"2024-05-16T13:04:05","modified_gmt":"2024-05-16T10:04:05","slug":"mhpli-abdurrahman-baskan-fahis-fiyat-ve-stokculugun-onune-gecilecek","status":"publish","type":"post","link":"https:\/\/akdenizhaber.com.tr\/index.php\/2024\/05\/16\/mhpli-abdurrahman-baskan-fahis-fiyat-ve-stokculugun-onune-gecilecek\/","title":{"rendered":"Mhp&#8217;li Abdurrahman Ba\u015fkan: &#8220;Fahi\u015f Fiyat Ve Stokculu\u011fun \u00d6n\u00fcne Ge\u00e7ilecek&#8221;"},"content":{"rendered":"\n<p><strong>Milliyet\u00e7i Hareket Partisi (MHP) Antalya Milletvekili Abdurrahman Ba\u015fkan, Ticaret Kanununda yap\u0131lacak de\u011fi\u015fiklikle vatanda\u015f\u0131n temel ihtiya\u00e7lar\u0131n\u0131 kar\u015f\u0131lamak i\u00e7in zorunlu olan mal ve hizmetlerde g\u00f6r\u00fclen fahi\u015f fiyat art\u0131\u015flar\u0131 ve stok\u00e7uluk giri\u015fimlerinin \u00f6n\u00fcne ge\u00e7ilece\u011fini bildirdi.<\/strong><\/p>\n\n\n\n<p><strong>Yasayla piyasa dengesine zarar vererek vatanda\u015flar\u0131m\u0131z\u0131n ma\u011fduriyet ya\u015famas\u0131na sebep olanlara g\u00f6z a\u00e7t\u0131r\u0131lmayaca\u011f\u0131na dikkat \u00e7eken MHP Antalya Milletvekili Abdurrahman Ba\u015fkan &#8220;G\u00f6r\u00fc\u015fmekte oldu\u011fumuz teklifte idari para cezas\u0131 tutarlar\u0131n\u0131n art\u0131r\u0131lmas\u0131 ve idari yapt\u0131r\u0131mlar\u0131n kapsam\u0131n\u0131 geni\u015fletmi\u015f olaca\u011f\u0131z. Teklif Genel Kurulumuzda kabul edilip kanunla\u015ft\u0131ktan sonra Ticaret Bakanl\u0131\u011f\u0131m\u0131z, taraf\u0131nda bir takvim y\u0131l\u0131 i\u00e7inde en az 3 defa stok\u00e7uluk yapt\u0131\u011f\u0131 tespit edilen \u00fcretici, tedarik\u00e7i ve perakende i\u015fletmelere 6 g\u00fcne kadar kapatma cezas\u0131 verebilecektir&#8221; dedi.<\/strong><\/p>\n\n\n\n<p><strong>TBMM Genel Kurulunda g\u00f6r\u00fc\u015f\u00fclen \u201cT\u00fcrk Ticaret Kanunu \u0130le Baz\u0131 Kanunlarda De\u011fi\u015fiklik Yap\u0131lmas\u0131 Hakk\u0131nda Kanun Teklifinin\u201d t\u00fcm\u00fc \u00fczerine Milliyet\u00e7i Hareket Partisi Grubu ad\u0131na s\u00f6z alan Abdurrahman Ba\u015fkan teklifle, ticari hayatta ya\u015fanan geli\u015fmelere uygun olarak muhtelif konulara ili\u015fkin ihtiya\u00e7 duyulan kanuni d\u00fczenlemelerin hayata ge\u00e7irilmesinin hedeflendi\u011fini bildirdi.<\/strong><\/p>\n\n\n\n<p><strong>MHP Antalya Milletvekili Abdurrahman Ba\u015fkan, \u015f\u00f6yle konu\u015ftu:<\/strong><\/p>\n\n\n\n<p><strong>FAH\u0130\u015e FIYAT VE STOKCULUKTA ARTI\u015eA D\u0130KKAT \u00c7EKT\u0130<\/strong><\/p>\n\n\n\n<p><strong>&#8220;Covid-19 pandemisinden bu yana Rusya-Ukrayna sava\u015f\u0131 ve Orta Do\u011fu&#8217;daki geli\u015fmeler ba\u015fta olmak \u00fczere, ya\u015fanan jeopolitik ve uluslararas\u0131 gerilimler, k\u00fcresel \u00f6l\u00e7ekte ya\u015fanan enflasyonist s\u00fcre\u00e7, t\u00fcm d\u00fcnyada fiyatlama politikalar\u0131nda birtak\u0131m dengesizliklere neden olmu\u015ftur.<\/strong><\/p>\n\n\n\n<p><strong>Bu s\u00fcre\u00e7te ise piyasa olu\u015fumunda arz talep dengesiyle a\u015f\u0131lamayacak piyasa aksakl\u0131klar\u0131n\u0131n olu\u015ftu\u011fu ve bir\u00e7ok \u00fcr\u00fcn grubunda fiyat art\u0131\u015flar\u0131n\u0131n oldu\u011fu g\u00f6zlenmi\u015ftir.<\/strong><\/p>\n\n\n\n<p><strong>\u00d6zellikle ba\u015fta g\u0131da olmak \u00fczere, toplumun beslenme, sa\u011fl\u0131kl\u0131 ya\u015fama ve korunma gibi temel ihtiya\u00e7lar\u0131n\u0131 kar\u015f\u0131lamak i\u00e7in zorunlu olan mal ve hizmetlerde g\u00f6r\u00fclen fahi\u015f fiyat art\u0131\u015flar\u0131 ve stok\u00e7uluk giri\u015fimleri ise piyasa dengesine zarar vererek vatanda\u015flar\u0131m\u0131z\u0131n ma\u011fduriyet ya\u015famas\u0131na sebep olmaktad\u0131r.<\/strong><\/p>\n\n\n\n<p><strong>G\u00f6r\u00fc\u015fmekte oldu\u011fumuz teklifte idari para cezas\u0131 tutarlar\u0131n\u0131n art\u0131r\u0131lmas\u0131 ve idari yapt\u0131r\u0131mlar\u0131n kapsam\u0131n\u0131 geni\u015fletmi\u015f olaca\u011f\u0131z.<\/strong><\/p>\n\n\n\n<p><strong>Teklif Genel Kurulumuzda kabul edilip kanunla\u015ft\u0131ktan sonra Ticaret Bakanl\u0131\u011f\u0131m\u0131z, taraf\u0131nda bir takvim y\u0131l\u0131 i\u00e7inde en az 3 defa stok\u00e7uluk yapt\u0131\u011f\u0131 tespit edilen \u00fcretici, tedarik\u00e7i ve perakende i\u015fletmelere 6 g\u00fcne kadar kapatma cezas\u0131 verebilecektir.&#8221;<\/strong><\/p>\n\n\n\n<p><strong>DEVLET BAH\u00c7EL\u0130&#8217;N\u0130N S\u00d6ZLER\u0130N\u0130 HATIRLATTI<\/strong><\/p>\n\n\n\n<p><strong>MHP Antalya Milletvekili Abdurrahman Ba\u015fkan konu\u015fmas\u0131nda, Genel Ba\u015fkan Devlet Bah\u00e7eli&#8217;nin stok\u00e7ular i\u00e7in yapt\u0131\u011f\u0131 &#8220;Bunlarda Allah korkusu yoktur. Bunlar\u0131n utanmalar\u0131 kalmam\u0131\u015ft\u0131r. \u0130nsan\u0131m\u0131z\u0131n refah\u0131na, kesesine, g\u0131da g\u00fcvenli\u011fine ket vuranlar\u0131n g\u00f6z\u00fcn\u00fcn ya\u015f\u0131na bak\u0131lmamal\u0131d\u0131r\u201d s\u00f6zlerini hat\u0131rlatt\u0131. Abdurrahman Ba\u015fkan &#8220;Yani \u00f6zetle ifade etmek gerekirse Milliyet\u00e7i Hareket Partisinin bu konuda ki tutumu ve taraf\u0131 her zaman a\u00e7\u0131k ve net olarak vatanda\u015f\u0131m\u0131z olmu\u015ftur ve olmaya devam edecektir&#8221; diye konu\u015ftu.<\/strong><\/p>\n\n\n\n<p><strong>PAZAR YERLER\u0130N\u0130N KONUMU<\/strong><\/p>\n\n\n\n<p><strong>Konu\u015fmas\u0131nda pazar yerlerindeki yer tahsisleri ile ilgili olarak da MHP Milletvekili Abdurrahman Ba\u015fkan, kapal\u0131 pazar yerlerinin s\u0131n\u0131rl\u0131 ayni hak y\u00f6ntemiyle pazarc\u0131l\u0131k mesle\u011finde olmayan ki\u015filere verilmesine dikkat \u00e7ekerek \u015funlar\u0131 s\u00f6yledi:<\/strong><\/p>\n\n\n\n<p><strong>&#8220;Bu yerlerin pazarc\u0131 esnaf\u0131m\u0131za y\u00fcksek bedellerle tekrar kiralanmas\u0131n\u0131n pazarc\u0131 esnaf\u0131m\u0131z\u0131n sat\u0131\u015f yeri maliyetlerini art\u0131rmas\u0131na neden oldu\u011fu g\u00f6r\u00fclmektedir. Bu nedenle kapal\u0131 pazar yerlerinde s\u0131n\u0131rl\u0131 ayni hak tesisiyle kiralama usul\u00fcn\u00fcn kald\u0131r\u0131lmas\u0131na y\u00f6nelik de\u011fi\u015fiklik yap\u0131lmas\u0131na gerek duyulmu\u015ftur. Yapaca\u011f\u0131m\u0131z de\u011fi\u015fiklikle, pazar yerlerinde bulunan sat\u0131\u015f yerlerinin yaln\u0131zca tahsis usul\u00fcyle kulland\u0131r\u0131lmas\u0131 ve b\u00f6ylece pazarc\u0131 esnaflar\u0131m\u0131z\u0131n maliyetlerinin azalt\u0131lmas\u0131 sa\u011flanacakt\u0131r.&#8221;<\/strong><\/p>\n\n\n\n<p><strong>\u00c7\u0130FT\u00c7\u0130LER TOPRA\u011eA HAYAT VEREN KAHRAMANLAR<\/strong><\/p>\n\n\n\n<p><strong>MHP Antalya Milletvekili Abdurrahman Ba\u015fkan konu\u015fmas\u0131n\u0131n sonunda 14 May\u0131s \u00c7ift\u00e7iler G\u00fcn\u00fcn\u00fc kutlarken &#8220;\u00c7ift\u00e7iler topra\u011fa hayat veren kahramanlard\u0131r.<\/strong><\/p>\n\n\n\n<p><strong>Tar\u0131m, sadece insan hayat\u0131 i\u00e7in de\u011fil \u00fclke ekonomisi i\u00e7inde son derece stratejik \u00f6neme haiz bir sekt\u00f6rd\u00fcr.<\/strong><\/p>\n\n\n\n<p><strong>Tar\u0131m alan\u0131nda s\u00fcrd\u00fcr\u00fclebilirli\u011fin devam etmesinde \u015f\u00fcphesiz ki \u00e7ift\u00e7ilerimizin katk\u0131s\u0131 \u00e7ok b\u00fcy\u00fckt\u00fcr. Bu duygu ve d\u00fc\u015f\u00fcnc\u00fcler ile al\u0131n terleri ile topra\u011fa hayat veren \u00e7ift\u00e7ilerimizin, 14 May\u0131s D\u00fcnya \u00c7ift\u00e7iler G\u00fcn\u00fcn\u00fc kutluyorum&#8221; dedi.<\/strong><\/p>\n\n\n\n<p><strong>Milliyet\u00e7i Hareket Partisi \/ B\u00fclten<\/strong><\/p>\n","protected":false},"excerpt":{"rendered":"<p>Milliyet\u00e7i Hareket Partisi (MHP) Antalya Milletvekili Abdurrahman Ba\u015fkan, Ticaret Kanununda yap\u0131lacak de\u011fi\u015fiklikle vatanda\u015f\u0131n temel ihtiya\u00e7lar\u0131n\u0131 kar\u015f\u0131lamak i\u00e7in zorunlu olan mal ve hizmetlerde g\u00f6r\u00fclen fahi\u015f fiyat <a href=\"https:\/\/akdenizhaber.com.tr\/index.php\/2024\/05\/16\/mhpli-abdurrahman-baskan-fahis-fiyat-ve-stokculugun-onune-gecilecek\/\" class=\"read-more-link\">[more&#8230;]<\/a><\/p>\n","protected":false},"author":2,"featured_media":23907,"comment_status":"open","ping_status":"open","sticky":false,"template":"","format":"standard","meta":{"footnotes":""},"categories":[2],"tags":[],"class_list":["post-23906","post","type-post","status-publish","format-standard","has-post-thumbnail","hentry","category-gundem"],"_links":{"self":[{"href":"https:\/\/akdenizhaber.com.tr\/index.php\/wp-json\/wp\/v2\/posts\/23906","targetHints":{"allow":["GET"]}}],"collection":[{"href":"https:\/\/akdenizhaber.com.tr\/index.php\/wp-json\/wp\/v2\/posts"}],"about":[{"href":"https:\/\/akdenizhaber.com.tr\/index.php\/wp-json\/wp\/v2\/types\/post"}],"author":[{"embeddable":true,"href":"https:\/\/akdenizhaber.com.tr\/index.php\/wp-json\/wp\/v2\/users\/2"}],"replies":[{"embeddable":true,"href":"https:\/\/akdenizhaber.com.tr\/index.php\/wp-json\/wp\/v2\/comments?post=23906"}],"version-history":[{"count":1,"href":"https:\/\/akdenizhaber.com.tr\/index.php\/wp-json\/wp\/v2\/posts\/23906\/revisions"}],"predecessor-version":[{"id":23908,"href":"https:\/\/akdenizhaber.com.tr\/index.php\/wp-json\/wp\/v2\/posts\/23906\/revisions\/23908"}],"wp:featuredmedia":[{"embeddable":true,"href":"https:\/\/akdenizhaber.com.tr\/index.php\/wp-json\/wp\/v2\/media\/23907"}],"wp:attachment":[{"href":"https:\/\/akdenizhaber.com.tr\/index.php\/wp-json\/wp\/v2\/media?parent=23906"}],"wp:term":[{"taxonomy":"category","embeddable":true,"href":"https:\/\/akdenizhaber.com.tr\/index.php\/wp-json\/wp\/v2\/categories?post=23906"},{"taxonomy":"post_tag","embeddable":true,"href":"https:\/\/akdenizhaber.com.tr\/index.php\/wp-json\/wp\/v2\/tags?post=23906"}],"curies":[{"name":"wp","href":"https:\/\/api.w.org\/{rel}","templated":true}]}}