{"id":23897,"date":"2024-05-16T12:58:31","date_gmt":"2024-05-16T09:58:31","guid":{"rendered":"https:\/\/akdenizhaber.com.tr\/?p=23897"},"modified":"2024-05-16T12:58:31","modified_gmt":"2024-05-16T09:58:31","slug":"buyuksehirden-19-mayis-futbol-turnuvasi","status":"publish","type":"post","link":"https:\/\/akdenizhaber.com.tr\/index.php\/2024\/05\/16\/buyuksehirden-19-mayis-futbol-turnuvasi\/","title":{"rendered":"B\u00fcy\u00fck\u015fehir\u2019den 19 May\u0131s Futbol Turnuvas\u0131"},"content":{"rendered":"\n<p>Antalya B\u00fcy\u00fck\u015fehir Belediyesi\u2019nin, 19 May\u0131s Atat\u00fcrk\u2019\u00fc Anma ve Gen\u00e7lik Spor Bayram\u0131\u2019na \u00f6zel d\u00fczenledi\u011fi futbol turnuvas\u0131n\u0131 ba\u015flad\u0131.<\/p>\n\n\n\n<p>B\u00fcy\u00fck\u015fehir Belediyesi, Atat\u00fcrk\u2019\u00fcn Samsun\u2019a \u00e7\u0131karak kurtulu\u015f m\u00fccadelesini ba\u015flatt\u0131\u011f\u0131 19 May\u0131s 1919&#8217;un 105. y\u0131l\u0131nda gen\u00e7ler i\u00e7in \u00f6zel ve anlaml\u0131 etkinlikler ger\u00e7ekle\u015ftiriyor. B\u00fcy\u00fck\u015fehir Belediyesi Gen\u00e7lik ve Spor Hizmetleri Dairesi Ba\u015fkanl\u0131\u011f\u0131 taraf\u0131ndan 19 May\u0131s Atat\u00fcrk\u2019\u00fc Anma Gen\u00e7lik ve Spor Bayram\u0131 Futbol Turnuvas\u0131 d\u00fczenledi. Antalya B\u00fcy\u00fck\u015fehir Belediyesi Futbol Akademisi Hal\u0131 Sahalar\u0131ndaki turnuvan\u0131n ba\u015flama vuru\u015fu, Antalya B\u00fcy\u00fck\u015fehir Belediyesi Gen\u00e7lik ve Spor Hizmetleri Daire Ba\u015fkan\u0131 Nurettin Tongu\u00e7 taraf\u0131ndan yap\u0131ld\u0131.<\/p>\n\n\n\n<p>HEYECANLI M\u00dcCADELE<\/p>\n\n\n\n<p>2005-2009 do\u011fumlu gen\u00e7lerin kat\u0131l\u0131m sa\u011flad\u0131\u011f\u0131 turnuvada toplam 2 grupta, 8 tak\u0131m m\u00fccadele ediyor. Antalya B\u00fcy\u00fck\u015fehir Belediyesi Futbol Akademisi Hal\u0131 Sahalar\u0131nda ba\u015flayan turnuvan\u0131n tak\u0131mlar\u0131 7\u2019\u015fer ki\u015fiden olu\u015fuyor. Turnuvan\u0131n ilk g\u00fcn\u00fc, \u015fampiyonluk ama\u00e7layan gen\u00e7lerin, k\u0131ran k\u0131rana heyecan dolu m\u00fccadelesine sahne oldu. Turnuva, 18 May\u0131s Cumartesi g\u00fcn\u00fc oynanacak final m\u00fcsabakas\u0131yla birlikte tamamlanacak.<\/p>\n\n\n\n<p>Antalya B\u00fcy\u00fck\u015fehir Belediyesi \/ B\u00fclten<\/p>\n","protected":false},"excerpt":{"rendered":"<p>Antalya B\u00fcy\u00fck\u015fehir Belediyesi\u2019nin, 19 May\u0131s Atat\u00fcrk\u2019\u00fc Anma ve Gen\u00e7lik Spor Bayram\u0131\u2019na \u00f6zel d\u00fczenledi\u011fi futbol turnuvas\u0131n\u0131 ba\u015flad\u0131. B\u00fcy\u00fck\u015fehir Belediyesi, Atat\u00fcrk\u2019\u00fcn Samsun\u2019a \u00e7\u0131karak kurtulu\u015f m\u00fccadelesini ba\u015flatt\u0131\u011f\u0131 19 <a href=\"https:\/\/akdenizhaber.com.tr\/index.php\/2024\/05\/16\/buyuksehirden-19-mayis-futbol-turnuvasi\/\" class=\"read-more-link\">[more&#8230;]<\/a><\/p>\n","protected":false},"author":2,"featured_media":23898,"comment_status":"open","ping_status":"open","sticky":false,"template":"","format":"standard","meta":{"footnotes":""},"categories":[2],"tags":[],"class_list":["post-23897","post","type-post","status-publish","format-standard","has-post-thumbnail","hentry","category-gundem"],"_links":{"self":[{"href":"https:\/\/akdenizhaber.com.tr\/index.php\/wp-json\/wp\/v2\/posts\/23897","targetHints":{"allow":["GET"]}}],"collection":[{"href":"https:\/\/akdenizhaber.com.tr\/index.php\/wp-json\/wp\/v2\/posts"}],"about":[{"href":"https:\/\/akdenizhaber.com.tr\/index.php\/wp-json\/wp\/v2\/types\/post"}],"author":[{"embeddable":true,"href":"https:\/\/akdenizhaber.com.tr\/index.php\/wp-json\/wp\/v2\/users\/2"}],"replies":[{"embeddable":true,"href":"https:\/\/akdenizhaber.com.tr\/index.php\/wp-json\/wp\/v2\/comments?post=23897"}],"version-history":[{"count":1,"href":"https:\/\/akdenizhaber.com.tr\/index.php\/wp-json\/wp\/v2\/posts\/23897\/revisions"}],"predecessor-version":[{"id":23899,"href":"https:\/\/akdenizhaber.com.tr\/index.php\/wp-json\/wp\/v2\/posts\/23897\/revisions\/23899"}],"wp:featuredmedia":[{"embeddable":true,"href":"https:\/\/akdenizhaber.com.tr\/index.php\/wp-json\/wp\/v2\/media\/23898"}],"wp:attachment":[{"href":"https:\/\/akdenizhaber.com.tr\/index.php\/wp-json\/wp\/v2\/media?parent=23897"}],"wp:term":[{"taxonomy":"category","embeddable":true,"href":"https:\/\/akdenizhaber.com.tr\/index.php\/wp-json\/wp\/v2\/categories?post=23897"},{"taxonomy":"post_tag","embeddable":true,"href":"https:\/\/akdenizhaber.com.tr\/index.php\/wp-json\/wp\/v2\/tags?post=23897"}],"curies":[{"name":"wp","href":"https:\/\/api.w.org\/{rel}","templated":true}]}}