{"id":23894,"date":"2024-05-15T13:07:02","date_gmt":"2024-05-15T10:07:02","guid":{"rendered":"https:\/\/akdenizhaber.com.tr\/?p=23894"},"modified":"2024-05-15T13:07:04","modified_gmt":"2024-05-15T10:07:04","slug":"add-yemekte-bulustu","status":"publish","type":"post","link":"https:\/\/akdenizhaber.com.tr\/index.php\/2024\/05\/15\/add-yemekte-bulustu\/","title":{"rendered":"ADD Yemekte Bulu\u015ftu"},"content":{"rendered":"\n<p>Atat\u00fcrk\u00e7\u00fc D\u00fc\u015f\u00fcnce Derne\u011fi Manavgat \u015eubesi y\u00f6netim kurulu ve \u00fcyeleri ge\u00e7ti\u011fimiz ak\u015fam Irmak Restaurant\u2019ta bir araya geldiler.<\/p>\n\n\n\n<p>Atat\u00fcrk\u00e7\u00fc D\u00fc\u015f\u00fcnce Derne\u011fi Manavgat \u015eubesi ba\u015fkan\u0131 \u00d6mer Faruk G\u00fcven etkinliklerin daha s\u0131k olu\u015faca\u011f\u0131n\u0131 bir araya gelerek ba\u015fta Manavgat olmak \u00fczere \u00fclke sorunlar\u0131n\u0131n ele al\u0131naca\u011f\u0131 sohbetlerin devam edece\u011fini s\u00f6yledi.<\/p>\n\n\n\n<p>Ba\u015fkan \u00d6mer Faruk G\u00fcven, g\u00fcn\u00fcn b\u00f6l\u00fcnme, par\u00e7alanma, ele\u015ftirme g\u00fcn\u00fc de\u011fil, birle\u015fme ve b\u00fct\u00fcnle\u015fme g\u00fcn\u00fc oldu\u011funu ifade ederek, &#8221;\u0130rticaya, emperyalizme, b\u00f6l\u00fcc\u00fclere kar\u015f\u0131 tek yumruk olunmas\u0131 gerekli. Mustafa Kemal&#8217;in yolunda y\u00fcr\u00fcyenler, el ele verdiklerinde yenemeyecekleri g\u00fc\u00e7 yok. \u00dclkenin d\u00f6rt bir yan\u0131n\u0131, ak\u0131llar\u0131 ve ayd\u0131nl\u0131k y\u00fcrekleri ile \u00f6rm\u00fc\u015f olan Atat\u00fcrk\u00e7\u00fcler, eksikleri giderecek, hatalar\u0131 yok edecek ve tek yumruk olarak \u00fclkeye 1923 ruhunu yeniden egemen k\u0131lacak potansiyeldedirler. Manavgat Atat\u00fcrk\u00e7\u00fc D\u00fc\u015f\u00fcnce derne\u011fi olarak bundan b\u00f6yle \u00fcyelerimizle daha s\u0131k bir araya gelerek yol haritam\u0131z\u0131n nas\u0131l olmas\u0131 yolunda ortak fikir al\u0131\u015fveri\u015finde bulunaca\u011f\u0131z, bu ak\u015fam sizlerle birlikte olmaktan b\u00fcy\u00fck onur duyduk\u201d dedi.<\/p>\n\n\n\n<p>B\u00fc\u015fra Deveci \/ Haber<\/p>\n","protected":false},"excerpt":{"rendered":"<p>Atat\u00fcrk\u00e7\u00fc D\u00fc\u015f\u00fcnce Derne\u011fi Manavgat \u015eubesi y\u00f6netim kurulu ve \u00fcyeleri ge\u00e7ti\u011fimiz ak\u015fam Irmak Restaurant\u2019ta bir araya geldiler. Atat\u00fcrk\u00e7\u00fc D\u00fc\u015f\u00fcnce Derne\u011fi Manavgat \u015eubesi ba\u015fkan\u0131 \u00d6mer Faruk G\u00fcven <a href=\"https:\/\/akdenizhaber.com.tr\/index.php\/2024\/05\/15\/add-yemekte-bulustu\/\" class=\"read-more-link\">[more&#8230;]<\/a><\/p>\n","protected":false},"author":2,"featured_media":23895,"comment_status":"open","ping_status":"open","sticky":false,"template":"","format":"standard","meta":{"footnotes":""},"categories":[2],"tags":[],"class_list":["post-23894","post","type-post","status-publish","format-standard","has-post-thumbnail","hentry","category-gundem"],"_links":{"self":[{"href":"https:\/\/akdenizhaber.com.tr\/index.php\/wp-json\/wp\/v2\/posts\/23894","targetHints":{"allow":["GET"]}}],"collection":[{"href":"https:\/\/akdenizhaber.com.tr\/index.php\/wp-json\/wp\/v2\/posts"}],"about":[{"href":"https:\/\/akdenizhaber.com.tr\/index.php\/wp-json\/wp\/v2\/types\/post"}],"author":[{"embeddable":true,"href":"https:\/\/akdenizhaber.com.tr\/index.php\/wp-json\/wp\/v2\/users\/2"}],"replies":[{"embeddable":true,"href":"https:\/\/akdenizhaber.com.tr\/index.php\/wp-json\/wp\/v2\/comments?post=23894"}],"version-history":[{"count":1,"href":"https:\/\/akdenizhaber.com.tr\/index.php\/wp-json\/wp\/v2\/posts\/23894\/revisions"}],"predecessor-version":[{"id":23896,"href":"https:\/\/akdenizhaber.com.tr\/index.php\/wp-json\/wp\/v2\/posts\/23894\/revisions\/23896"}],"wp:featuredmedia":[{"embeddable":true,"href":"https:\/\/akdenizhaber.com.tr\/index.php\/wp-json\/wp\/v2\/media\/23895"}],"wp:attachment":[{"href":"https:\/\/akdenizhaber.com.tr\/index.php\/wp-json\/wp\/v2\/media?parent=23894"}],"wp:term":[{"taxonomy":"category","embeddable":true,"href":"https:\/\/akdenizhaber.com.tr\/index.php\/wp-json\/wp\/v2\/categories?post=23894"},{"taxonomy":"post_tag","embeddable":true,"href":"https:\/\/akdenizhaber.com.tr\/index.php\/wp-json\/wp\/v2\/tags?post=23894"}],"curies":[{"name":"wp","href":"https:\/\/api.w.org\/{rel}","templated":true}]}}