{"id":23890,"date":"2024-05-15T13:04:08","date_gmt":"2024-05-15T10:04:08","guid":{"rendered":"https:\/\/akdenizhaber.com.tr\/?p=23890"},"modified":"2024-05-15T13:04:10","modified_gmt":"2024-05-15T10:04:10","slug":"engel-tanimayan-festival-antfest-2","status":"publish","type":"post","link":"https:\/\/akdenizhaber.com.tr\/index.php\/2024\/05\/15\/engel-tanimayan-festival-antfest-2\/","title":{"rendered":"Engel Tan\u0131mayan Festival Antfest"},"content":{"rendered":"\n<p><br>Engelli bireylerin ya\u015fad\u0131klar\u0131 zorluklara dikkat \u00e7ekmek, ya\u015fam kalitelerini art\u0131rmak ve toplumsal anlamda fark\u0131ndal\u0131k olu\u015fturmak amac\u0131 ile Engelliler Haftas\u0131 kapsam\u0131nda Antalya Valisi Hulusi \u015eahin\u2019in kat\u0131l\u0131m\u0131yla d\u00fczenlenen \u201cAntFest Engelliler Festivali&#8221; ger\u00e7ekle\u015fti.<\/p>\n\n\n\n<p><br>Antalya Valisi Hulusi \u015eahin\u2019in kat\u0131l\u0131m\u0131yla \u201cAntFest Engelliler Festival Program\u0131\u201d ger\u00e7ekle\u015fti. Vali \u015eahin Antalya\u2019ya ve Engelliler Haftas\u0131n\u0131n \u00f6nemine \u00e7ok yak\u0131\u015fan bu festivalin kendilerinin ve engelli bireylerimizin nezdinde \u00e7ok \u00f6zel ve beklenenin \u00f6tesinde ilgi g\u00f6ren bir festival oldu\u011funu vurgulad\u0131.<\/p>\n\n\n\n<p><br>Akdeniz \u00dcniversitesi Stad\u0131nda ger\u00e7ekle\u015fen AntFest Engelliler Festival Program\u0131na; Vali Hulusi \u015eahin, Antalya B\u00fcy\u00fck\u015fehir Belediyesi Genel Sekreter Yard\u0131mc\u0131s\u0131 Mustafa G\u00fcrb\u00fcz, Vali Yard\u0131mc\u0131s\u0131 Hulusi Arat, \u0130l Emniyet M\u00fcd\u00fcr\u00fc Orhan \u00c7evik, Gen\u00e7lik Hizmetleri ve Spor \u0130l M\u00fcd\u00fcr\u00fc Yavuz G\u00fcrhan, Aile ve Sosyal Hizmetler \u0130l M\u00fcd\u00fcr\u00fc Galip S\u00f6kmen kamu kurum ve STK temsilcileri ile \u00e7ok say\u0131da engelli birey ve ailesi kat\u0131ld\u0131.<\/p>\n\n\n\n<p><br>Engelsiz \u00dcretim ve Dayan\u0131\u015fma \u0130\u00e7in Yan\u0131n\u0131zday\u0131z<br>Akdeniz \u00dcniversitesi Kamp\u00fcs\u00fcnde Stadyuma do\u011fru Down Sendromlu bireylerin mehter ve bando tak\u0131m\u0131, e\u015fli\u011finde y\u00fcr\u00fcy\u00fc\u015f ile ba\u015flayan festivalde, Antalya \u0130l Jandarma Komutanl\u0131\u011f\u0131 K\u00f6pek E\u011fitim Merkezi\u2019nde g\u00f6revli asker ve k\u00f6peklerin ger\u00e7ekle\u015ftirdi\u011fi g\u00f6steri b\u00fcy\u00fck alk\u0131\u015f toplad\u0131. Kepez \u00d6zel E\u011fitim ve Uygulama Okulu \u00f6\u011frencileri, Dr. G\u00fcnseli- Dr. B\u00fclent Ak\u0131nsal \u00d6zel E\u011fitim Meslek Okulu \u00f6\u011frencileri, &nbsp;Antalya B\u00fcy\u00fck\u015fehir Belediyesi Engelsiz Ya\u015fam Sanat Derne\u011fi ve \u00d6zgecan Aslan Gen\u00e7lik Merkezi temsilcilerinin \u00e7e\u015fitli sunum ve g\u00f6sterileri ise be\u011feniyle izlendi.<\/p>\n\n\n\n<p><br>Engelli bireylerimizin emekleri ile yap\u0131lan ve sergilenen el i\u015fi hediyelik e\u015fya ve \u00e7e\u015fitli \u00fcr\u00fcnlerin sergilendi\u011fi standlar\u0131 gezen Vali \u015eahin, stantlarda bulunan engelli bireylerimizle sohbet ederek sergilenen \u00fcr\u00fcnleri inceleyip engelli bireylerimizin topluma aktif olarak kat\u0131l\u0131p, \u00fcretim yapmalar\u0131ndan duydu\u011fu &nbsp;memnuniyeti dile getirdi. Vali \u015eahin, daha sonra Gen\u00e7lik Hizmetleri ve Spor \u0130l M\u00fcd\u00fcrl\u00fc\u011f\u00fc\u2019n\u00fcn oyun ve aktivite alan\u0131nda engelli bireylerimiz ile birlikte Masa tenisi ve Satran\u00e7 ve \u00e7e\u015fitli oyunlar oynay\u0131p, d\u00fczenlenen g\u00f6sterileri izleyerek engelli bireylerimizi ba\u015far\u0131lar\u0131ndan dolay\u0131 tebrik etti.<\/p>\n\n\n\n<p><br>\u00c7ok \u00d6zel ve Beklenenin \u00d6tesinde Bir Festival<br>Engelli bireylerin toplumumuzun en \u00f6zel ve k\u0131ymetli bireyleri oldu\u011funa dikkat \u00e7eken Vali \u015eahin \u201c\u00d6zel \u00e7ocuklar\u0131m\u0131z\u0131 ve ailelerini bir araya getiren bu festival beklenenin \u00e7ok \u00fczerinde ilgi g\u00f6rd\u00fc. Gerek ismi gerekse yap\u0131lan etkinlikleri ile Antalya\u2019ya ve Engelliler Haftas\u0131na yak\u0131\u015fan bir festival. Bu festivale katk\u0131lar\u0131ndan dolay\u0131 Antalya B\u00fcy\u00fck\u015fehir Belediyesine, Akdeniz \u00dcniversitesine, Aile ve Sosyal Hizmetler \u0130l M\u00fcd\u00fcrl\u00fc\u011f\u00fcne, Sivil Toplum Kurulu\u015flar\u0131m\u0131za ayr\u0131ca kat\u0131l\u0131m sa\u011flayan b\u00fct\u00fcn vatanda\u015flar\u0131m\u0131za te\u015fekk\u00fcr ediyorum\u201d&#8221; ifadelerine yer verdi.<\/p>\n\n\n\n<p>Antalya Valili\u011fi\/ B\u00fclten<\/p>\n","protected":false},"excerpt":{"rendered":"<p>Engelli bireylerin ya\u015fad\u0131klar\u0131 zorluklara dikkat \u00e7ekmek, ya\u015fam kalitelerini art\u0131rmak ve toplumsal anlamda fark\u0131ndal\u0131k olu\u015fturmak amac\u0131 ile Engelliler Haftas\u0131 kapsam\u0131nda Antalya Valisi Hulusi \u015eahin\u2019in kat\u0131l\u0131m\u0131yla d\u00fczenlenen <a href=\"https:\/\/akdenizhaber.com.tr\/index.php\/2024\/05\/15\/engel-tanimayan-festival-antfest-2\/\" class=\"read-more-link\">[more&#8230;]<\/a><\/p>\n","protected":false},"author":2,"featured_media":23891,"comment_status":"open","ping_status":"open","sticky":false,"template":"","format":"standard","meta":{"footnotes":""},"categories":[2],"tags":[],"class_list":["post-23890","post","type-post","status-publish","format-standard","has-post-thumbnail","hentry","category-gundem"],"_links":{"self":[{"href":"https:\/\/akdenizhaber.com.tr\/index.php\/wp-json\/wp\/v2\/posts\/23890","targetHints":{"allow":["GET"]}}],"collection":[{"href":"https:\/\/akdenizhaber.com.tr\/index.php\/wp-json\/wp\/v2\/posts"}],"about":[{"href":"https:\/\/akdenizhaber.com.tr\/index.php\/wp-json\/wp\/v2\/types\/post"}],"author":[{"embeddable":true,"href":"https:\/\/akdenizhaber.com.tr\/index.php\/wp-json\/wp\/v2\/users\/2"}],"replies":[{"embeddable":true,"href":"https:\/\/akdenizhaber.com.tr\/index.php\/wp-json\/wp\/v2\/comments?post=23890"}],"version-history":[{"count":1,"href":"https:\/\/akdenizhaber.com.tr\/index.php\/wp-json\/wp\/v2\/posts\/23890\/revisions"}],"predecessor-version":[{"id":23892,"href":"https:\/\/akdenizhaber.com.tr\/index.php\/wp-json\/wp\/v2\/posts\/23890\/revisions\/23892"}],"wp:featuredmedia":[{"embeddable":true,"href":"https:\/\/akdenizhaber.com.tr\/index.php\/wp-json\/wp\/v2\/media\/23891"}],"wp:attachment":[{"href":"https:\/\/akdenizhaber.com.tr\/index.php\/wp-json\/wp\/v2\/media?parent=23890"}],"wp:term":[{"taxonomy":"category","embeddable":true,"href":"https:\/\/akdenizhaber.com.tr\/index.php\/wp-json\/wp\/v2\/categories?post=23890"},{"taxonomy":"post_tag","embeddable":true,"href":"https:\/\/akdenizhaber.com.tr\/index.php\/wp-json\/wp\/v2\/tags?post=23890"}],"curies":[{"name":"wp","href":"https:\/\/api.w.org\/{rel}","templated":true}]}}