{"id":23882,"date":"2024-05-15T12:55:39","date_gmt":"2024-05-15T09:55:39","guid":{"rendered":"https:\/\/akdenizhaber.com.tr\/?p=23882"},"modified":"2024-05-15T12:58:58","modified_gmt":"2024-05-15T09:58:58","slug":"dr-mustafa-er-hemsireler-gununu-kutladi","status":"publish","type":"post","link":"https:\/\/akdenizhaber.com.tr\/index.php\/2024\/05\/15\/dr-mustafa-er-hemsireler-gununu-kutladi\/","title":{"rendered":"Dr. Mustafa Er, Hem\u015fireler G\u00fcn\u00fc\u2019n\u00fc Kutlad\u0131"},"content":{"rendered":"\n<p>Manavgat \u0130l\u00e7e Sa\u011fl\u0131k M\u00fcd\u00fcr\u00fc Dr. Mustafa Er 12-18 May\u0131s haftas\u0131 \u2018Hem\u015firelik Haftas\u0131\u2019n\u0131 kutlad\u0131.<\/p>\n\n\n\n<p>Florance Nightingale\u2019 in do\u011fum g\u00fcn\u00fc olan 12 May\u0131s t\u00fcm d\u00fcnyada &#8220;hem\u015fireler g\u00fcn\u00fc&#8221; ve 12-18 May\u0131s haftas\u0131&nbsp; &#8220;hem\u015firelik haftas\u0131&#8221; olarak kutlanmaktad\u0131r. Bu \u00f6zel g\u00fcn, bireylerin ve toplumlar\u0131n sa\u011fl\u0131k ihtiya\u00e7lar\u0131n\u0131 kar\u015f\u0131lamak i\u00e7in en \u00f6n cephede m\u00fccadele eden hem\u015firelerin toplum sa\u011fl\u0131\u011f\u0131na verdi\u011fi ve verebilece\u011fi \u00f6nemli katk\u0131lar\u0131 herkese an\u0131msatmak i\u00e7in kutlanmaktad\u0131r.&nbsp;&nbsp;&nbsp;&nbsp;&nbsp;&nbsp;&nbsp;&nbsp;&nbsp;&nbsp;&nbsp;&nbsp;&nbsp;&nbsp;&nbsp;&nbsp;&nbsp;&nbsp;&nbsp;&nbsp;&nbsp;&nbsp;&nbsp;&nbsp;&nbsp;&nbsp;&nbsp;&nbsp;&nbsp;&nbsp;&nbsp;&nbsp;&nbsp;&nbsp;&nbsp;&nbsp;&nbsp;&nbsp;&nbsp;&nbsp;&nbsp;&nbsp;&nbsp;&nbsp;&nbsp;&nbsp;&nbsp;&nbsp;&nbsp;&nbsp;&nbsp;&nbsp; Hem\u015firelik mesle\u011finin \u00f6nemini vurgulamak ad\u0131na a\u00e7\u0131klama yapan \u0130l\u00e7e Sa\u011fl\u0131k M\u00fcd\u00fcr\u00fc&nbsp; Dr. Mustafa Er<\/p>\n\n\n\n<p>Hem\u015fireli\u011fin, birey, aile ve toplumun sa\u011fl\u0131\u011f\u0131n\u0131 koruma ve geli\u015ftirmeye odaklanan, ideal sa\u011fl\u0131k d\u00fczeyine ve ya\u015fam kalitesine ula\u015ft\u0131rmay\u0131 hedefleyen sa\u011fl\u0131k hizmetleri sekt\u00f6r\u00fcne ba\u011fl\u0131 bir meslek oldu\u011funu ifade etmi\u015ftir. A\u00e7\u0131klamalar\u0131na devam eden&nbsp; Dr. Mustafa Er; Hem\u015firelik; bireyin, ailenin ve toplumun sa\u011fl\u0131\u011f\u0131n\u0131 ve esenli\u011fini koruma, geli\u015ftirme ve hastal\u0131k halinde iyile\u015ftirme amac\u0131na y\u00f6nelik hem\u015firelik hizmetlerinin planlanmas\u0131, \u00f6rg\u00fctlenmesi, uygulanmas\u0131, de\u011ferlendirilmesi ve e\u011fitiminden sorumlu bilim ve sanattan olu\u015fan bir sa\u011fl\u0131k disiplini hem\u015firelerin, bireylerin ve toplumlar\u0131n sa\u011fl\u0131\u011f\u0131na ve refah\u0131na yapt\u0131klar\u0131 muazzam katk\u0131lar\u0131; bu hayati mesle\u011fin rollerini ve sorumluluklar\u0131n\u0131 politika belirleyicilerine, sa\u011fl\u0131k profesyonellerine ve halka net \u015fekilde anlatmam\u0131za f\u0131rsat sunmaktad\u0131r. Bilim ve teknolojideki geli\u015fmeler bir\u00e7ok mesle\u011fin de\u011fi\u015fmesine yada ortadan kalkma tehlikesi ile Ba\u015f ba\u015fa kalmas\u0131na ra\u011fmen, hem\u015fireli\u011fin varl\u0131k nedeni olan \u201cBak\u0131m&nbsp; ihtiyac\u0131 t\u00fcm d\u00fcnyada artmaktad\u0131r. \u201cdiyerek mesle\u011fin artan \u00f6nemine vurgu yapm\u0131\u015ft\u0131r.<\/p>\n\n\n\n<p>&nbsp;D\u00fcnya Sa\u011fl\u0131k \u00d6rg\u00fct\u00fc\u2019ne g\u00f6re, \u015fu anda d\u00fcnya \u00e7ap\u0131nda 22 milyon hem\u015fire k\u00fcresel sa\u011fl\u0131k i\u015f g\u00fcc\u00fcn\u00fcn yar\u0131s\u0131n\u0131 olu\u015fturmaktad\u0131r. Bu halde bile k\u00fcresel olarak 5.9 milyon hem\u015fire a\u00e7\u0131\u011f\u0131 bulunmaktad\u0131r. Bilindi\u011fi gibi 31 Aral\u0131k 2019\u2019da D\u00fcnya Sa\u011fl\u0131k \u00d6rg\u00fct\u00fc (DS\u00d6) \u00c7in \u00dclke Ofisi, \u00c7in\u2019in Hubei eyaletinin Vuhan \u015fehrinde etiyolojisi bilinmeyen pn\u00f6moni vakalar\u0131n\u0131 bildirmi\u015f ve yeni bir koronavir\u00fcs (2019-nCoV) olarak tan\u0131mlanan hastal\u0131\u011f\u0131n ad\u0131 COVID-19 olarak kabul edilmi\u015ftir. Hem\u015fireler, \u00fcst\u00fcn bir g\u00fc\u00e7le insalar\u0131n ya\u015famlar\u0131na dokunarak sa\u011fl\u0131klar\u0131na yeniden kavu\u015fmas\u0131na vesile olurken, bu pandeminin \u00f6n saflar\u0131nda y\u00fcksek risk alt\u0131nda \u00e7al\u0131\u015fmaktad\u0131rlar. Tedavi edici sa\u011fl\u0131k uygulamalar\u0131n\u0131n yan\u0131nda, Covid-19 pandemisi ile birlikte \u00f6nemi iyice ortaya \u00e7\u0131kan koruyucu sa\u011fl\u0131k hizmetlerini y\u00fcr\u00fcten hem\u015fireler, bak\u0131m verici rol\u00fcn\u00fcn yan\u0131 s\u0131ra e\u011fitici, dan\u0131\u015fman, karar verici, y\u00f6netici ve koordinat\u00f6r rollerini kullanmaktad\u0131r.<\/p>\n\n\n\n<p>\u0130l\u00e7e Sa\u011fl\u0131k M\u00fcd\u00fcr\u00fc Dr. Mustafa&nbsp; Er; \u201cSa\u011fl\u0131k ordusunun vazge\u00e7ilmezi t\u00fcm hem\u015firelerimizin 12 May\u0131s hem\u015fireler g\u00fcn\u00fcn\u00fc ve hem\u015fireler haftas\u0131n\u0131 kutlar\u0131m\u201c dedi.<\/p>\n\n\n\n<p>Haber Merkezi<\/p>\n","protected":false},"excerpt":{"rendered":"<p>Manavgat \u0130l\u00e7e Sa\u011fl\u0131k M\u00fcd\u00fcr\u00fc Dr. Mustafa Er 12-18 May\u0131s haftas\u0131 \u2018Hem\u015firelik Haftas\u0131\u2019n\u0131 kutlad\u0131. Florance Nightingale\u2019 in do\u011fum g\u00fcn\u00fc olan 12 May\u0131s t\u00fcm d\u00fcnyada &#8220;hem\u015fireler g\u00fcn\u00fc&#8221; <a href=\"https:\/\/akdenizhaber.com.tr\/index.php\/2024\/05\/15\/dr-mustafa-er-hemsireler-gununu-kutladi\/\" class=\"read-more-link\">[more&#8230;]<\/a><\/p>\n","protected":false},"author":2,"featured_media":23883,"comment_status":"open","ping_status":"open","sticky":false,"template":"","format":"standard","meta":{"footnotes":""},"categories":[2],"tags":[],"class_list":["post-23882","post","type-post","status-publish","format-standard","has-post-thumbnail","hentry","category-gundem"],"_links":{"self":[{"href":"https:\/\/akdenizhaber.com.tr\/index.php\/wp-json\/wp\/v2\/posts\/23882","targetHints":{"allow":["GET"]}}],"collection":[{"href":"https:\/\/akdenizhaber.com.tr\/index.php\/wp-json\/wp\/v2\/posts"}],"about":[{"href":"https:\/\/akdenizhaber.com.tr\/index.php\/wp-json\/wp\/v2\/types\/post"}],"author":[{"embeddable":true,"href":"https:\/\/akdenizhaber.com.tr\/index.php\/wp-json\/wp\/v2\/users\/2"}],"replies":[{"embeddable":true,"href":"https:\/\/akdenizhaber.com.tr\/index.php\/wp-json\/wp\/v2\/comments?post=23882"}],"version-history":[{"count":1,"href":"https:\/\/akdenizhaber.com.tr\/index.php\/wp-json\/wp\/v2\/posts\/23882\/revisions"}],"predecessor-version":[{"id":23884,"href":"https:\/\/akdenizhaber.com.tr\/index.php\/wp-json\/wp\/v2\/posts\/23882\/revisions\/23884"}],"wp:featuredmedia":[{"embeddable":true,"href":"https:\/\/akdenizhaber.com.tr\/index.php\/wp-json\/wp\/v2\/media\/23883"}],"wp:attachment":[{"href":"https:\/\/akdenizhaber.com.tr\/index.php\/wp-json\/wp\/v2\/media?parent=23882"}],"wp:term":[{"taxonomy":"category","embeddable":true,"href":"https:\/\/akdenizhaber.com.tr\/index.php\/wp-json\/wp\/v2\/categories?post=23882"},{"taxonomy":"post_tag","embeddable":true,"href":"https:\/\/akdenizhaber.com.tr\/index.php\/wp-json\/wp\/v2\/tags?post=23882"}],"curies":[{"name":"wp","href":"https:\/\/api.w.org\/{rel}","templated":true}]}}