{"id":23864,"date":"2024-05-15T12:51:02","date_gmt":"2024-05-15T09:51:02","guid":{"rendered":"https:\/\/akdenizhaber.com.tr\/?p=23864"},"modified":"2024-05-15T12:51:03","modified_gmt":"2024-05-15T09:51:03","slug":"baskan-kotan-ben-de-maas-almayacagim","status":"publish","type":"post","link":"https:\/\/akdenizhaber.com.tr\/index.php\/2024\/05\/15\/baskan-kotan-ben-de-maas-almayacagim\/","title":{"rendered":"Ba\u015fkan Kotan: Ben de maa\u015f almayaca\u011f\u0131m"},"content":{"rendered":"\n<p>Konyaalt\u0131 Belediye Ba\u015fkan\u0131 Cem Kotan, personelle yapt\u0131\u011f\u0131 toplant\u0131da belediyenin mali durumu hakk\u0131nda a\u00e7\u0131klamalarda bulundu. Ba\u015fkan Kotan, \u201cCiddi bir bor\u00e7 y\u00fck\u00fcm\u00fcz var. Elimizden geleni yap\u0131yoruz. Maa\u015flar\u0131n\u0131z\u0131n bir k\u0131sm\u0131n\u0131 bug\u00fcn yat\u0131raca\u011f\u0131z. Kalan\u0131 ise ay sonunda yat\u0131r\u0131lacak. T\u00fcm \u00e7al\u0131\u015fanlar maa\u015flar\u0131n\u0131n tamam\u0131n\u0131 alana kadar ben ve ba\u015fkan yard\u0131mc\u0131lar\u0131m da maa\u015f almayaca\u011f\u0131z. Anca beraber kanca beraber arkada\u015flar\u201d dedi<\/p>\n\n\n\n<p>Konyaalt\u0131 Belediye Ba\u015fkan\u0131 Cem Kotan, personelle toplant\u0131 yaparak belediyenin mali durumu hakk\u0131nda bilgi verdi. Mazbatay\u0131 ald\u0131ktan sonraki s\u00fcre\u00e7te tasarruf tedbirlerine ba\u015fvuruldu\u011funu belirten Ba\u015fkan Kotan, \u201cCiddi bir bor\u00e7 y\u00fck\u00fc var. Kamula\u015ft\u0131rmas\u0131z el atmalardan kaynakl\u0131 ve piyasaya olan bor\u00e7lardan dolay\u0131 bor\u00e7 y\u00fck\u00fcm\u00fcz \u00e7ok fazla. Tasarruf ve \u00f6deme planlar\u0131n\u0131 olu\u015fturmak i\u00e7in bir bu\u00e7uk ayd\u0131r gece g\u00fcnd\u00fcz \u00e7al\u0131\u015f\u0131yorum. Sabah saat 08.00\u2019de gelip gece saat 12.00\u2019de belediyeden \u00e7\u0131k\u0131yorum. Ba\u015fkan yard\u0131mc\u0131lar\u0131m\u0131z da m\u00fcd\u00fcrlerimiz de bu s\u00fcre\u00e7te \u00f6zveriyle \u00e7al\u0131\u015f\u0131yorlar. Konyaalt\u0131 Belediyesi\u2019ni fabrika ayarlar\u0131na d\u00f6nd\u00fcrene kadar da bu \u015fekilde gece g\u00fcnd\u00fcz \u00e7al\u0131\u015fmaya devam edece\u011fim\u201d dedi.&nbsp;&nbsp;<\/p>\n\n\n\n<p>ANCA BERABER KANCA BERABER&nbsp;<\/p>\n\n\n\n<p>Maa\u015flarla ilgili de personeli bilgilendiren Ba\u015fkan Cem Kotan, \u201cMaa\u015flar\u0131n\u0131z\u0131n bir k\u0131sm\u0131n\u0131 bug\u00fcn yat\u0131raca\u011f\u0131z. Kalan k\u0131sm\u0131 ise ay sonunda tamamlanacak. Buna mecburuz arkada\u015flar. T\u00fcm personel maa\u015flar\u0131n\u0131n tamam\u0131n\u0131 alana kadar ben ve iki belediye ba\u015fkan yard\u0131mc\u0131m da maa\u015f almayaca\u011f\u0131z. Bizler bu maa\u015flarla evlerimizi ge\u00e7indiriyoruz. Madem durum b\u00f6yle anca beraber kanca beraber arkada\u015flar\u201d dedi.&nbsp;<\/p>\n\n\n\n<p>SON \u00c7AREYD\u0130, \u00dcZG\u00dcN\u00dcM&nbsp;<\/p>\n\n\n\n<p>Belediyede ciddi anlamda personel fazlal\u0131\u011f\u0131 bulundu\u011funu, bununla alakal\u0131 da zorunlu olarak baz\u0131 personelin i\u015ften \u00e7\u0131kar\u0131ld\u0131\u011f\u0131n\u0131 dile getiren Ba\u015fkan Kotan \u015funlar\u0131 s\u00f6yledi:<\/p>\n\n\n\n<p>\u201c\u00dcz\u00fclerek s\u00f6yl\u00fcyorum ki baz\u0131 \u00e7al\u0131\u015fma arkada\u015flar\u0131m\u0131zla yollar\u0131m\u0131z\u0131 ay\u0131rmak zorunda kald\u0131k. Bunun i\u00e7in onlardan ger\u00e7ekten \u00f6z\u00fcr diliyorum. Ama en son \u00e7are buydu. \u0130halelerden \u00e7ekildik ya da ihaleleri azaltt\u0131k. Gelen suyun bile hesab\u0131n\u0131 yapmaya ba\u015flad\u0131k. Hizmet verdi\u011fimiz noktalardaki \u00fccretleri bir nebze olsun art\u0131rma yoluna gittik. Ara\u00e7lar\u0131 havuzlara \u00e7ektik. M\u00fcd\u00fcrlerimizden tasarruf tedbirleri ile alakal\u0131 destek istedik. Bir\u00e7ok konuda tasarrufa gittik. Son olarak \u00e7al\u0131\u015fma arkada\u015flar\u0131m\u0131zla alakal\u0131 kararlar almak zorunda kald\u0131k. Biriken bor\u00e7lar sebebiyle belediye art\u0131k bu mali tabloyu kald\u0131ramayacak durumda. \u00c7al\u0131\u015fma arkada\u015flar\u0131m\u0131zla yollar\u0131m\u0131z\u0131 ay\u0131rmaktan ziyade neler yapabiliriz noktas\u0131nda bir ayd\u0131r direniyoruz. Bu sorunun sebebi ben de\u011filim, benimle gelen siyasi arkada\u015flar\u0131m da de\u011fil. Ama bu i\u015fi biz \u00e7\u00f6zece\u011fiz. Gerekirse be\u015f ay maa\u015f almam. Sizin ge\u00e7 de olsa maa\u015flar\u0131n\u0131z\u0131 \u00f6derim. Sizden sadece i\u015finize motive olman\u0131z\u0131 istiyorum. Biz Konyaalt\u0131 halk\u0131na hizmet ediyoruz, \u00e7al\u0131\u015fmalar\u0131m\u0131za \u00f6zveri bir \u015fekilde devam edelim. Bu s\u00fcreci hep birlikte a\u015faca\u011f\u0131z ve Konyaalt\u0131 halk\u0131m\u0131za hizmetlerimizi s\u00fcrd\u00fcrece\u011fiz.\u201d&nbsp;<\/p>\n\n\n\n<p>Konyaalt\u0131 Belediyesi \/ B\u00fclten<\/p>\n","protected":false},"excerpt":{"rendered":"<p>Konyaalt\u0131 Belediye Ba\u015fkan\u0131 Cem Kotan, personelle yapt\u0131\u011f\u0131 toplant\u0131da belediyenin mali durumu hakk\u0131nda a\u00e7\u0131klamalarda bulundu. Ba\u015fkan Kotan, \u201cCiddi bir bor\u00e7 y\u00fck\u00fcm\u00fcz var. Elimizden geleni yap\u0131yoruz. Maa\u015flar\u0131n\u0131z\u0131n <a href=\"https:\/\/akdenizhaber.com.tr\/index.php\/2024\/05\/15\/baskan-kotan-ben-de-maas-almayacagim\/\" class=\"read-more-link\">[more&#8230;]<\/a><\/p>\n","protected":false},"author":2,"featured_media":23865,"comment_status":"open","ping_status":"open","sticky":false,"template":"","format":"standard","meta":{"footnotes":""},"categories":[2],"tags":[],"class_list":["post-23864","post","type-post","status-publish","format-standard","has-post-thumbnail","hentry","category-gundem"],"_links":{"self":[{"href":"https:\/\/akdenizhaber.com.tr\/index.php\/wp-json\/wp\/v2\/posts\/23864","targetHints":{"allow":["GET"]}}],"collection":[{"href":"https:\/\/akdenizhaber.com.tr\/index.php\/wp-json\/wp\/v2\/posts"}],"about":[{"href":"https:\/\/akdenizhaber.com.tr\/index.php\/wp-json\/wp\/v2\/types\/post"}],"author":[{"embeddable":true,"href":"https:\/\/akdenizhaber.com.tr\/index.php\/wp-json\/wp\/v2\/users\/2"}],"replies":[{"embeddable":true,"href":"https:\/\/akdenizhaber.com.tr\/index.php\/wp-json\/wp\/v2\/comments?post=23864"}],"version-history":[{"count":1,"href":"https:\/\/akdenizhaber.com.tr\/index.php\/wp-json\/wp\/v2\/posts\/23864\/revisions"}],"predecessor-version":[{"id":23866,"href":"https:\/\/akdenizhaber.com.tr\/index.php\/wp-json\/wp\/v2\/posts\/23864\/revisions\/23866"}],"wp:featuredmedia":[{"embeddable":true,"href":"https:\/\/akdenizhaber.com.tr\/index.php\/wp-json\/wp\/v2\/media\/23865"}],"wp:attachment":[{"href":"https:\/\/akdenizhaber.com.tr\/index.php\/wp-json\/wp\/v2\/media?parent=23864"}],"wp:term":[{"taxonomy":"category","embeddable":true,"href":"https:\/\/akdenizhaber.com.tr\/index.php\/wp-json\/wp\/v2\/categories?post=23864"},{"taxonomy":"post_tag","embeddable":true,"href":"https:\/\/akdenizhaber.com.tr\/index.php\/wp-json\/wp\/v2\/tags?post=23864"}],"curies":[{"name":"wp","href":"https:\/\/api.w.org\/{rel}","templated":true}]}}