{"id":23854,"date":"2024-05-14T13:37:27","date_gmt":"2024-05-14T10:37:27","guid":{"rendered":"https:\/\/akdenizhaber.com.tr\/?p=23854"},"modified":"2024-05-14T13:37:28","modified_gmt":"2024-05-14T10:37:28","slug":"manavgatta-80-yilinda-kirim-tatar-surgunu-konferansi","status":"publish","type":"post","link":"https:\/\/akdenizhaber.com.tr\/index.php\/2024\/05\/14\/manavgatta-80-yilinda-kirim-tatar-surgunu-konferansi\/","title":{"rendered":"Manavgat\u2019ta 80. Y\u0131l\u0131nda K\u0131r\u0131m Tatar S\u00fcrg\u00fcn\u00fc Konferans\u0131"},"content":{"rendered":"\n<p>K\u0131r\u0131m T\u00fcrkleri K\u00fclt\u00fcr ve Yard\u0131mla\u015fma Derne\u011fi-Manavgat \u015eubesi taraf\u0131ndan Manavgat Meslek Y\u00fcksekokulunda 18 May\u0131s K\u0131r\u0131m Tatar S\u00fcrg\u00fcn\u00fc\u2019n\u00fcn 80. y\u0131l d\u00f6n\u00fcm\u00fcnde K\u0131r\u0131m Tatarlar\u0131n\u0131n ac\u0131s\u0131n\u0131 bir kez daha hat\u0131rlatmak ve payla\u015fmak amac\u0131yla program d\u00fczenlendi.<\/p>\n\n\n\n<p>\u201c\u0130stiklal Mar\u015f\u0131\u201d ve K\u0131r\u0131m milli mar\u015f\u0131 \u201cAnt Etkenmen\u201din okunmas\u0131 ile ba\u015flayan konferansta konu\u015fan Dernek Ba\u015fkan\u0131 Di\u011fdem Ba\u015fak Ba\u015fk\u0131r \u00c7al\u0131\u015fkan, 18 May\u0131s 1944 de, 80. Y\u0131l \u00f6nce vatanlar\u0131ndan topyek\u00fbn s\u00fcrg\u00fcne g\u00f6nderilen K\u0131r\u0131m Tatarlar\u0131n\u0131n s\u00fcrg\u00fcn esnas\u0131nda ve s\u00fcrg\u00fcn b\u00f6lgelerinde ya\u015fad\u0131klar\u0131 drama de\u011findi.<\/p>\n\n\n\n<p>\u00c7al\u0131\u015fkan, S\u00fcrg\u00fcn esnas\u0131nda ve devam eden aylarda n\u00fcfuslar\u0131n\u0131n %46\u2019s\u0131n\u0131 kaybeden K\u0131r\u0131m Tatarlar\u0131n\u0131n durumunun iyile\u015ftirilmesine y\u00f6nelik sorumlulardan en ufak bir yard\u0131m gelmedi\u011fini ifade etti.<\/p>\n\n\n\n<p>B\u00fc\u015fra Deveci \/ Haber<\/p>\n","protected":false},"excerpt":{"rendered":"<p>K\u0131r\u0131m T\u00fcrkleri K\u00fclt\u00fcr ve Yard\u0131mla\u015fma Derne\u011fi-Manavgat \u015eubesi taraf\u0131ndan Manavgat Meslek Y\u00fcksekokulunda 18 May\u0131s K\u0131r\u0131m Tatar S\u00fcrg\u00fcn\u00fc\u2019n\u00fcn 80. y\u0131l d\u00f6n\u00fcm\u00fcnde K\u0131r\u0131m Tatarlar\u0131n\u0131n ac\u0131s\u0131n\u0131 bir kez daha <a href=\"https:\/\/akdenizhaber.com.tr\/index.php\/2024\/05\/14\/manavgatta-80-yilinda-kirim-tatar-surgunu-konferansi\/\" class=\"read-more-link\">[more&#8230;]<\/a><\/p>\n","protected":false},"author":2,"featured_media":23855,"comment_status":"open","ping_status":"open","sticky":false,"template":"","format":"standard","meta":{"footnotes":""},"categories":[2],"tags":[],"class_list":["post-23854","post","type-post","status-publish","format-standard","has-post-thumbnail","hentry","category-gundem"],"_links":{"self":[{"href":"https:\/\/akdenizhaber.com.tr\/index.php\/wp-json\/wp\/v2\/posts\/23854","targetHints":{"allow":["GET"]}}],"collection":[{"href":"https:\/\/akdenizhaber.com.tr\/index.php\/wp-json\/wp\/v2\/posts"}],"about":[{"href":"https:\/\/akdenizhaber.com.tr\/index.php\/wp-json\/wp\/v2\/types\/post"}],"author":[{"embeddable":true,"href":"https:\/\/akdenizhaber.com.tr\/index.php\/wp-json\/wp\/v2\/users\/2"}],"replies":[{"embeddable":true,"href":"https:\/\/akdenizhaber.com.tr\/index.php\/wp-json\/wp\/v2\/comments?post=23854"}],"version-history":[{"count":1,"href":"https:\/\/akdenizhaber.com.tr\/index.php\/wp-json\/wp\/v2\/posts\/23854\/revisions"}],"predecessor-version":[{"id":23856,"href":"https:\/\/akdenizhaber.com.tr\/index.php\/wp-json\/wp\/v2\/posts\/23854\/revisions\/23856"}],"wp:featuredmedia":[{"embeddable":true,"href":"https:\/\/akdenizhaber.com.tr\/index.php\/wp-json\/wp\/v2\/media\/23855"}],"wp:attachment":[{"href":"https:\/\/akdenizhaber.com.tr\/index.php\/wp-json\/wp\/v2\/media?parent=23854"}],"wp:term":[{"taxonomy":"category","embeddable":true,"href":"https:\/\/akdenizhaber.com.tr\/index.php\/wp-json\/wp\/v2\/categories?post=23854"},{"taxonomy":"post_tag","embeddable":true,"href":"https:\/\/akdenizhaber.com.tr\/index.php\/wp-json\/wp\/v2\/tags?post=23854"}],"curies":[{"name":"wp","href":"https:\/\/api.w.org\/{rel}","templated":true}]}}