{"id":23852,"date":"2024-05-14T13:37:00","date_gmt":"2024-05-14T10:37:00","guid":{"rendered":"https:\/\/akdenizhaber.com.tr\/?p=23852"},"modified":"2024-05-14T13:37:00","modified_gmt":"2024-05-14T10:37:00","slug":"baskanin-ilk-sinavi","status":"publish","type":"post","link":"https:\/\/akdenizhaber.com.tr\/index.php\/2024\/05\/14\/baskanin-ilk-sinavi\/","title":{"rendered":"BA\u015eKAN\u2019IN \u0130LK SINAVI.."},"content":{"rendered":"\n<p>31 Mart 2024 tarihinde yap\u0131lan yerel se\u00e7imlerde Manavgat Belediye ba\u015fkan\u0131 se\u00e7ildi Doktor Niyazi Nefi Kara..<br>4 Nisan sabah\u0131 ise g\u00f6revi devir alm\u0131\u015ft\u0131, daha koltu\u011fa oturmadan 4 Nisan 2012 tarihinde Hakk\u00e2ri \u015eemdinli il\u00e7esine ba\u011fl\u0131 Derecik beldesinde 28 ya\u015f\u0131nda \u015fehit olan Jandarma \u00dcste\u011fmen Ahmet Ozan \u015earlak\u2019\u0131n Hisar mezarl\u0131\u011f\u0131ndaki anma t\u00f6renine kat\u0131ld\u0131.<br>Daha sonra annesi \u00dcnzile Kara ile babas\u0131 Ali Kara\u2019n\u0131n Hat\u0131plardaki mezarlar\u0131n\u0131 ziyaret ederek ana ve babas\u0131n\u0131n hay\u0131r dualar\u0131 ile i\u015fe ba\u015flad\u0131..<br>Bir evlad\u0131n en \u00f6nemli g\u00f6revi kendini yeti\u015ftiren anne ve babas\u0131na olan minnet borcunu \u00f6demektir,Doktor Niyazi Nefi Kara\u2019da aynen \u00f6yle yapt\u0131..<br>Hay\u0131r dualarla ba\u015flad\u0131 i\u015fe..<br>Koltu\u011funa oturdu\u011funda ise kuca\u011f\u0131nda bir \u00e7ok sorun bulmakla birlikte \u00f6nemli bir etkinlik bekliyordu kendisini..<br>\u201c11. Manavgat Belediyesi Ya\u011fl\u0131 Pehlivan G\u00fcre\u015fleri\u201d ..<br>Ya\u011fl\u0131 g\u00fcre\u015fler \u00f6ncesi ilk bombay\u0131 patlatt\u0131 Ba\u015fkan Niyazi Nefi Kara..Ya\u011fl\u0131 g\u00fcre\u015flerin mega star\u0131 ba\u015fpehlivan Ali G\u00fcrb\u00fcz\u2019\u00fcn Manavgat Belediyespor g\u00fcre\u015f\u00e7isi oldu\u011funu a\u00e7\u0131klayarak hedefte K\u0131rkp\u0131nar g\u00fcre\u015flerinde Manavgat Belediyespor\u2019un b\u00fcy\u00fck hedefleri oldu\u011funu a\u00e7\u0131klad\u0131..<br>Ard\u0131ndan beklenen g\u00fcn geldi \u00e7att\u0131..T\u00fcm Manavgat Belediyesi ekipleri adeta seferberlik ilan edercesine ya\u011fl\u0131 g\u00fcre\u015f etkinliklerinden ba\u015far\u0131yla \u00e7\u0131kmay\u0131 hedeflemi\u015fti.<br>10 \u2013 12 May\u0131s tarihleri aras\u0131nda yap\u0131lmas\u0131 planlanan g\u00fcre\u015fler hava muhalefeti nedeniyle ya\u011fl\u0131 g\u00fcre\u015f tarihinde bir ilke imza atarak Pazartesi g\u00fcn\u00fc ak\u015fam\u0131 ge\u00e7 saatlere kadar devam etti.<br>Ya\u011fmur, r\u00fczgar, f\u0131rt\u0131naya kar\u015f\u0131n Manavgat Belediyesinin alm\u0131\u015f oldu\u011fu \u00f6nlemler g\u00fcre\u015flere kat\u0131lanlar taraf\u0131ndan takdirle kar\u015f\u0131land\u0131.<br>\u0130ki bine yakla\u015fan pehlivan say\u0131s\u0131na bir o kadarda yak\u0131nlar\u0131n\u0131 ekleyecek olur isek Manavgat yakla\u015f\u0131k be\u015f bin ki\u015fiye ev sahipli\u011fi yapt\u0131.<br>\u00dclke genelinde ve Avrupa\u2019da Manavgat ismi bir kez daha \u00f6n saflara \u00e7\u0131km\u0131\u015f oldu..<br>T\u00fcrkiye Geleneksel G\u00fcre\u015fler Federasyonu ba\u015fkan\u0131 \u0130brahim T\u00fcrki\u015f ve CW enerji y\u00f6netim kurulu ba\u015fkan\u0131 Tar\u0131k Sarvan t\u00fcm k\u00f6t\u00fc hava ko\u015fullar\u0131na kar\u015f\u0131n organizasyonda b\u00fcy\u00fck bir s\u0131nav veren ve s\u0131nav\u0131 ba\u015far\u0131yla ge\u00e7en Manavgat Belediye ba\u015fkan\u0131 Doktor Niyazi Nefi Kara ile eme\u011fi ge\u00e7en herkesi y\u00fcrekten kutlad\u0131lar.<br>G\u00fcre\u015f a\u011fas\u0131 Hasan \u00d6zden\u2019den, organizasyon ekibindeki t\u00fcm isimlere kadar s\u0131navda b\u00fcy\u00fck eme\u011fi olan insanlar olarak g\u00f6ze batan isimler oldular..<br>Tabiri caiz ise \u00e7i\u00e7e\u011fi burnundaki belediye ba\u015fkan\u0131m\u0131z Doktor Niyazi Nefi Kara,yorgan\u0131,d\u00f6\u015fe\u011fi Il\u0131ca stadyumuna sermi\u015f izlenimi verdi..<br>D\u00f6rt g\u00fcnl\u00fck s\u00fcre\u00e7te bir an olsun bile ayr\u0131lmad\u0131..<br>Tek tek misafirlerle ilgilenmenin yan\u0131 s\u0131ra t\u00fcm gidi\u015fatta y\u00fcre\u011fini koymu\u015f bir ba\u015fkan izledik..<br>Sizin anlayaca\u011f\u0131n\u0131z Doktor Niyazi Nefi Kara ilk s\u0131nav\u0131ndan ba\u015far\u0131yla ayr\u0131lmakla birlikte tarihe imza atan bir ba\u015fkan oldu..<br>Ba\u015fta Ba\u015fkan Niyazi Nefi Kara,G\u00fcre\u015f a\u011fam\u0131z Hasan \u00d6zden,otellerini ve y\u00fcreklerini Manavgat ad\u0131na konuklara a\u00e7an t\u00fcm turizmcilere,emekleri ge\u00e7en herkese Manavgat ad\u0131na y\u00fczlerce kez te\u015fekk\u00fcrler..<br>Haydi, kal\u0131n sa\u011fl\u0131cakla.<br>Her \u015fey y\u00fcre\u011finize g\u00f6re olsun..<\/p>\n","protected":false},"excerpt":{"rendered":"<p>31 Mart 2024 tarihinde yap\u0131lan yerel se\u00e7imlerde Manavgat Belediye ba\u015fkan\u0131 se\u00e7ildi Doktor Niyazi Nefi Kara..4 Nisan sabah\u0131 ise g\u00f6revi devir alm\u0131\u015ft\u0131, daha koltu\u011fa oturmadan 4 <a href=\"https:\/\/akdenizhaber.com.tr\/index.php\/2024\/05\/14\/baskanin-ilk-sinavi\/\" class=\"read-more-link\">[more&#8230;]<\/a><\/p>\n","protected":false},"author":2,"featured_media":23453,"comment_status":"open","ping_status":"open","sticky":false,"template":"","format":"standard","meta":{"footnotes":""},"categories":[2],"tags":[],"class_list":["post-23852","post","type-post","status-publish","format-standard","has-post-thumbnail","hentry","category-gundem"],"_links":{"self":[{"href":"https:\/\/akdenizhaber.com.tr\/index.php\/wp-json\/wp\/v2\/posts\/23852","targetHints":{"allow":["GET"]}}],"collection":[{"href":"https:\/\/akdenizhaber.com.tr\/index.php\/wp-json\/wp\/v2\/posts"}],"about":[{"href":"https:\/\/akdenizhaber.com.tr\/index.php\/wp-json\/wp\/v2\/types\/post"}],"author":[{"embeddable":true,"href":"https:\/\/akdenizhaber.com.tr\/index.php\/wp-json\/wp\/v2\/users\/2"}],"replies":[{"embeddable":true,"href":"https:\/\/akdenizhaber.com.tr\/index.php\/wp-json\/wp\/v2\/comments?post=23852"}],"version-history":[{"count":1,"href":"https:\/\/akdenizhaber.com.tr\/index.php\/wp-json\/wp\/v2\/posts\/23852\/revisions"}],"predecessor-version":[{"id":23853,"href":"https:\/\/akdenizhaber.com.tr\/index.php\/wp-json\/wp\/v2\/posts\/23852\/revisions\/23853"}],"wp:featuredmedia":[{"embeddable":true,"href":"https:\/\/akdenizhaber.com.tr\/index.php\/wp-json\/wp\/v2\/media\/23453"}],"wp:attachment":[{"href":"https:\/\/akdenizhaber.com.tr\/index.php\/wp-json\/wp\/v2\/media?parent=23852"}],"wp:term":[{"taxonomy":"category","embeddable":true,"href":"https:\/\/akdenizhaber.com.tr\/index.php\/wp-json\/wp\/v2\/categories?post=23852"},{"taxonomy":"post_tag","embeddable":true,"href":"https:\/\/akdenizhaber.com.tr\/index.php\/wp-json\/wp\/v2\/tags?post=23852"}],"curies":[{"name":"wp","href":"https:\/\/api.w.org\/{rel}","templated":true}]}}